{"id":32823,"date":"2025-08-23T11:00:18","date_gmt":"2025-08-23T09:00:18","guid":{"rendered":"http:\/\/sc-weisse-dame.de\/v3\/?p=32823"},"modified":"2025-09-01T13:16:47","modified_gmt":"2025-09-01T11:16:47","slug":"einladung-zur-ausserordentlichen-mitgliederversammlung-am-29-08","status":"publish","type":"post","link":"http:\/\/sc-weisse-dame.de\/v3\/2025\/08\/einladung-zur-ausserordentlichen-mitgliederversammlung-am-29-08\/","title":{"rendered":"Fr., 29.08.25: Au\u00dferordentliche Mitgliederversammlung &#8211; Kurzbericht"},"content":{"rendered":"<h5>Au\u00dferordentliche Mitgliederversammlung &#8211; Kurzbericht<\/h5>\n<p>Mit der <strong>Wahl des 1. Vorsitzenden<\/strong> <span style=\"color: #0000ff;\"><strong>Bastian Deubler<\/strong><\/span> beendete die <strong><span style=\"color: #000000;\">Weisse Dame<\/span><\/strong> eine kurze \u00dcbergangszeit nach dem Ausscheiden seines Amtsvorg\u00e4ngers <span style=\"color: #0000ff;\"><strong>Kai-Gerrit Venske<\/strong><\/span>. Ebenfalls neu gew\u00e4hlt wurde <span style=\"color: #0000ff;\"><strong>Martin Sechting<\/strong><\/span> als <strong>Referent f\u00fcr die Unterst\u00fctzung des Spielleiters (extern)<\/strong>. Ein Upgrade zum <strong>Beisitzer<\/strong> (<strong>Spielleiter extern<\/strong>) erfuhr <span style=\"color: #0000ff;\"><strong>Christian Greiser<\/strong><\/span>, der vorher als Referent f\u00fcr den gleichen Aufgabenbereich t\u00e4tig war. Alle drei Wahlen erfolgten einstimmig bei jeweils einer Enthaltung.<\/p>\n<p>Ein <strong>Antrag auf Satzungs\u00e4nderung<\/strong> (<span style=\"color: #000080;\"><em>&#8222;Einf\u00fchrung eines 3. Vorsitzenden&#8220;<\/em><\/span>) wurde vom Antragsteller <strong>zur\u00fcckgezogen<\/strong> und von der Mitgliederversammlung zur \u00dcberarbeitung an eine noch zu bildende Satzungskommission verwiesen. Diese wird einen entsprechenden Vorschlag bis zur kommenden Mitgliederversammlung ausarbeiten.<\/p>\n<p>&nbsp;<\/p>\n<figure id=\"attachment_32879\" aria-describedby=\"caption-attachment-32879\" style=\"width: 1000px\" class=\"wp-caption aligncenter\"><img loading=\"lazy\" decoding=\"async\" class=\"wp-image-32879\" src=\"http:\/\/sc-weisse-dame.de\/v3\/wp-content\/uploads\/2025\/08\/2025-ao-MV-Vorstand-Foto-20250829_2221271-scaled.jpg\" alt=\"\" width=\"1000\" height=\"769\" srcset=\"http:\/\/sc-weisse-dame.de\/v3\/wp-content\/uploads\/2025\/08\/2025-ao-MV-Vorstand-Foto-20250829_2221271-scaled.jpg 2560w, http:\/\/sc-weisse-dame.de\/v3\/wp-content\/uploads\/2025\/08\/2025-ao-MV-Vorstand-Foto-20250829_2221271-600x461.jpg 600w, http:\/\/sc-weisse-dame.de\/v3\/wp-content\/uploads\/2025\/08\/2025-ao-MV-Vorstand-Foto-20250829_2221271-1536x1181.jpg 1536w, http:\/\/sc-weisse-dame.de\/v3\/wp-content\/uploads\/2025\/08\/2025-ao-MV-Vorstand-Foto-20250829_2221271-2048x1574.jpg 2048w\" sizes=\"auto, (max-width: 1000px) 100vw, 1000px\" \/><figcaption id=\"caption-attachment-32879\" class=\"wp-caption-text\">Von links nach rechts: Martin Sechting (Referent), Thorsten Gro\u00df (Beisitzer), Carsten Miemietz (Kassenwart), Kai-Gerrit Venske (ehemaliger 1. Vorsitzender), Christian Greiser (Beisitzer), Bastian Deubler (1. Vorsitzender), Ingo Abraham (Schriftf\u00fchrer), Kathrin Lasko (Referentin), Ralf Mohrmann (Referent), Johannes St\u00f6ckel (Jugendwart) und Dennis Bertuch (Beisitzer). <span style=\"color: #999999;\">(Foto: Cord Wischh\u00f6fer)<\/span><\/figcaption><\/figure>\n<hr \/>\n<p><!--more--><\/p>\n<h5>Einladung zur au\u00dferordentlichen Mitgliederversammlung am 29.08.<\/h5>\n<p>Liebe Mitglieder des SC Weisse Dame,<\/p>\n<p>leider konnte auf der diesj\u00e4hrigen ordentlichen Mitgliederversammlung am 27.06.2025 das Amt des 1. Vorsitzenden nicht besetzt werden.<\/p>\n<p>Da die Besetzung dieses Amtes eine zwingende Notwendigkeit ist, l\u00e4dt der Vorstand des SC Weisse Dame zu einer au\u00dferordentlichen Mitgliederversammlung am <strong>Freitag, den 29.08.<\/strong> ein, mit dem haupts\u00e4chlichen Ziel, einen 1. Vorsitzenden zu w\u00e4hlen.<\/p>\n<p><strong>Ort:<\/strong> Haus am Lietzensee, Herbartstra\u00dfe. 25, 14057 Berlin<br \/>\n<strong>Beginn:<\/strong> 19:30 Uhr<\/p>\n<p>Die folgende <strong>Tagesordnung<\/strong> ist geplant:<\/p>\n<ol>\n<li>\n<p>Begr\u00fc\u00dfung und Feststellung der Tagesordnung<\/p>\n<\/li>\n<li>\n<p>Best\u00e4tigung des Protokolls der ordentlichen Mitgliederversammlung vom 27.06.2025<\/p>\n<\/li>\n<li>\n<p>Antr\u00e4ge der Mitglieder<br \/>\na) Antrag auf Satzungs\u00e4nderung hinsichtlich eines\/einer dritten Vorsitzenden<\/p>\n<\/li>\n<li>\n<p>Wahl von Vorstandsmitgliedern<br \/>\na) Erster Vorsitzender<br \/>\nb) Dritter Vorsitzender (vgl. Punkt 3a)<br \/>\nc) Beisitzer<br \/>\nd) Referenten<\/p>\n<\/li>\n<li>\n<p>Aussprache zu Themen<\/p>\n<\/li>\n<\/ol>\n<p>Das Protokoll der ordentlichen Mitgliederversammlung vom 27.06.2025 sowie der Antrag gem\u00e4\u00df Punkt 3.1 wurde allen Mitgliedern per E-Mail \u00fcbersendet.<\/p>\n<p>Im Auftrag des Vorstands des SC Weisse Dame und<br \/>\nmit freundlichen Gr\u00fc\u00dfen<\/p>\n<p>Ingo Abraham<br \/>\n(Schriftf\u00fchrer)<\/p>\n","protected":false},"excerpt":{"rendered":"<p>Au\u00dferordentliche Mitgliederversammlung &#8211; Kurzbericht Mit der Wahl des 1. Vorsitzenden Bastian Deubler beendete die Weisse Dame eine kurze \u00dcbergangszeit nach dem Ausscheiden seines Amtsvorg\u00e4ngers Kai-Gerrit Venske. Ebenfalls neu gew\u00e4hlt wurde &hellip; <a href=\"http:\/\/sc-weisse-dame.de\/v3\/2025\/08\/einladung-zur-ausserordentlichen-mitgliederversammlung-am-29-08\/\" class=\"more-link\"><span class=\"screen-reader-text\">Fr., 29.08.25: Au\u00dferordentliche Mitgliederversammlung &#8211; Kurzbericht<\/span> weiterlesen <span class=\"meta-nav\">&rarr;<\/span><\/a><\/p>\n","protected":false},"author":5,"featured_media":0,"comment_status":"closed","ping_status":"closed","sticky":false,"template":"","format":"standard","meta":{"_price":"","_stock":"","_tribe_ticket_header":"","_tribe_default_ticket_provider":"","_tribe_ticket_capacity":"0","_ticket_start_date":"","_ticket_end_date":"","_tribe_ticket_show_description":"","_tribe_ticket_show_not_going":false,"_tribe_ticket_use_global_stock":"","_tribe_ticket_global_stock_level":"","_global_stock_mode":"","_global_stock_cap":"","_tribe_rsvp_for_event":"","_tribe_ticket_going_count":"","_tribe_ticket_not_going_count":"","_tribe_tickets_list":"[]","_tribe_ticket_has_attendee_info_fields":false,"footnotes":""},"categories":[34,77],"tags":[],"coauthors":[50,69],"class_list":["post-32823","post","type-post","status-publish","format-standard","hentry","category-alles-ausser-schach","category-organisatorisches"],"yoast_head":"<!-- This site is optimized with the Yoast SEO plugin v27.4 - https:\/\/yoast.com\/product\/yoast-seo-wordpress\/ -->\n<title>Fr., 29.08.25: Au\u00dferordentliche Mitgliederversammlung - Kurzbericht - SC Weisse Dame e. V.<\/title>\n<meta name=\"robots\" content=\"index, follow, max-snippet:-1, max-image-preview:large, max-video-preview:-1\" \/>\n<link rel=\"canonical\" href=\"http:\/\/sc-weisse-dame.de\/v3\/2025\/08\/einladung-zur-ausserordentlichen-mitgliederversammlung-am-29-08\/\" \/>\n<meta property=\"og:locale\" content=\"de_DE\" \/>\n<meta property=\"og:type\" content=\"article\" \/>\n<meta property=\"og:title\" content=\"Fr., 29.08.25: Au\u00dferordentliche Mitgliederversammlung - Kurzbericht - SC Weisse Dame e. V.\" \/>\n<meta property=\"og:description\" content=\"Au\u00dferordentliche Mitgliederversammlung &#8211; Kurzbericht Mit der Wahl des 1. Vorsitzenden Bastian Deubler beendete die Weisse Dame eine kurze \u00dcbergangszeit nach dem Ausscheiden seines Amtsvorg\u00e4ngers Kai-Gerrit Venske. Ebenfalls neu gew\u00e4hlt wurde &hellip; Fr., 29.08.25: Au\u00dferordentliche Mitgliederversammlung &#8211; Kurzbericht weiterlesen &rarr;\" \/>\n<meta property=\"og:url\" content=\"http:\/\/sc-weisse-dame.de\/v3\/2025\/08\/einladung-zur-ausserordentlichen-mitgliederversammlung-am-29-08\/\" \/>\n<meta property=\"og:site_name\" content=\"SC Weisse Dame e. V.\" \/>\n<meta property=\"article:published_time\" content=\"2025-08-23T09:00:18+00:00\" \/>\n<meta property=\"article:modified_time\" content=\"2025-09-01T11:16:47+00:00\" \/>\n<meta property=\"og:image\" content=\"http:\/\/sc-weisse-dame.de\/v3\/wp-content\/uploads\/2025\/08\/2025-ao-MV-Vorstand-Foto-20250829_2221271-scaled.jpg\" \/>\n\t<meta property=\"og:image:width\" content=\"2560\" \/>\n\t<meta property=\"og:image:height\" content=\"1968\" \/>\n\t<meta property=\"og:image:type\" content=\"image\/jpeg\" \/>\n<meta name=\"author\" content=\"Christian Greiser, Vorstand SC Weisse Dame\" \/>\n<meta name=\"twitter:card\" content=\"summary_large_image\" \/>\n<meta name=\"twitter:label1\" content=\"Verfasst von\" \/>\n\t<meta name=\"twitter:data1\" content=\"Christian Greiser\" \/>\n\t<meta name=\"twitter:label2\" content=\"Gesch\u00e4tzte Lesezeit\" \/>\n\t<meta name=\"twitter:data2\" content=\"2\u00a0Minuten\" \/>\n\t<meta name=\"twitter:label3\" content=\"Written by\" \/>\n\t<meta name=\"twitter:data3\" content=\"Christian Greiser, Vorstand SC Weisse Dame\" \/>\n<script type=\"application\/ld+json\" class=\"yoast-schema-graph\">{\"@context\":\"https:\\\/\\\/schema.org\",\"@graph\":[{\"@type\":\"Article\",\"@id\":\"http:\\\/\\\/sc-weisse-dame.de\\\/v3\\\/2025\\\/08\\\/einladung-zur-ausserordentlichen-mitgliederversammlung-am-29-08\\\/#article\",\"isPartOf\":{\"@id\":\"http:\\\/\\\/sc-weisse-dame.de\\\/v3\\\/2025\\\/08\\\/einladung-zur-ausserordentlichen-mitgliederversammlung-am-29-08\\\/\"},\"author\":{\"name\":\"Christian Greiser\",\"@id\":\"http:\\\/\\\/sc-weisse-dame.de\\\/v3\\\/#\\\/schema\\\/person\\\/c262da3a19176713e7a6632f64caa946\"},\"headline\":\"Fr., 29.08.25: Au\u00dferordentliche Mitgliederversammlung &#8211; Kurzbericht\",\"datePublished\":\"2025-08-23T09:00:18+00:00\",\"dateModified\":\"2025-09-01T11:16:47+00:00\",\"mainEntityOfPage\":{\"@id\":\"http:\\\/\\\/sc-weisse-dame.de\\\/v3\\\/2025\\\/08\\\/einladung-zur-ausserordentlichen-mitgliederversammlung-am-29-08\\\/\"},\"wordCount\":329,\"image\":{\"@id\":\"http:\\\/\\\/sc-weisse-dame.de\\\/v3\\\/2025\\\/08\\\/einladung-zur-ausserordentlichen-mitgliederversammlung-am-29-08\\\/#primaryimage\"},\"thumbnailUrl\":\"http:\\\/\\\/sc-weisse-dame.de\\\/v3\\\/wp-content\\\/uploads\\\/2025\\\/08\\\/2025-ao-MV-Vorstand-Foto-20250829_2221271-scaled.jpg\",\"articleSection\":[\"Alles au\u00dfer Schach\",\"Organisatorisches\"],\"inLanguage\":\"de\"},{\"@type\":\"WebPage\",\"@id\":\"http:\\\/\\\/sc-weisse-dame.de\\\/v3\\\/2025\\\/08\\\/einladung-zur-ausserordentlichen-mitgliederversammlung-am-29-08\\\/\",\"url\":\"http:\\\/\\\/sc-weisse-dame.de\\\/v3\\\/2025\\\/08\\\/einladung-zur-ausserordentlichen-mitgliederversammlung-am-29-08\\\/\",\"name\":\"Fr., 29.08.25: Au\u00dferordentliche Mitgliederversammlung - Kurzbericht - SC Weisse Dame e. V.\",\"isPartOf\":{\"@id\":\"http:\\\/\\\/sc-weisse-dame.de\\\/v3\\\/#website\"},\"primaryImageOfPage\":{\"@id\":\"http:\\\/\\\/sc-weisse-dame.de\\\/v3\\\/2025\\\/08\\\/einladung-zur-ausserordentlichen-mitgliederversammlung-am-29-08\\\/#primaryimage\"},\"image\":{\"@id\":\"http:\\\/\\\/sc-weisse-dame.de\\\/v3\\\/2025\\\/08\\\/einladung-zur-ausserordentlichen-mitgliederversammlung-am-29-08\\\/#primaryimage\"},\"thumbnailUrl\":\"http:\\\/\\\/sc-weisse-dame.de\\\/v3\\\/wp-content\\\/uploads\\\/2025\\\/08\\\/2025-ao-MV-Vorstand-Foto-20250829_2221271-scaled.jpg\",\"datePublished\":\"2025-08-23T09:00:18+00:00\",\"dateModified\":\"2025-09-01T11:16:47+00:00\",\"author\":{\"@id\":\"http:\\\/\\\/sc-weisse-dame.de\\\/v3\\\/#\\\/schema\\\/person\\\/c262da3a19176713e7a6632f64caa946\"},\"breadcrumb\":{\"@id\":\"http:\\\/\\\/sc-weisse-dame.de\\\/v3\\\/2025\\\/08\\\/einladung-zur-ausserordentlichen-mitgliederversammlung-am-29-08\\\/#breadcrumb\"},\"inLanguage\":\"de\",\"potentialAction\":[{\"@type\":\"ReadAction\",\"target\":[\"http:\\\/\\\/sc-weisse-dame.de\\\/v3\\\/2025\\\/08\\\/einladung-zur-ausserordentlichen-mitgliederversammlung-am-29-08\\\/\"]}]},{\"@type\":\"ImageObject\",\"inLanguage\":\"de\",\"@id\":\"http:\\\/\\\/sc-weisse-dame.de\\\/v3\\\/2025\\\/08\\\/einladung-zur-ausserordentlichen-mitgliederversammlung-am-29-08\\\/#primaryimage\",\"url\":\"http:\\\/\\\/sc-weisse-dame.de\\\/v3\\\/wp-content\\\/uploads\\\/2025\\\/08\\\/2025-ao-MV-Vorstand-Foto-20250829_2221271-scaled.jpg\",\"contentUrl\":\"http:\\\/\\\/sc-weisse-dame.de\\\/v3\\\/wp-content\\\/uploads\\\/2025\\\/08\\\/2025-ao-MV-Vorstand-Foto-20250829_2221271-scaled.jpg\",\"width\":2560,\"height\":1968},{\"@type\":\"BreadcrumbList\",\"@id\":\"http:\\\/\\\/sc-weisse-dame.de\\\/v3\\\/2025\\\/08\\\/einladung-zur-ausserordentlichen-mitgliederversammlung-am-29-08\\\/#breadcrumb\",\"itemListElement\":[{\"@type\":\"ListItem\",\"position\":1,\"name\":\"Startseite\",\"item\":\"http:\\\/\\\/sc-weisse-dame.de\\\/v3\\\/\"},{\"@type\":\"ListItem\",\"position\":2,\"name\":\"Fr., 29.08.25: Au\u00dferordentliche Mitgliederversammlung &#8211; Kurzbericht\"}]},{\"@type\":\"WebSite\",\"@id\":\"http:\\\/\\\/sc-weisse-dame.de\\\/v3\\\/#website\",\"url\":\"http:\\\/\\\/sc-weisse-dame.de\\\/v3\\\/\",\"name\":\"SC Weisse Dame e. V.\",\"description\":\"Herzlich Willkommen!\",\"potentialAction\":[{\"@type\":\"SearchAction\",\"target\":{\"@type\":\"EntryPoint\",\"urlTemplate\":\"http:\\\/\\\/sc-weisse-dame.de\\\/v3\\\/?s={search_term_string}\"},\"query-input\":{\"@type\":\"PropertyValueSpecification\",\"valueRequired\":true,\"valueName\":\"search_term_string\"}}],\"inLanguage\":\"de\"},{\"@type\":\"Person\",\"@id\":\"http:\\\/\\\/sc-weisse-dame.de\\\/v3\\\/#\\\/schema\\\/person\\\/c262da3a19176713e7a6632f64caa946\",\"name\":\"Christian Greiser\",\"url\":\"http:\\\/\\\/sc-weisse-dame.de\\\/v3\\\/author\\\/christian_greiser\\\/\"}]}<\/script>\n<!-- \/ Yoast SEO plugin. -->","yoast_head_json":{"title":"Fr., 29.08.25: Au\u00dferordentliche Mitgliederversammlung - Kurzbericht - SC Weisse Dame e. V.","robots":{"index":"index","follow":"follow","max-snippet":"max-snippet:-1","max-image-preview":"max-image-preview:large","max-video-preview":"max-video-preview:-1"},"canonical":"http:\/\/sc-weisse-dame.de\/v3\/2025\/08\/einladung-zur-ausserordentlichen-mitgliederversammlung-am-29-08\/","og_locale":"de_DE","og_type":"article","og_title":"Fr., 29.08.25: Au\u00dferordentliche Mitgliederversammlung - Kurzbericht - SC Weisse Dame e. V.","og_description":"Au\u00dferordentliche Mitgliederversammlung &#8211; Kurzbericht Mit der Wahl des 1. Vorsitzenden Bastian Deubler beendete die Weisse Dame eine kurze \u00dcbergangszeit nach dem Ausscheiden seines Amtsvorg\u00e4ngers Kai-Gerrit Venske. Ebenfalls neu gew\u00e4hlt wurde &hellip; Fr., 29.08.25: Au\u00dferordentliche Mitgliederversammlung &#8211; Kurzbericht weiterlesen &rarr;","og_url":"http:\/\/sc-weisse-dame.de\/v3\/2025\/08\/einladung-zur-ausserordentlichen-mitgliederversammlung-am-29-08\/","og_site_name":"SC Weisse Dame e. V.","article_published_time":"2025-08-23T09:00:18+00:00","article_modified_time":"2025-09-01T11:16:47+00:00","og_image":[{"width":2560,"height":1968,"url":"http:\/\/sc-weisse-dame.de\/v3\/wp-content\/uploads\/2025\/08\/2025-ao-MV-Vorstand-Foto-20250829_2221271-scaled.jpg","type":"image\/jpeg"}],"author":"Christian Greiser, Vorstand SC Weisse Dame","twitter_card":"summary_large_image","twitter_misc":{"Verfasst von":"Christian Greiser","Gesch\u00e4tzte Lesezeit":"2\u00a0Minuten","Written by":"Christian Greiser, Vorstand SC Weisse Dame"},"schema":{"@context":"https:\/\/schema.org","@graph":[{"@type":"Article","@id":"http:\/\/sc-weisse-dame.de\/v3\/2025\/08\/einladung-zur-ausserordentlichen-mitgliederversammlung-am-29-08\/#article","isPartOf":{"@id":"http:\/\/sc-weisse-dame.de\/v3\/2025\/08\/einladung-zur-ausserordentlichen-mitgliederversammlung-am-29-08\/"},"author":{"name":"Christian Greiser","@id":"http:\/\/sc-weisse-dame.de\/v3\/#\/schema\/person\/c262da3a19176713e7a6632f64caa946"},"headline":"Fr., 29.08.25: Au\u00dferordentliche Mitgliederversammlung &#8211; Kurzbericht","datePublished":"2025-08-23T09:00:18+00:00","dateModified":"2025-09-01T11:16:47+00:00","mainEntityOfPage":{"@id":"http:\/\/sc-weisse-dame.de\/v3\/2025\/08\/einladung-zur-ausserordentlichen-mitgliederversammlung-am-29-08\/"},"wordCount":329,"image":{"@id":"http:\/\/sc-weisse-dame.de\/v3\/2025\/08\/einladung-zur-ausserordentlichen-mitgliederversammlung-am-29-08\/#primaryimage"},"thumbnailUrl":"http:\/\/sc-weisse-dame.de\/v3\/wp-content\/uploads\/2025\/08\/2025-ao-MV-Vorstand-Foto-20250829_2221271-scaled.jpg","articleSection":["Alles au\u00dfer Schach","Organisatorisches"],"inLanguage":"de"},{"@type":"WebPage","@id":"http:\/\/sc-weisse-dame.de\/v3\/2025\/08\/einladung-zur-ausserordentlichen-mitgliederversammlung-am-29-08\/","url":"http:\/\/sc-weisse-dame.de\/v3\/2025\/08\/einladung-zur-ausserordentlichen-mitgliederversammlung-am-29-08\/","name":"Fr., 29.08.25: Au\u00dferordentliche Mitgliederversammlung - Kurzbericht - SC Weisse Dame e. V.","isPartOf":{"@id":"http:\/\/sc-weisse-dame.de\/v3\/#website"},"primaryImageOfPage":{"@id":"http:\/\/sc-weisse-dame.de\/v3\/2025\/08\/einladung-zur-ausserordentlichen-mitgliederversammlung-am-29-08\/#primaryimage"},"image":{"@id":"http:\/\/sc-weisse-dame.de\/v3\/2025\/08\/einladung-zur-ausserordentlichen-mitgliederversammlung-am-29-08\/#primaryimage"},"thumbnailUrl":"http:\/\/sc-weisse-dame.de\/v3\/wp-content\/uploads\/2025\/08\/2025-ao-MV-Vorstand-Foto-20250829_2221271-scaled.jpg","datePublished":"2025-08-23T09:00:18+00:00","dateModified":"2025-09-01T11:16:47+00:00","author":{"@id":"http:\/\/sc-weisse-dame.de\/v3\/#\/schema\/person\/c262da3a19176713e7a6632f64caa946"},"breadcrumb":{"@id":"http:\/\/sc-weisse-dame.de\/v3\/2025\/08\/einladung-zur-ausserordentlichen-mitgliederversammlung-am-29-08\/#breadcrumb"},"inLanguage":"de","potentialAction":[{"@type":"ReadAction","target":["http:\/\/sc-weisse-dame.de\/v3\/2025\/08\/einladung-zur-ausserordentlichen-mitgliederversammlung-am-29-08\/"]}]},{"@type":"ImageObject","inLanguage":"de","@id":"http:\/\/sc-weisse-dame.de\/v3\/2025\/08\/einladung-zur-ausserordentlichen-mitgliederversammlung-am-29-08\/#primaryimage","url":"http:\/\/sc-weisse-dame.de\/v3\/wp-content\/uploads\/2025\/08\/2025-ao-MV-Vorstand-Foto-20250829_2221271-scaled.jpg","contentUrl":"http:\/\/sc-weisse-dame.de\/v3\/wp-content\/uploads\/2025\/08\/2025-ao-MV-Vorstand-Foto-20250829_2221271-scaled.jpg","width":2560,"height":1968},{"@type":"BreadcrumbList","@id":"http:\/\/sc-weisse-dame.de\/v3\/2025\/08\/einladung-zur-ausserordentlichen-mitgliederversammlung-am-29-08\/#breadcrumb","itemListElement":[{"@type":"ListItem","position":1,"name":"Startseite","item":"http:\/\/sc-weisse-dame.de\/v3\/"},{"@type":"ListItem","position":2,"name":"Fr., 29.08.25: Au\u00dferordentliche Mitgliederversammlung &#8211; Kurzbericht"}]},{"@type":"WebSite","@id":"http:\/\/sc-weisse-dame.de\/v3\/#website","url":"http:\/\/sc-weisse-dame.de\/v3\/","name":"SC Weisse Dame e. V.","description":"Herzlich Willkommen!","potentialAction":[{"@type":"SearchAction","target":{"@type":"EntryPoint","urlTemplate":"http:\/\/sc-weisse-dame.de\/v3\/?s={search_term_string}"},"query-input":{"@type":"PropertyValueSpecification","valueRequired":true,"valueName":"search_term_string"}}],"inLanguage":"de"},{"@type":"Person","@id":"http:\/\/sc-weisse-dame.de\/v3\/#\/schema\/person\/c262da3a19176713e7a6632f64caa946","name":"Christian Greiser","url":"http:\/\/sc-weisse-dame.de\/v3\/author\/christian_greiser\/"}]}},"_links":{"self":[{"href":"http:\/\/sc-weisse-dame.de\/v3\/wp-json\/wp\/v2\/posts\/32823","targetHints":{"allow":["GET"]}}],"collection":[{"href":"http:\/\/sc-weisse-dame.de\/v3\/wp-json\/wp\/v2\/posts"}],"about":[{"href":"http:\/\/sc-weisse-dame.de\/v3\/wp-json\/wp\/v2\/types\/post"}],"author":[{"embeddable":true,"href":"http:\/\/sc-weisse-dame.de\/v3\/wp-json\/wp\/v2\/users\/5"}],"replies":[{"embeddable":true,"href":"http:\/\/sc-weisse-dame.de\/v3\/wp-json\/wp\/v2\/comments?post=32823"}],"version-history":[{"count":9,"href":"http:\/\/sc-weisse-dame.de\/v3\/wp-json\/wp\/v2\/posts\/32823\/revisions"}],"predecessor-version":[{"id":32892,"href":"http:\/\/sc-weisse-dame.de\/v3\/wp-json\/wp\/v2\/posts\/32823\/revisions\/32892"}],"wp:attachment":[{"href":"http:\/\/sc-weisse-dame.de\/v3\/wp-json\/wp\/v2\/media?parent=32823"}],"wp:term":[{"taxonomy":"category","embeddable":true,"href":"http:\/\/sc-weisse-dame.de\/v3\/wp-json\/wp\/v2\/categories?post=32823"},{"taxonomy":"post_tag","embeddable":true,"href":"http:\/\/sc-weisse-dame.de\/v3\/wp-json\/wp\/v2\/tags?post=32823"},{"taxonomy":"author","embeddable":true,"href":"http:\/\/sc-weisse-dame.de\/v3\/wp-json\/wp\/v2\/coauthors?post=32823"}],"curies":[{"name":"wp","href":"https:\/\/api.w.org\/{rel}","templated":true}]}}