{"id":32629,"date":"2025-06-29T15:00:27","date_gmt":"2025-06-29T13:00:27","guid":{"rendered":"http:\/\/sc-weisse-dame.de\/v3\/?p=32629"},"modified":"2025-06-29T15:12:25","modified_gmt":"2025-06-29T13:12:25","slug":"nachruf-auf-hans-joachim-kaufhold-%e2%80%a0-24-juni-2025","status":"publish","type":"post","link":"http:\/\/sc-weisse-dame.de\/v3\/2025\/06\/nachruf-auf-hans-joachim-kaufhold-%e2%80%a0-24-juni-2025\/","title":{"rendered":"Nachruf auf Hans-Joachim Kaufhold (\u2020 24. Juni 2025)"},"content":{"rendered":"<p>Mit gro\u00dfer Trauer haben wir gestern erfahren, dass unser Mitglied und Freund Hans-Joachim Kaufhold, der allen unter seinem Spitznamen Piko bekannt war, am Dienstag, dem 24.\u00a006.\u00a02025 im Alter von 76\u00a0Jahren nach langem Kampf seiner Krebserkrankung erlegen ist und in einem Berliner Hospiz an der von ihm wohl stets geliebten Havel verstarb.<\/p>\n<p>Piko war zwar noch nicht einmal 10 Jahre unser Mitglied, hat sich aber in dieser Zeit mit seinem Engagement und seinem Gemeinschaftssinn unausl\u00f6schlich in unserem Ged\u00e4chtnis verewigen k\u00f6nnen.<\/p>\n<figure id=\"attachment_32631\" aria-describedby=\"caption-attachment-32631\" style=\"width: 500px\" class=\"wp-caption alignright\"><img loading=\"lazy\" decoding=\"async\" class=\"wp-image-32631\" src=\"http:\/\/sc-weisse-dame.de\/v3\/wp-content\/uploads\/2025\/06\/IMG_6597-e1751099774383.jpeg\" alt=\"\" width=\"500\" height=\"623\" srcset=\"http:\/\/sc-weisse-dame.de\/v3\/wp-content\/uploads\/2025\/06\/IMG_6597-e1751099774383.jpeg 1180w, http:\/\/sc-weisse-dame.de\/v3\/wp-content\/uploads\/2025\/06\/IMG_6597-e1751099774383-600x747.jpeg 600w\" sizes=\"auto, (max-width: 500px) 100vw, 500px\" \/><figcaption id=\"caption-attachment-32631\" class=\"wp-caption-text\">Gitarrist Piko bei seinem musikalischen Auftritt auf der Weihnachtsfeier 2022 begleitet vom Klarinettisten Kai-Gerrit Venske<\/figcaption><\/figure>\n<p>&nbsp;<\/p>\n<p>Schachlich war Piko eher in den unteren Mannschaften aktiv, teilweise auch als Mannschaftsleiter und Schiedsrichter. Er hatte durchaus beachtliche Erfolge, z.B. mit dem Sieg in der C-Klasse der Clubmeisterschaft vor nur wenigen Jahren. Zeitweilig unterst\u00fctzte er die Nachwuchsarbeit. Und er war auch im Hintergrund f\u00fcr andere Mitglieder da. Was ihn aber besonders auszeichnete und f\u00fcr uns auch deshalb so besonders machte, war sein Engagement au\u00dferhalb der 64 Felder.<\/p>\n<p>Zun\u00e4chst engagierte Piko sich in der Fl\u00fcchtlingsarbeit und brachte im Rahmen von &#8222;Sport bunt&#8220; das Schachspiel als verbindendes Element in Einrichtungen f\u00fcr Gefl\u00fcchtete. In seinem Segelverein organisierte er f\u00fcr uns einen Vereinsausflug auf dem Wannsee mit Motorbooten.<\/p>\n<p>Piko war immer pr\u00e4sent, wenn es darum ging, Feste zu organisieren oder zu unterst\u00fctzen. Sein Meisterst\u00fcck war unbestritten die Organisation der Weihnachtsfeier 2022. Ihm war sehr wichtig, dass diese gem\u00e4\u00df dem von ihm gew\u00e4hlten Motto &#8222;familia una sumus&#8220; generations\u00fcbergreifend stattfindet. Es wurde ein sehr sch\u00f6nes Fest und echtes Highlight in unserer j\u00fcngeren Vereinsgeschichte. Das Foto zeigt uns beide bei der musikalischen Untermalung des Weihnachtsliedersingens, die wir eigens daf\u00fcr gemeinsam einstudiert hatten.<\/p>\n<p>Wir freuen uns, dass Piko als Gemeinschaftsstifter in unserem Verein auch ein kleines St\u00fcck die Familie finden konnte, die ihm als Single (mit Kreuzberger WG-Vergangenheit, wie mir ein langj\u00e4hriger Freund aus diesen Zeiten mitteilte) privat leider nicht verg\u00f6nnt war.<\/p>\n<p><em>&#8222;Piko &#8211; wir werden uns Deiner immer in Dankbarkeit erinnern. Familia una sumus. Ruhe sanft!&#8220;<\/em><\/p>\n<p>&nbsp;<\/p>\n<p>F\u00fcr den Vorstand des SC Weisse Dame e.V.<\/p>\n<p>Kai-Gerrit Venske<\/p>\n","protected":false},"excerpt":{"rendered":"<p>Mit gro\u00dfer Trauer haben wir gestern erfahren, dass unser Mitglied und Freund Hans-Joachim Kaufhold, der allen unter seinem Spitznamen Piko bekannt war, am Dienstag, dem 24.\u00a006.\u00a02025 im Alter von 76\u00a0Jahren &hellip; <a href=\"http:\/\/sc-weisse-dame.de\/v3\/2025\/06\/nachruf-auf-hans-joachim-kaufhold-%e2%80%a0-24-juni-2025\/\" class=\"more-link\"><span class=\"screen-reader-text\">Nachruf auf Hans-Joachim Kaufhold (\u2020 24. Juni 2025)<\/span> weiterlesen <span class=\"meta-nav\">&rarr;<\/span><\/a><\/p>\n","protected":false},"author":19,"featured_media":0,"comment_status":"closed","ping_status":"closed","sticky":false,"template":"","format":"standard","meta":{"_price":"","_stock":"","_tribe_ticket_header":"","_tribe_default_ticket_provider":"","_tribe_ticket_capacity":"0","_ticket_start_date":"","_ticket_end_date":"","_tribe_ticket_show_description":"","_tribe_ticket_show_not_going":false,"_tribe_ticket_use_global_stock":"","_tribe_ticket_global_stock_level":"","_global_stock_mode":"","_global_stock_cap":"","_tribe_rsvp_for_event":"","_tribe_ticket_going_count":"","_tribe_ticket_not_going_count":"","_tribe_tickets_list":"[]","_tribe_ticket_has_attendee_info_fields":false,"footnotes":""},"categories":[34],"tags":[],"coauthors":[64],"class_list":["post-32629","post","type-post","status-publish","format-standard","hentry","category-alles-ausser-schach"],"yoast_head":"<!-- This site is optimized with the Yoast SEO plugin v27.4 - https:\/\/yoast.com\/product\/yoast-seo-wordpress\/ -->\n<title>Nachruf auf Hans-Joachim Kaufhold (\u2020 24. Juni 2025) - SC Weisse Dame e. V.<\/title>\n<meta name=\"robots\" content=\"index, follow, max-snippet:-1, max-image-preview:large, max-video-preview:-1\" \/>\n<link rel=\"canonical\" href=\"http:\/\/sc-weisse-dame.de\/v3\/2025\/06\/nachruf-auf-hans-joachim-kaufhold-\u2020-24-juni-2025\/\" \/>\n<meta property=\"og:locale\" content=\"de_DE\" \/>\n<meta property=\"og:type\" content=\"article\" \/>\n<meta property=\"og:title\" content=\"Nachruf auf Hans-Joachim Kaufhold (\u2020 24. Juni 2025) - SC Weisse Dame e. V.\" \/>\n<meta property=\"og:description\" content=\"Mit gro\u00dfer Trauer haben wir gestern erfahren, dass unser Mitglied und Freund Hans-Joachim Kaufhold, der allen unter seinem Spitznamen Piko bekannt war, am Dienstag, dem 24.\u00a006.\u00a02025 im Alter von 76\u00a0Jahren &hellip; Nachruf auf Hans-Joachim Kaufhold (\u2020 24. Juni 2025) weiterlesen &rarr;\" \/>\n<meta property=\"og:url\" content=\"http:\/\/sc-weisse-dame.de\/v3\/2025\/06\/nachruf-auf-hans-joachim-kaufhold-\u2020-24-juni-2025\/\" \/>\n<meta property=\"og:site_name\" content=\"SC Weisse Dame e. V.\" \/>\n<meta property=\"article:published_time\" content=\"2025-06-29T13:00:27+00:00\" \/>\n<meta property=\"article:modified_time\" content=\"2025-06-29T13:12:25+00:00\" \/>\n<meta property=\"og:image\" content=\"http:\/\/sc-weisse-dame.de\/v3\/wp-content\/uploads\/2025\/06\/IMG_6597-e1751099774383.jpeg\" \/>\n\t<meta property=\"og:image:width\" content=\"1180\" \/>\n\t<meta property=\"og:image:height\" content=\"1470\" \/>\n\t<meta property=\"og:image:type\" content=\"image\/jpeg\" \/>\n<meta name=\"author\" content=\"Kai-Gerrit Venske\" \/>\n<meta name=\"twitter:card\" content=\"summary_large_image\" \/>\n<meta name=\"twitter:label1\" content=\"Verfasst von\" \/>\n\t<meta name=\"twitter:data1\" content=\"Kai-Gerrit Venske\" \/>\n\t<meta name=\"twitter:label2\" content=\"Gesch\u00e4tzte Lesezeit\" \/>\n\t<meta name=\"twitter:data2\" content=\"3\u00a0Minuten\" \/>\n\t<meta name=\"twitter:label3\" content=\"Written by\" \/>\n\t<meta name=\"twitter:data3\" content=\"Kai-Gerrit Venske\" \/>\n<script type=\"application\/ld+json\" class=\"yoast-schema-graph\">{\"@context\":\"https:\\\/\\\/schema.org\",\"@graph\":[{\"@type\":\"Article\",\"@id\":\"http:\\\/\\\/sc-weisse-dame.de\\\/v3\\\/2025\\\/06\\\/nachruf-auf-hans-joachim-kaufhold-%e2%80%a0-24-juni-2025\\\/#article\",\"isPartOf\":{\"@id\":\"http:\\\/\\\/sc-weisse-dame.de\\\/v3\\\/2025\\\/06\\\/nachruf-auf-hans-joachim-kaufhold-%e2%80%a0-24-juni-2025\\\/\"},\"author\":{\"name\":\"Kai-Gerrit Venske\",\"@id\":\"http:\\\/\\\/sc-weisse-dame.de\\\/v3\\\/#\\\/schema\\\/person\\\/d0bb0bc1ba7dbf44e2387b92ba199b43\"},\"headline\":\"Nachruf auf Hans-Joachim Kaufhold (\u2020 24. Juni 2025)\",\"datePublished\":\"2025-06-29T13:00:27+00:00\",\"dateModified\":\"2025-06-29T13:12:25+00:00\",\"mainEntityOfPage\":{\"@id\":\"http:\\\/\\\/sc-weisse-dame.de\\\/v3\\\/2025\\\/06\\\/nachruf-auf-hans-joachim-kaufhold-%e2%80%a0-24-juni-2025\\\/\"},\"wordCount\":370,\"image\":{\"@id\":\"http:\\\/\\\/sc-weisse-dame.de\\\/v3\\\/2025\\\/06\\\/nachruf-auf-hans-joachim-kaufhold-%e2%80%a0-24-juni-2025\\\/#primaryimage\"},\"thumbnailUrl\":\"http:\\\/\\\/sc-weisse-dame.de\\\/v3\\\/wp-content\\\/uploads\\\/2025\\\/06\\\/IMG_6597-e1751099774383.jpeg\",\"articleSection\":[\"Alles au\u00dfer Schach\"],\"inLanguage\":\"de\"},{\"@type\":\"WebPage\",\"@id\":\"http:\\\/\\\/sc-weisse-dame.de\\\/v3\\\/2025\\\/06\\\/nachruf-auf-hans-joachim-kaufhold-%e2%80%a0-24-juni-2025\\\/\",\"url\":\"http:\\\/\\\/sc-weisse-dame.de\\\/v3\\\/2025\\\/06\\\/nachruf-auf-hans-joachim-kaufhold-%e2%80%a0-24-juni-2025\\\/\",\"name\":\"Nachruf auf Hans-Joachim Kaufhold (\u2020 24. Juni 2025) - SC Weisse Dame e. V.\",\"isPartOf\":{\"@id\":\"http:\\\/\\\/sc-weisse-dame.de\\\/v3\\\/#website\"},\"primaryImageOfPage\":{\"@id\":\"http:\\\/\\\/sc-weisse-dame.de\\\/v3\\\/2025\\\/06\\\/nachruf-auf-hans-joachim-kaufhold-%e2%80%a0-24-juni-2025\\\/#primaryimage\"},\"image\":{\"@id\":\"http:\\\/\\\/sc-weisse-dame.de\\\/v3\\\/2025\\\/06\\\/nachruf-auf-hans-joachim-kaufhold-%e2%80%a0-24-juni-2025\\\/#primaryimage\"},\"thumbnailUrl\":\"http:\\\/\\\/sc-weisse-dame.de\\\/v3\\\/wp-content\\\/uploads\\\/2025\\\/06\\\/IMG_6597-e1751099774383.jpeg\",\"datePublished\":\"2025-06-29T13:00:27+00:00\",\"dateModified\":\"2025-06-29T13:12:25+00:00\",\"author\":{\"@id\":\"http:\\\/\\\/sc-weisse-dame.de\\\/v3\\\/#\\\/schema\\\/person\\\/d0bb0bc1ba7dbf44e2387b92ba199b43\"},\"breadcrumb\":{\"@id\":\"http:\\\/\\\/sc-weisse-dame.de\\\/v3\\\/2025\\\/06\\\/nachruf-auf-hans-joachim-kaufhold-%e2%80%a0-24-juni-2025\\\/#breadcrumb\"},\"inLanguage\":\"de\",\"potentialAction\":[{\"@type\":\"ReadAction\",\"target\":[\"http:\\\/\\\/sc-weisse-dame.de\\\/v3\\\/2025\\\/06\\\/nachruf-auf-hans-joachim-kaufhold-%e2%80%a0-24-juni-2025\\\/\"]}]},{\"@type\":\"ImageObject\",\"inLanguage\":\"de\",\"@id\":\"http:\\\/\\\/sc-weisse-dame.de\\\/v3\\\/2025\\\/06\\\/nachruf-auf-hans-joachim-kaufhold-%e2%80%a0-24-juni-2025\\\/#primaryimage\",\"url\":\"http:\\\/\\\/sc-weisse-dame.de\\\/v3\\\/wp-content\\\/uploads\\\/2025\\\/06\\\/IMG_6597-e1751099774383.jpeg\",\"contentUrl\":\"http:\\\/\\\/sc-weisse-dame.de\\\/v3\\\/wp-content\\\/uploads\\\/2025\\\/06\\\/IMG_6597-e1751099774383.jpeg\",\"width\":1180,\"height\":1470,\"caption\":\"Piko (rechts), bei seinem musikalischen Auftritt bei der Weihnachtsfeier 2022\"},{\"@type\":\"BreadcrumbList\",\"@id\":\"http:\\\/\\\/sc-weisse-dame.de\\\/v3\\\/2025\\\/06\\\/nachruf-auf-hans-joachim-kaufhold-%e2%80%a0-24-juni-2025\\\/#breadcrumb\",\"itemListElement\":[{\"@type\":\"ListItem\",\"position\":1,\"name\":\"Startseite\",\"item\":\"http:\\\/\\\/sc-weisse-dame.de\\\/v3\\\/\"},{\"@type\":\"ListItem\",\"position\":2,\"name\":\"Nachruf auf Hans-Joachim Kaufhold (\u2020 24. Juni 2025)\"}]},{\"@type\":\"WebSite\",\"@id\":\"http:\\\/\\\/sc-weisse-dame.de\\\/v3\\\/#website\",\"url\":\"http:\\\/\\\/sc-weisse-dame.de\\\/v3\\\/\",\"name\":\"SC Weisse Dame e. V.\",\"description\":\"Herzlich Willkommen!\",\"potentialAction\":[{\"@type\":\"SearchAction\",\"target\":{\"@type\":\"EntryPoint\",\"urlTemplate\":\"http:\\\/\\\/sc-weisse-dame.de\\\/v3\\\/?s={search_term_string}\"},\"query-input\":{\"@type\":\"PropertyValueSpecification\",\"valueRequired\":true,\"valueName\":\"search_term_string\"}}],\"inLanguage\":\"de\"},{\"@type\":\"Person\",\"@id\":\"http:\\\/\\\/sc-weisse-dame.de\\\/v3\\\/#\\\/schema\\\/person\\\/d0bb0bc1ba7dbf44e2387b92ba199b43\",\"name\":\"Kai-Gerrit Venske\",\"url\":\"http:\\\/\\\/sc-weisse-dame.de\\\/v3\\\/author\\\/kai_gerrit_venske\\\/\"}]}<\/script>\n<!-- \/ Yoast SEO plugin. -->","yoast_head_json":{"title":"Nachruf auf Hans-Joachim Kaufhold (\u2020 24. Juni 2025) - SC Weisse Dame e. V.","robots":{"index":"index","follow":"follow","max-snippet":"max-snippet:-1","max-image-preview":"max-image-preview:large","max-video-preview":"max-video-preview:-1"},"canonical":"http:\/\/sc-weisse-dame.de\/v3\/2025\/06\/nachruf-auf-hans-joachim-kaufhold-\u2020-24-juni-2025\/","og_locale":"de_DE","og_type":"article","og_title":"Nachruf auf Hans-Joachim Kaufhold (\u2020 24. Juni 2025) - SC Weisse Dame e. V.","og_description":"Mit gro\u00dfer Trauer haben wir gestern erfahren, dass unser Mitglied und Freund Hans-Joachim Kaufhold, der allen unter seinem Spitznamen Piko bekannt war, am Dienstag, dem 24.\u00a006.\u00a02025 im Alter von 76\u00a0Jahren &hellip; Nachruf auf Hans-Joachim Kaufhold (\u2020 24. Juni 2025) weiterlesen &rarr;","og_url":"http:\/\/sc-weisse-dame.de\/v3\/2025\/06\/nachruf-auf-hans-joachim-kaufhold-\u2020-24-juni-2025\/","og_site_name":"SC Weisse Dame e. V.","article_published_time":"2025-06-29T13:00:27+00:00","article_modified_time":"2025-06-29T13:12:25+00:00","og_image":[{"width":1180,"height":1470,"url":"http:\/\/sc-weisse-dame.de\/v3\/wp-content\/uploads\/2025\/06\/IMG_6597-e1751099774383.jpeg","type":"image\/jpeg"}],"author":"Kai-Gerrit Venske","twitter_card":"summary_large_image","twitter_misc":{"Verfasst von":"Kai-Gerrit Venske","Gesch\u00e4tzte Lesezeit":"3\u00a0Minuten","Written by":"Kai-Gerrit Venske"},"schema":{"@context":"https:\/\/schema.org","@graph":[{"@type":"Article","@id":"http:\/\/sc-weisse-dame.de\/v3\/2025\/06\/nachruf-auf-hans-joachim-kaufhold-%e2%80%a0-24-juni-2025\/#article","isPartOf":{"@id":"http:\/\/sc-weisse-dame.de\/v3\/2025\/06\/nachruf-auf-hans-joachim-kaufhold-%e2%80%a0-24-juni-2025\/"},"author":{"name":"Kai-Gerrit Venske","@id":"http:\/\/sc-weisse-dame.de\/v3\/#\/schema\/person\/d0bb0bc1ba7dbf44e2387b92ba199b43"},"headline":"Nachruf auf Hans-Joachim Kaufhold (\u2020 24. Juni 2025)","datePublished":"2025-06-29T13:00:27+00:00","dateModified":"2025-06-29T13:12:25+00:00","mainEntityOfPage":{"@id":"http:\/\/sc-weisse-dame.de\/v3\/2025\/06\/nachruf-auf-hans-joachim-kaufhold-%e2%80%a0-24-juni-2025\/"},"wordCount":370,"image":{"@id":"http:\/\/sc-weisse-dame.de\/v3\/2025\/06\/nachruf-auf-hans-joachim-kaufhold-%e2%80%a0-24-juni-2025\/#primaryimage"},"thumbnailUrl":"http:\/\/sc-weisse-dame.de\/v3\/wp-content\/uploads\/2025\/06\/IMG_6597-e1751099774383.jpeg","articleSection":["Alles au\u00dfer Schach"],"inLanguage":"de"},{"@type":"WebPage","@id":"http:\/\/sc-weisse-dame.de\/v3\/2025\/06\/nachruf-auf-hans-joachim-kaufhold-%e2%80%a0-24-juni-2025\/","url":"http:\/\/sc-weisse-dame.de\/v3\/2025\/06\/nachruf-auf-hans-joachim-kaufhold-%e2%80%a0-24-juni-2025\/","name":"Nachruf auf Hans-Joachim Kaufhold (\u2020 24. Juni 2025) - SC Weisse Dame e. V.","isPartOf":{"@id":"http:\/\/sc-weisse-dame.de\/v3\/#website"},"primaryImageOfPage":{"@id":"http:\/\/sc-weisse-dame.de\/v3\/2025\/06\/nachruf-auf-hans-joachim-kaufhold-%e2%80%a0-24-juni-2025\/#primaryimage"},"image":{"@id":"http:\/\/sc-weisse-dame.de\/v3\/2025\/06\/nachruf-auf-hans-joachim-kaufhold-%e2%80%a0-24-juni-2025\/#primaryimage"},"thumbnailUrl":"http:\/\/sc-weisse-dame.de\/v3\/wp-content\/uploads\/2025\/06\/IMG_6597-e1751099774383.jpeg","datePublished":"2025-06-29T13:00:27+00:00","dateModified":"2025-06-29T13:12:25+00:00","author":{"@id":"http:\/\/sc-weisse-dame.de\/v3\/#\/schema\/person\/d0bb0bc1ba7dbf44e2387b92ba199b43"},"breadcrumb":{"@id":"http:\/\/sc-weisse-dame.de\/v3\/2025\/06\/nachruf-auf-hans-joachim-kaufhold-%e2%80%a0-24-juni-2025\/#breadcrumb"},"inLanguage":"de","potentialAction":[{"@type":"ReadAction","target":["http:\/\/sc-weisse-dame.de\/v3\/2025\/06\/nachruf-auf-hans-joachim-kaufhold-%e2%80%a0-24-juni-2025\/"]}]},{"@type":"ImageObject","inLanguage":"de","@id":"http:\/\/sc-weisse-dame.de\/v3\/2025\/06\/nachruf-auf-hans-joachim-kaufhold-%e2%80%a0-24-juni-2025\/#primaryimage","url":"http:\/\/sc-weisse-dame.de\/v3\/wp-content\/uploads\/2025\/06\/IMG_6597-e1751099774383.jpeg","contentUrl":"http:\/\/sc-weisse-dame.de\/v3\/wp-content\/uploads\/2025\/06\/IMG_6597-e1751099774383.jpeg","width":1180,"height":1470,"caption":"Piko (rechts), bei seinem musikalischen Auftritt bei der Weihnachtsfeier 2022"},{"@type":"BreadcrumbList","@id":"http:\/\/sc-weisse-dame.de\/v3\/2025\/06\/nachruf-auf-hans-joachim-kaufhold-%e2%80%a0-24-juni-2025\/#breadcrumb","itemListElement":[{"@type":"ListItem","position":1,"name":"Startseite","item":"http:\/\/sc-weisse-dame.de\/v3\/"},{"@type":"ListItem","position":2,"name":"Nachruf auf Hans-Joachim Kaufhold (\u2020 24. Juni 2025)"}]},{"@type":"WebSite","@id":"http:\/\/sc-weisse-dame.de\/v3\/#website","url":"http:\/\/sc-weisse-dame.de\/v3\/","name":"SC Weisse Dame e. V.","description":"Herzlich Willkommen!","potentialAction":[{"@type":"SearchAction","target":{"@type":"EntryPoint","urlTemplate":"http:\/\/sc-weisse-dame.de\/v3\/?s={search_term_string}"},"query-input":{"@type":"PropertyValueSpecification","valueRequired":true,"valueName":"search_term_string"}}],"inLanguage":"de"},{"@type":"Person","@id":"http:\/\/sc-weisse-dame.de\/v3\/#\/schema\/person\/d0bb0bc1ba7dbf44e2387b92ba199b43","name":"Kai-Gerrit Venske","url":"http:\/\/sc-weisse-dame.de\/v3\/author\/kai_gerrit_venske\/"}]}},"_links":{"self":[{"href":"http:\/\/sc-weisse-dame.de\/v3\/wp-json\/wp\/v2\/posts\/32629","targetHints":{"allow":["GET"]}}],"collection":[{"href":"http:\/\/sc-weisse-dame.de\/v3\/wp-json\/wp\/v2\/posts"}],"about":[{"href":"http:\/\/sc-weisse-dame.de\/v3\/wp-json\/wp\/v2\/types\/post"}],"author":[{"embeddable":true,"href":"http:\/\/sc-weisse-dame.de\/v3\/wp-json\/wp\/v2\/users\/19"}],"replies":[{"embeddable":true,"href":"http:\/\/sc-weisse-dame.de\/v3\/wp-json\/wp\/v2\/comments?post=32629"}],"version-history":[{"count":10,"href":"http:\/\/sc-weisse-dame.de\/v3\/wp-json\/wp\/v2\/posts\/32629\/revisions"}],"predecessor-version":[{"id":32646,"href":"http:\/\/sc-weisse-dame.de\/v3\/wp-json\/wp\/v2\/posts\/32629\/revisions\/32646"}],"wp:attachment":[{"href":"http:\/\/sc-weisse-dame.de\/v3\/wp-json\/wp\/v2\/media?parent=32629"}],"wp:term":[{"taxonomy":"category","embeddable":true,"href":"http:\/\/sc-weisse-dame.de\/v3\/wp-json\/wp\/v2\/categories?post=32629"},{"taxonomy":"post_tag","embeddable":true,"href":"http:\/\/sc-weisse-dame.de\/v3\/wp-json\/wp\/v2\/tags?post=32629"},{"taxonomy":"author","embeddable":true,"href":"http:\/\/sc-weisse-dame.de\/v3\/wp-json\/wp\/v2\/coauthors?post=32629"}],"curies":[{"name":"wp","href":"https:\/\/api.w.org\/{rel}","templated":true}]}}