{"id":32576,"date":"2025-07-01T11:00:17","date_gmt":"2025-07-01T09:00:17","guid":{"rendered":"http:\/\/sc-weisse-dame.de\/v3\/?p=32576"},"modified":"2025-07-01T12:21:06","modified_gmt":"2025-07-01T10:21:06","slug":"mitgliederversammlung-2025","status":"publish","type":"post","link":"http:\/\/sc-weisse-dame.de\/v3\/2025\/07\/mitgliederversammlung-2025\/","title":{"rendered":"Mitgliederversammlung 2025: Kurzbericht"},"content":{"rendered":"<h5><span style=\"font-family: Calibri Light, sans-serif;\"><span style=\"font-size: medium;\"><b>Mitgliederversammlung 2025 (MV 2025): Kurzbericht<\/b><\/span><\/span><\/h5>\n<p><span style=\"font-family: Calibri Light, sans-serif;\"><span style=\"font-size: medium;\">Der scheidende <b>1. Vorsitzende<\/b> <span style=\"color: #0000ff;\"><b>Kai-Gerrit<\/b><\/span> Venske er\u00f6ffnete p\u00fcnktlich die MV 2025. Er begr\u00fc\u00dfte die anwesenden WeDa-Mitglieder und stellte die Tagesordnung fest. Danach wurde das Protokoll der Mitgliederversammlung vom 28.06.2024 durch die MV best\u00e4tigt \u2013 unter Ber\u00fccksichtigung eines \u00c4nderungsantrags von <span style=\"color: #0000ff;\"><b>Heinz<\/b><\/span> Uhl.<\/span><\/span><\/p>\n<p><span style=\"font-family: Calibri Light, sans-serif;\"><span style=\"font-size: medium;\">Es folgten die Berichte der Vorstandsmitglieder (inklusive Aussprache) sowie der Bericht der <b>Kassenpr\u00fcfer<\/b> <span style=\"color: #0000ff;\"><b>Martin<\/b><\/span> Sechting und <span style=\"color: #0000ff;\"><b>Maximilian<\/b><\/span> Krause. Mit dem Bericht der Kassenpr\u00fcfer, der ohne Beanstandungen ausfiel, wurde auch der Antrag auf Entlastung des Vorstands gestellt. Diesem Antrag auf Entlastung wurde durch die MV entsprochen.<\/span><\/span><\/p>\n<h5><span style=\"font-family: Calibri Light, sans-serif;\"><span style=\"font-size: medium;\"><b>Wahlen (Vorstand inklusive Beisitzer \u2013 Referent:innen)<\/b><\/span><\/span><\/h5>\n<p><span style=\"font-family: Calibri Light, sans-serif;\"><span style=\"font-size: medium;\">Bei den satzungsgem\u00e4\u00df anstehenden Vorstandswahlen wurden <span style=\"color: #0000ff;\"><b>Carsten<\/b><\/span> Miemietz (<b>Kassierer<\/b>), <span style=\"color: #0000ff;\"><b>Johannes<\/b><\/span> St\u00f6ckel (<b>Jugendwart<\/b>), <span style=\"color: #0000ff;\"><b>Ingo<\/b><\/span> Abraham (<b>Schriftf\u00fchrer<\/b>) und <span style=\"color: #0000ff;\"><b>Thorsten<\/b><\/span> Gro\u00df (<b>Beisitzer<\/b>) in ihren \u00c4mtern best\u00e4tigt. Das Amt der <b>1. Vorsitzenden<\/b> konnte mangels Kandidat:in vorerst nicht besetzt werden. Zu Referent:innen wurden <span style=\"color: #0000ff;\"><b>Kathrin<\/b><\/span> Lasko, <span style=\"color: #0000ff;\"><b>Richard<\/b><\/span> Mertens, <span style=\"color: #0000ff;\"><b>Ralf<\/b><\/span> Mohrmann und <span style=\"color: #0000ff;\"><b>Christian<\/b><\/span> Greiser gew\u00e4hlt. Die n\u00e4chsten Kassenpr\u00fcfer sind <span style=\"color: #0000ff;\"><b>Martin<\/b><\/span> Sechting, <span style=\"color: #0000ff;\"><b>Ralf<\/b><\/span> Mohrmann und <span style=\"color: #0000ff;\"><b>Konrad<\/b><\/span> Wozniak (Ersatzpr\u00fcfer).<\/span><\/span><\/p>\n<h5><span style=\"font-family: Calibri Light, sans-serif;\"><span style=\"font-size: medium;\"><b>Ehrenmitgliedschaft f\u00fcr Wolfgang Christ<\/b><\/span><\/span><\/h5>\n<p><span style=\"font-family: Calibri Light, sans-serif;\"><span style=\"font-size: medium;\">Dem entsprechenden Antrag des Vorstands wurde durch die MV entsprochen. Zuvor hatte <span style=\"color: #0000ff;\"><b>Christian<\/b><\/span> Greiser als langj\u00e4hriger Wegbegleiter die Laudatio zu Ehren von <span style=\"color: #0000ff;\"><b>Wolfgang<\/b><\/span> Christ gehalten.<\/span><\/span><\/p>\n<p><span style=\"font-family: Calibri Light, sans-serif;\"><span style=\"font-size: medium;\">In seiner Antwort bedankte sich das neue Ehrenmitglied f\u00fcr die Auszeichnung und verwies in diesem Zusammenhang nochmals auf die im Laufe der Zeit starken Ver\u00e4nderungen des Vereins. Hierbei betonte er, dass man sich angesichts der positiven Entwicklung \u2013 insbesondere im Jugendbereich und bei den Mitgliedszahlen insgesamt \u2013 um den Bestand der WEISSEN DAME keine ernsthaften Sorgen machen m\u00fcsse. Wichtig sei vor allem die St\u00e4rkung der direkten Kommunikation innerhalb des Vereins.<\/span><\/span><\/p>\n<h5><span style=\"font-family: Calibri Light, sans-serif;\"><span style=\"font-size: medium;\"><b>Ehrungen<\/b><\/span><\/span><\/h5>\n<p><span style=\"font-family: Calibri Light, sans-serif;\"><span style=\"font-size: medium;\">Die Gewinner \u2013 allen voran <span style=\"color: #0000ff;\"><b>Ralf<\/b><\/span> Mohrmann (<b>Clubmeister 2025<\/b>) \u2013 und Platzierten der bereits beendeten Vereinsmeisterschaften sowie der abgelaufenen BMM-Saison 2024\/25 mit <b>Saisonmeister<\/b> <span style=\"color: #0000ff;\"><b>Cord<\/b><\/span> Wischh\u00f6fer an der Spitze erhielten \u2013 soweit anwesend \u2013 ihre Urkunden.<\/span><\/span><\/p>\n<p><span style=\"font-family: Calibri Light, sans-serif;\"><span style=\"font-size: medium;\">Der H\u00f6hepunkt in diesem Zusammenhang war die nachtr\u00e4gliche Verleihung einer BSV-Auszeichnung vom vergangenen Verbandstag \u2013 stellvertretend vorgenommen durch <span style=\"color: #0000ff;\"><b>Kai-Gerrit<\/b><\/span> Venske \u2013 f\u00fcr unsere <b>Deutsche Meisterin 2024 (u18w)<\/b> <span style=\"color: #0000ff;\"><b>Coco<\/b><\/span> Lepu Zhou.<\/span><\/span><\/p>\n<p>&nbsp;<\/p>\n<figure id=\"attachment_32649\" aria-describedby=\"caption-attachment-32649\" style=\"width: 500px\" class=\"wp-caption aligncenter\"><img loading=\"lazy\" decoding=\"async\" class=\"wp-image-32649\" src=\"http:\/\/sc-weisse-dame.de\/v3\/wp-content\/uploads\/2025\/06\/IMG-20250628-WA00041.jpg\" alt=\"\" width=\"500\" height=\"497\" srcset=\"http:\/\/sc-weisse-dame.de\/v3\/wp-content\/uploads\/2025\/06\/IMG-20250628-WA00041.jpg 726w, http:\/\/sc-weisse-dame.de\/v3\/wp-content\/uploads\/2025\/06\/IMG-20250628-WA00041-600x597.jpg 600w\" sizes=\"auto, (max-width: 500px) 100vw, 500px\" \/><figcaption id=\"caption-attachment-32649\" class=\"wp-caption-text\">Nachtr\u00e4gliche Ehrung der Deutschen Meisterin 2024 (u18w) Coco Lepu Zhou durch Kai-Gerrit Venske. Im Hintergrund freuen sich Ingo Abraham (links) und Thorsten Gro\u00df (rechts). <span style=\"color: #999999;\">(Foto: CG)<\/span><\/figcaption><\/figure>\n<p>&nbsp;<\/p>\n<p><span style=\"font-size: medium; font-family: 'Calibri Light', sans-serif;\">Den Ehrungen folgten noch Aussprachen zu verschiedenen Themen, bevor die MV nach gut drei Stunden vom Versammlungsleiter <\/span><span style=\"font-size: medium; font-family: 'Calibri Light', sans-serif; color: #0000ff;\"><b>Kai-Gerrit<\/b><\/span><span style=\"font-size: medium; font-family: 'Calibri Light', sans-serif;\"> Venske f\u00fcr beendet erkl\u00e4rt wurde.<\/span><\/p>\n<p><!--more--><\/p>\n<h6>MV 2025 Ank\u00fcndigung<\/h6>\n<p>F\u00fcr Freitag, 27. Juni 2025, ist unsere j\u00e4hrliche Mitgliederversammlung angesetzt. Dabei wird es insbesondere um die Wahlen zum neuen Vorstand gehen. Wir freuen uns \u00fcber eine gro\u00dfe Beteiligung. Beginn der Versammlung wird um 19:30 Uhr sein. Hier die geplante Tagesordnung:<\/p>\n<p>1. Begr\u00fc\u00dfung und Feststellung der Tagesordnung<\/p>\n<p>2. Best\u00e4tigung des Protokolls der Mitgliederversammlung vom 28.06.2024<\/p>\n<p>3. Berichte der Vorstandsmitglieder (werden ggf. teilweise vorher versandt)<\/p>\n<p>4. Bericht der Kassenpr\u00fcfer<\/p>\n<p>5. Aussprache \u00fcber die Berichte<\/p>\n<p>6. Entlastung des Vorstands<\/p>\n<p>7. Wahl von Vorstandsmitgliedern sowie Referent:innen<br \/>\n7.1 1. Vorsitzender (bislang Kai-Gerrit Venske)<br \/>\n7.2 Kassierer (bislang Carsten Miemietz)<br \/>\n7.3 Jugendwart (bislang Johannes St\u00f6ckel)<br \/>\n7.4 Schriftf\u00fchrer (bislang Dr. Ingo Abraham)<br \/>\n7.5 (bis zu 6) Beisitzer(:innen) \u2013 (bislang Dr. Martin Kaiser, Robert Radke, Thorsten Gro\u00df, Felix Landsgesell, Richard Mertens, Dennis Bertuch)<br \/>\n7.6 Referent:innen: bislang Cord Wischh\u00f6fer, Ralf Mohrmann, Christian Greiser, Katharina Lasko<\/p>\n<p>8 Wahl der Kassenpr\u00fcfer (zurzeit Martin Sechting, Maximilian Krause, Konrad Wozniak [Ersatz])<\/p>\n<p>9 Antrag auf Verleihung einer Ehrenmitgliedschaft f\u00fcr Wolfgang Christ<\/p>\n<p>10 Weitere Antr\u00e4ge der Mitglieder (innerhalb der per Mail angegebenen Frist bis zum 12.5. wurden jedoch keine eingereicht)<\/p>\n<p>11 Ehrungen der Titeltr\u00e4ger aus Clubturnieren und BMM<\/p>\n<p>12 Aussprache zu Themen<\/p>\n<p>13 Verschiedenes (z.B. Grillfest im Sommer)<\/p>\n","protected":false},"excerpt":{"rendered":"<p>Mitgliederversammlung 2025 (MV 2025): Kurzbericht Der scheidende 1. Vorsitzende Kai-Gerrit Venske er\u00f6ffnete p\u00fcnktlich die MV 2025. Er begr\u00fc\u00dfte die anwesenden WeDa-Mitglieder und stellte die Tagesordnung fest. Danach wurde das Protokoll &hellip; <a href=\"http:\/\/sc-weisse-dame.de\/v3\/2025\/07\/mitgliederversammlung-2025\/\" class=\"more-link\"><span class=\"screen-reader-text\">Mitgliederversammlung 2025: Kurzbericht<\/span> weiterlesen <span class=\"meta-nav\">&rarr;<\/span><\/a><\/p>\n","protected":false},"author":42,"featured_media":0,"comment_status":"closed","ping_status":"closed","sticky":false,"template":"","format":"standard","meta":{"_price":"","_stock":"","_tribe_ticket_header":"","_tribe_default_ticket_provider":"","_tribe_ticket_capacity":"0","_ticket_start_date":"","_ticket_end_date":"","_tribe_ticket_show_description":"","_tribe_ticket_show_not_going":false,"_tribe_ticket_use_global_stock":"","_tribe_ticket_global_stock_level":"","_global_stock_mode":"","_global_stock_cap":"","_tribe_rsvp_for_event":"","_tribe_ticket_going_count":"","_tribe_ticket_not_going_count":"","_tribe_tickets_list":"[]","_tribe_ticket_has_attendee_info_fields":false,"footnotes":""},"categories":[77],"tags":[],"coauthors":[194,50],"class_list":["post-32576","post","type-post","status-publish","format-standard","hentry","category-organisatorisches"],"yoast_head":"<!-- This site is optimized with the Yoast SEO plugin v27.4 - https:\/\/yoast.com\/product\/yoast-seo-wordpress\/ -->\n<title>Mitgliederversammlung 2025: Kurzbericht - SC Weisse Dame e. V.<\/title>\n<meta name=\"robots\" content=\"index, follow, max-snippet:-1, max-image-preview:large, max-video-preview:-1\" \/>\n<link rel=\"canonical\" href=\"http:\/\/sc-weisse-dame.de\/v3\/2025\/07\/mitgliederversammlung-2025\/\" \/>\n<meta property=\"og:locale\" content=\"de_DE\" \/>\n<meta property=\"og:type\" content=\"article\" \/>\n<meta property=\"og:title\" content=\"Mitgliederversammlung 2025: Kurzbericht - SC Weisse Dame e. V.\" \/>\n<meta property=\"og:description\" content=\"Mitgliederversammlung 2025 (MV 2025): Kurzbericht Der scheidende 1. Vorsitzende Kai-Gerrit Venske er\u00f6ffnete p\u00fcnktlich die MV 2025. Er begr\u00fc\u00dfte die anwesenden WeDa-Mitglieder und stellte die Tagesordnung fest. Danach wurde das Protokoll &hellip; Mitgliederversammlung 2025: Kurzbericht weiterlesen &rarr;\" \/>\n<meta property=\"og:url\" content=\"http:\/\/sc-weisse-dame.de\/v3\/2025\/07\/mitgliederversammlung-2025\/\" \/>\n<meta property=\"og:site_name\" content=\"SC Weisse Dame e. V.\" \/>\n<meta property=\"article:published_time\" content=\"2025-07-01T09:00:17+00:00\" \/>\n<meta property=\"article:modified_time\" content=\"2025-07-01T10:21:06+00:00\" \/>\n<meta property=\"og:image\" content=\"http:\/\/sc-weisse-dame.de\/v3\/wp-content\/uploads\/2025\/06\/IMG-20250628-WA00041.jpg\" \/>\n\t<meta property=\"og:image:width\" content=\"726\" \/>\n\t<meta property=\"og:image:height\" content=\"722\" \/>\n\t<meta property=\"og:image:type\" content=\"image\/jpeg\" \/>\n<meta name=\"author\" content=\"Dennis Bertuch, Christian Greiser\" \/>\n<meta name=\"twitter:card\" content=\"summary_large_image\" \/>\n<meta name=\"twitter:label1\" content=\"Verfasst von\" \/>\n\t<meta name=\"twitter:data1\" content=\"Dennis Bertuch\" \/>\n\t<meta name=\"twitter:label2\" content=\"Gesch\u00e4tzte Lesezeit\" \/>\n\t<meta name=\"twitter:data2\" content=\"4\u00a0Minuten\" \/>\n\t<meta name=\"twitter:label3\" content=\"Written by\" \/>\n\t<meta name=\"twitter:data3\" content=\"Dennis Bertuch, Christian Greiser\" \/>\n<script type=\"application\/ld+json\" class=\"yoast-schema-graph\">{\"@context\":\"https:\\\/\\\/schema.org\",\"@graph\":[{\"@type\":\"Article\",\"@id\":\"http:\\\/\\\/sc-weisse-dame.de\\\/v3\\\/2025\\\/07\\\/mitgliederversammlung-2025\\\/#article\",\"isPartOf\":{\"@id\":\"http:\\\/\\\/sc-weisse-dame.de\\\/v3\\\/2025\\\/07\\\/mitgliederversammlung-2025\\\/\"},\"author\":{\"name\":\"Dennis Bertuch\",\"@id\":\"http:\\\/\\\/sc-weisse-dame.de\\\/v3\\\/#\\\/schema\\\/person\\\/3de788f23977491c5edd43bf2e82f879\"},\"headline\":\"Mitgliederversammlung 2025: Kurzbericht\",\"datePublished\":\"2025-07-01T09:00:17+00:00\",\"dateModified\":\"2025-07-01T10:21:06+00:00\",\"mainEntityOfPage\":{\"@id\":\"http:\\\/\\\/sc-weisse-dame.de\\\/v3\\\/2025\\\/07\\\/mitgliederversammlung-2025\\\/\"},\"wordCount\":579,\"image\":{\"@id\":\"http:\\\/\\\/sc-weisse-dame.de\\\/v3\\\/2025\\\/07\\\/mitgliederversammlung-2025\\\/#primaryimage\"},\"thumbnailUrl\":\"http:\\\/\\\/sc-weisse-dame.de\\\/v3\\\/wp-content\\\/uploads\\\/2025\\\/06\\\/IMG-20250628-WA00041.jpg\",\"articleSection\":[\"Organisatorisches\"],\"inLanguage\":\"de\"},{\"@type\":\"WebPage\",\"@id\":\"http:\\\/\\\/sc-weisse-dame.de\\\/v3\\\/2025\\\/07\\\/mitgliederversammlung-2025\\\/\",\"url\":\"http:\\\/\\\/sc-weisse-dame.de\\\/v3\\\/2025\\\/07\\\/mitgliederversammlung-2025\\\/\",\"name\":\"Mitgliederversammlung 2025: Kurzbericht - SC Weisse Dame e. V.\",\"isPartOf\":{\"@id\":\"http:\\\/\\\/sc-weisse-dame.de\\\/v3\\\/#website\"},\"primaryImageOfPage\":{\"@id\":\"http:\\\/\\\/sc-weisse-dame.de\\\/v3\\\/2025\\\/07\\\/mitgliederversammlung-2025\\\/#primaryimage\"},\"image\":{\"@id\":\"http:\\\/\\\/sc-weisse-dame.de\\\/v3\\\/2025\\\/07\\\/mitgliederversammlung-2025\\\/#primaryimage\"},\"thumbnailUrl\":\"http:\\\/\\\/sc-weisse-dame.de\\\/v3\\\/wp-content\\\/uploads\\\/2025\\\/06\\\/IMG-20250628-WA00041.jpg\",\"datePublished\":\"2025-07-01T09:00:17+00:00\",\"dateModified\":\"2025-07-01T10:21:06+00:00\",\"author\":{\"@id\":\"http:\\\/\\\/sc-weisse-dame.de\\\/v3\\\/#\\\/schema\\\/person\\\/3de788f23977491c5edd43bf2e82f879\"},\"breadcrumb\":{\"@id\":\"http:\\\/\\\/sc-weisse-dame.de\\\/v3\\\/2025\\\/07\\\/mitgliederversammlung-2025\\\/#breadcrumb\"},\"inLanguage\":\"de\",\"potentialAction\":[{\"@type\":\"ReadAction\",\"target\":[\"http:\\\/\\\/sc-weisse-dame.de\\\/v3\\\/2025\\\/07\\\/mitgliederversammlung-2025\\\/\"]}]},{\"@type\":\"ImageObject\",\"inLanguage\":\"de\",\"@id\":\"http:\\\/\\\/sc-weisse-dame.de\\\/v3\\\/2025\\\/07\\\/mitgliederversammlung-2025\\\/#primaryimage\",\"url\":\"http:\\\/\\\/sc-weisse-dame.de\\\/v3\\\/wp-content\\\/uploads\\\/2025\\\/06\\\/IMG-20250628-WA00041.jpg\",\"contentUrl\":\"http:\\\/\\\/sc-weisse-dame.de\\\/v3\\\/wp-content\\\/uploads\\\/2025\\\/06\\\/IMG-20250628-WA00041.jpg\",\"width\":726,\"height\":722},{\"@type\":\"BreadcrumbList\",\"@id\":\"http:\\\/\\\/sc-weisse-dame.de\\\/v3\\\/2025\\\/07\\\/mitgliederversammlung-2025\\\/#breadcrumb\",\"itemListElement\":[{\"@type\":\"ListItem\",\"position\":1,\"name\":\"Startseite\",\"item\":\"http:\\\/\\\/sc-weisse-dame.de\\\/v3\\\/\"},{\"@type\":\"ListItem\",\"position\":2,\"name\":\"Mitgliederversammlung 2025: Kurzbericht\"}]},{\"@type\":\"WebSite\",\"@id\":\"http:\\\/\\\/sc-weisse-dame.de\\\/v3\\\/#website\",\"url\":\"http:\\\/\\\/sc-weisse-dame.de\\\/v3\\\/\",\"name\":\"SC Weisse Dame e. V.\",\"description\":\"Herzlich Willkommen!\",\"potentialAction\":[{\"@type\":\"SearchAction\",\"target\":{\"@type\":\"EntryPoint\",\"urlTemplate\":\"http:\\\/\\\/sc-weisse-dame.de\\\/v3\\\/?s={search_term_string}\"},\"query-input\":{\"@type\":\"PropertyValueSpecification\",\"valueRequired\":true,\"valueName\":\"search_term_string\"}}],\"inLanguage\":\"de\"},{\"@type\":\"Person\",\"@id\":\"http:\\\/\\\/sc-weisse-dame.de\\\/v3\\\/#\\\/schema\\\/person\\\/3de788f23977491c5edd43bf2e82f879\",\"name\":\"Dennis Bertuch\",\"url\":\"http:\\\/\\\/sc-weisse-dame.de\\\/v3\\\/author\\\/denber167\\\/\"}]}<\/script>\n<!-- \/ Yoast SEO plugin. -->","yoast_head_json":{"title":"Mitgliederversammlung 2025: Kurzbericht - SC Weisse Dame e. V.","robots":{"index":"index","follow":"follow","max-snippet":"max-snippet:-1","max-image-preview":"max-image-preview:large","max-video-preview":"max-video-preview:-1"},"canonical":"http:\/\/sc-weisse-dame.de\/v3\/2025\/07\/mitgliederversammlung-2025\/","og_locale":"de_DE","og_type":"article","og_title":"Mitgliederversammlung 2025: Kurzbericht - SC Weisse Dame e. V.","og_description":"Mitgliederversammlung 2025 (MV 2025): Kurzbericht Der scheidende 1. Vorsitzende Kai-Gerrit Venske er\u00f6ffnete p\u00fcnktlich die MV 2025. Er begr\u00fc\u00dfte die anwesenden WeDa-Mitglieder und stellte die Tagesordnung fest. Danach wurde das Protokoll &hellip; Mitgliederversammlung 2025: Kurzbericht weiterlesen &rarr;","og_url":"http:\/\/sc-weisse-dame.de\/v3\/2025\/07\/mitgliederversammlung-2025\/","og_site_name":"SC Weisse Dame e. V.","article_published_time":"2025-07-01T09:00:17+00:00","article_modified_time":"2025-07-01T10:21:06+00:00","og_image":[{"width":726,"height":722,"url":"http:\/\/sc-weisse-dame.de\/v3\/wp-content\/uploads\/2025\/06\/IMG-20250628-WA00041.jpg","type":"image\/jpeg"}],"author":"Dennis Bertuch, Christian Greiser","twitter_card":"summary_large_image","twitter_misc":{"Verfasst von":"Dennis Bertuch","Gesch\u00e4tzte Lesezeit":"4\u00a0Minuten","Written by":"Dennis Bertuch, Christian Greiser"},"schema":{"@context":"https:\/\/schema.org","@graph":[{"@type":"Article","@id":"http:\/\/sc-weisse-dame.de\/v3\/2025\/07\/mitgliederversammlung-2025\/#article","isPartOf":{"@id":"http:\/\/sc-weisse-dame.de\/v3\/2025\/07\/mitgliederversammlung-2025\/"},"author":{"name":"Dennis Bertuch","@id":"http:\/\/sc-weisse-dame.de\/v3\/#\/schema\/person\/3de788f23977491c5edd43bf2e82f879"},"headline":"Mitgliederversammlung 2025: Kurzbericht","datePublished":"2025-07-01T09:00:17+00:00","dateModified":"2025-07-01T10:21:06+00:00","mainEntityOfPage":{"@id":"http:\/\/sc-weisse-dame.de\/v3\/2025\/07\/mitgliederversammlung-2025\/"},"wordCount":579,"image":{"@id":"http:\/\/sc-weisse-dame.de\/v3\/2025\/07\/mitgliederversammlung-2025\/#primaryimage"},"thumbnailUrl":"http:\/\/sc-weisse-dame.de\/v3\/wp-content\/uploads\/2025\/06\/IMG-20250628-WA00041.jpg","articleSection":["Organisatorisches"],"inLanguage":"de"},{"@type":"WebPage","@id":"http:\/\/sc-weisse-dame.de\/v3\/2025\/07\/mitgliederversammlung-2025\/","url":"http:\/\/sc-weisse-dame.de\/v3\/2025\/07\/mitgliederversammlung-2025\/","name":"Mitgliederversammlung 2025: Kurzbericht - SC Weisse Dame e. V.","isPartOf":{"@id":"http:\/\/sc-weisse-dame.de\/v3\/#website"},"primaryImageOfPage":{"@id":"http:\/\/sc-weisse-dame.de\/v3\/2025\/07\/mitgliederversammlung-2025\/#primaryimage"},"image":{"@id":"http:\/\/sc-weisse-dame.de\/v3\/2025\/07\/mitgliederversammlung-2025\/#primaryimage"},"thumbnailUrl":"http:\/\/sc-weisse-dame.de\/v3\/wp-content\/uploads\/2025\/06\/IMG-20250628-WA00041.jpg","datePublished":"2025-07-01T09:00:17+00:00","dateModified":"2025-07-01T10:21:06+00:00","author":{"@id":"http:\/\/sc-weisse-dame.de\/v3\/#\/schema\/person\/3de788f23977491c5edd43bf2e82f879"},"breadcrumb":{"@id":"http:\/\/sc-weisse-dame.de\/v3\/2025\/07\/mitgliederversammlung-2025\/#breadcrumb"},"inLanguage":"de","potentialAction":[{"@type":"ReadAction","target":["http:\/\/sc-weisse-dame.de\/v3\/2025\/07\/mitgliederversammlung-2025\/"]}]},{"@type":"ImageObject","inLanguage":"de","@id":"http:\/\/sc-weisse-dame.de\/v3\/2025\/07\/mitgliederversammlung-2025\/#primaryimage","url":"http:\/\/sc-weisse-dame.de\/v3\/wp-content\/uploads\/2025\/06\/IMG-20250628-WA00041.jpg","contentUrl":"http:\/\/sc-weisse-dame.de\/v3\/wp-content\/uploads\/2025\/06\/IMG-20250628-WA00041.jpg","width":726,"height":722},{"@type":"BreadcrumbList","@id":"http:\/\/sc-weisse-dame.de\/v3\/2025\/07\/mitgliederversammlung-2025\/#breadcrumb","itemListElement":[{"@type":"ListItem","position":1,"name":"Startseite","item":"http:\/\/sc-weisse-dame.de\/v3\/"},{"@type":"ListItem","position":2,"name":"Mitgliederversammlung 2025: Kurzbericht"}]},{"@type":"WebSite","@id":"http:\/\/sc-weisse-dame.de\/v3\/#website","url":"http:\/\/sc-weisse-dame.de\/v3\/","name":"SC Weisse Dame e. V.","description":"Herzlich Willkommen!","potentialAction":[{"@type":"SearchAction","target":{"@type":"EntryPoint","urlTemplate":"http:\/\/sc-weisse-dame.de\/v3\/?s={search_term_string}"},"query-input":{"@type":"PropertyValueSpecification","valueRequired":true,"valueName":"search_term_string"}}],"inLanguage":"de"},{"@type":"Person","@id":"http:\/\/sc-weisse-dame.de\/v3\/#\/schema\/person\/3de788f23977491c5edd43bf2e82f879","name":"Dennis Bertuch","url":"http:\/\/sc-weisse-dame.de\/v3\/author\/denber167\/"}]}},"_links":{"self":[{"href":"http:\/\/sc-weisse-dame.de\/v3\/wp-json\/wp\/v2\/posts\/32576","targetHints":{"allow":["GET"]}}],"collection":[{"href":"http:\/\/sc-weisse-dame.de\/v3\/wp-json\/wp\/v2\/posts"}],"about":[{"href":"http:\/\/sc-weisse-dame.de\/v3\/wp-json\/wp\/v2\/types\/post"}],"author":[{"embeddable":true,"href":"http:\/\/sc-weisse-dame.de\/v3\/wp-json\/wp\/v2\/users\/42"}],"replies":[{"embeddable":true,"href":"http:\/\/sc-weisse-dame.de\/v3\/wp-json\/wp\/v2\/comments?post=32576"}],"version-history":[{"count":9,"href":"http:\/\/sc-weisse-dame.de\/v3\/wp-json\/wp\/v2\/posts\/32576\/revisions"}],"predecessor-version":[{"id":32647,"href":"http:\/\/sc-weisse-dame.de\/v3\/wp-json\/wp\/v2\/posts\/32576\/revisions\/32647"}],"wp:attachment":[{"href":"http:\/\/sc-weisse-dame.de\/v3\/wp-json\/wp\/v2\/media?parent=32576"}],"wp:term":[{"taxonomy":"category","embeddable":true,"href":"http:\/\/sc-weisse-dame.de\/v3\/wp-json\/wp\/v2\/categories?post=32576"},{"taxonomy":"post_tag","embeddable":true,"href":"http:\/\/sc-weisse-dame.de\/v3\/wp-json\/wp\/v2\/tags?post=32576"},{"taxonomy":"author","embeddable":true,"href":"http:\/\/sc-weisse-dame.de\/v3\/wp-json\/wp\/v2\/coauthors?post=32576"}],"curies":[{"name":"wp","href":"https:\/\/api.w.org\/{rel}","templated":true}]}}