{"id":31044,"date":"2025-01-05T07:00:34","date_gmt":"2025-01-05T06:00:34","guid":{"rendered":"http:\/\/sc-weisse-dame.de\/v3\/?p=31044"},"modified":"2025-01-14T02:34:03","modified_gmt":"2025-01-14T01:34:03","slug":"neujahrskalender-der-weissen-dame-5-tuerchen","status":"publish","type":"post","link":"http:\/\/sc-weisse-dame.de\/v3\/2025\/01\/neujahrskalender-der-weissen-dame-5-tuerchen\/","title":{"rendered":"Neujahrskalender der Weissen Dame \u2013 5. T\u00fcrchen"},"content":{"rendered":"<p><a href=\"http:\/\/sc-weisse-dame.de\/v3\/wp-content\/uploads\/2025\/01\/Memory-Quiz-schwarzer-Bauer-scaled.jpg\"><img loading=\"lazy\" decoding=\"async\" class=\"size-full wp-image-31254 aligncenter\" src=\"http:\/\/sc-weisse-dame.de\/v3\/wp-content\/uploads\/2025\/01\/Memory-Quiz-schwarzer-Bauer-scaled.jpg\" alt=\"\" width=\"2560\" height=\"1810\" \/><\/a><strong>Richtige Antwort: <\/strong><!--more--><strong>C<\/strong><\/p>\n<p style=\"text-align: justify;\">Der polnisch-franz\u00f6sische Schachmeister Savielly (Xavier) Grigoriewitsch Tartakower (1887\u20131956) war f\u00fcr seine Aphorismen, die zum Teil auch \u00fcber die Schachwelt hinaus Bedeutung erlangt haben, so bekannt, dass f\u00fcr diese sogar die Bezeichnung \u201eTartakowerismen\u201c gel\u00e4ufig geworden ist.<\/p>\n<p>Einige weitere Beispiele solcher Tartakowerismen sind:<br \/>\n\u201eDie Drohung ist st\u00e4rker als die Ausf\u00fchrung.\u201c<br \/>\n\u201eDie Fehler sind alle da, sie m\u00fcssen nur noch gemacht werden.\u201c<br \/>\n\u201eDer vorletzte Fehler gewinnt.\u201c<br \/>\n\u201eEs ist stets g\u00fcnstiger, die Steine des Gegners zu opfern.\u201c<br \/>\n\u201eDer Taktiker muss wissen, was er zu tun hat, wenn es etwas zu tun gibt; der Stratege muss wissen, was er zu tun hat, wenn es nichts zu tun gibt.\u201c<\/p>\n","protected":false},"excerpt":{"rendered":"<p>Richtige Antwort:<\/p>\n","protected":false},"author":11,"featured_media":0,"comment_status":"closed","ping_status":"closed","sticky":false,"template":"","format":"standard","meta":{"_price":"","_stock":"","_tribe_ticket_header":"","_tribe_default_ticket_provider":"","_tribe_ticket_capacity":"0","_ticket_start_date":"","_ticket_end_date":"","_tribe_ticket_show_description":"","_tribe_ticket_show_not_going":false,"_tribe_ticket_use_global_stock":"","_tribe_ticket_global_stock_level":"","_global_stock_mode":"","_global_stock_cap":"","_tribe_rsvp_for_event":"","_tribe_ticket_going_count":"","_tribe_ticket_not_going_count":"","_tribe_tickets_list":"[]","_tribe_ticket_has_attendee_info_fields":false,"footnotes":""},"categories":[1],"tags":[],"coauthors":[51],"class_list":["post-31044","post","type-post","status-publish","format-standard","hentry","category-allgemein"],"yoast_head":"<!-- This site is optimized with the Yoast SEO plugin v27.4 - https:\/\/yoast.com\/product\/yoast-seo-wordpress\/ -->\n<title>Neujahrskalender der Weissen Dame \u2013 5. T\u00fcrchen - SC Weisse Dame e. V.<\/title>\n<meta name=\"robots\" content=\"index, follow, max-snippet:-1, max-image-preview:large, max-video-preview:-1\" \/>\n<link rel=\"canonical\" href=\"http:\/\/sc-weisse-dame.de\/v3\/2025\/01\/neujahrskalender-der-weissen-dame-5-tuerchen\/\" \/>\n<meta property=\"og:locale\" content=\"de_DE\" \/>\n<meta property=\"og:type\" content=\"article\" \/>\n<meta property=\"og:title\" content=\"Neujahrskalender der Weissen Dame \u2013 5. T\u00fcrchen - SC Weisse Dame e. V.\" \/>\n<meta property=\"og:description\" content=\"Richtige Antwort:\" \/>\n<meta property=\"og:url\" content=\"http:\/\/sc-weisse-dame.de\/v3\/2025\/01\/neujahrskalender-der-weissen-dame-5-tuerchen\/\" \/>\n<meta property=\"og:site_name\" content=\"SC Weisse Dame e. V.\" \/>\n<meta property=\"article:published_time\" content=\"2025-01-05T06:00:34+00:00\" \/>\n<meta property=\"article:modified_time\" content=\"2025-01-14T01:34:03+00:00\" \/>\n<meta name=\"author\" content=\"Heinz Uhl\" \/>\n<meta name=\"twitter:card\" content=\"summary_large_image\" \/>\n<meta name=\"twitter:label1\" content=\"Verfasst von\" \/>\n\t<meta name=\"twitter:data1\" content=\"Heinz Uhl\" \/>\n\t<meta name=\"twitter:label2\" content=\"Gesch\u00e4tzte Lesezeit\" \/>\n\t<meta name=\"twitter:data2\" content=\"1\u00a0Minute\" \/>\n\t<meta name=\"twitter:label3\" content=\"Written by\" \/>\n\t<meta name=\"twitter:data3\" content=\"Heinz Uhl\" \/>\n<script type=\"application\/ld+json\" class=\"yoast-schema-graph\">{\"@context\":\"https:\\\/\\\/schema.org\",\"@graph\":[{\"@type\":\"Article\",\"@id\":\"http:\\\/\\\/sc-weisse-dame.de\\\/v3\\\/2025\\\/01\\\/neujahrskalender-der-weissen-dame-5-tuerchen\\\/#article\",\"isPartOf\":{\"@id\":\"http:\\\/\\\/sc-weisse-dame.de\\\/v3\\\/2025\\\/01\\\/neujahrskalender-der-weissen-dame-5-tuerchen\\\/\"},\"author\":{\"name\":\"Heinz Uhl\",\"@id\":\"http:\\\/\\\/sc-weisse-dame.de\\\/v3\\\/#\\\/schema\\\/person\\\/0edf448c4a9e8fe2896397a6aa52a4f5\"},\"headline\":\"Neujahrskalender der Weissen Dame \u2013 5. T\u00fcrchen\",\"datePublished\":\"2025-01-05T06:00:34+00:00\",\"dateModified\":\"2025-01-14T01:34:03+00:00\",\"mainEntityOfPage\":{\"@id\":\"http:\\\/\\\/sc-weisse-dame.de\\\/v3\\\/2025\\\/01\\\/neujahrskalender-der-weissen-dame-5-tuerchen\\\/\"},\"wordCount\":119,\"image\":{\"@id\":\"http:\\\/\\\/sc-weisse-dame.de\\\/v3\\\/2025\\\/01\\\/neujahrskalender-der-weissen-dame-5-tuerchen\\\/#primaryimage\"},\"thumbnailUrl\":\"http:\\\/\\\/sc-weisse-dame.de\\\/v3\\\/wp-content\\\/uploads\\\/2025\\\/01\\\/Memory-Quiz-schwarzer-Bauer-scaled.jpg\",\"inLanguage\":\"de\"},{\"@type\":\"WebPage\",\"@id\":\"http:\\\/\\\/sc-weisse-dame.de\\\/v3\\\/2025\\\/01\\\/neujahrskalender-der-weissen-dame-5-tuerchen\\\/\",\"url\":\"http:\\\/\\\/sc-weisse-dame.de\\\/v3\\\/2025\\\/01\\\/neujahrskalender-der-weissen-dame-5-tuerchen\\\/\",\"name\":\"Neujahrskalender der Weissen Dame \u2013 5. T\u00fcrchen - SC Weisse Dame e. V.\",\"isPartOf\":{\"@id\":\"http:\\\/\\\/sc-weisse-dame.de\\\/v3\\\/#website\"},\"primaryImageOfPage\":{\"@id\":\"http:\\\/\\\/sc-weisse-dame.de\\\/v3\\\/2025\\\/01\\\/neujahrskalender-der-weissen-dame-5-tuerchen\\\/#primaryimage\"},\"image\":{\"@id\":\"http:\\\/\\\/sc-weisse-dame.de\\\/v3\\\/2025\\\/01\\\/neujahrskalender-der-weissen-dame-5-tuerchen\\\/#primaryimage\"},\"thumbnailUrl\":\"http:\\\/\\\/sc-weisse-dame.de\\\/v3\\\/wp-content\\\/uploads\\\/2025\\\/01\\\/Memory-Quiz-schwarzer-Bauer-scaled.jpg\",\"datePublished\":\"2025-01-05T06:00:34+00:00\",\"dateModified\":\"2025-01-14T01:34:03+00:00\",\"author\":{\"@id\":\"http:\\\/\\\/sc-weisse-dame.de\\\/v3\\\/#\\\/schema\\\/person\\\/0edf448c4a9e8fe2896397a6aa52a4f5\"},\"breadcrumb\":{\"@id\":\"http:\\\/\\\/sc-weisse-dame.de\\\/v3\\\/2025\\\/01\\\/neujahrskalender-der-weissen-dame-5-tuerchen\\\/#breadcrumb\"},\"inLanguage\":\"de\",\"potentialAction\":[{\"@type\":\"ReadAction\",\"target\":[\"http:\\\/\\\/sc-weisse-dame.de\\\/v3\\\/2025\\\/01\\\/neujahrskalender-der-weissen-dame-5-tuerchen\\\/\"]}]},{\"@type\":\"ImageObject\",\"inLanguage\":\"de\",\"@id\":\"http:\\\/\\\/sc-weisse-dame.de\\\/v3\\\/2025\\\/01\\\/neujahrskalender-der-weissen-dame-5-tuerchen\\\/#primaryimage\",\"url\":\"http:\\\/\\\/sc-weisse-dame.de\\\/v3\\\/wp-content\\\/uploads\\\/2025\\\/01\\\/Memory-Quiz-schwarzer-Bauer-scaled.jpg\",\"contentUrl\":\"http:\\\/\\\/sc-weisse-dame.de\\\/v3\\\/wp-content\\\/uploads\\\/2025\\\/01\\\/Memory-Quiz-schwarzer-Bauer-scaled.jpg\",\"width\":2560,\"height\":1810},{\"@type\":\"BreadcrumbList\",\"@id\":\"http:\\\/\\\/sc-weisse-dame.de\\\/v3\\\/2025\\\/01\\\/neujahrskalender-der-weissen-dame-5-tuerchen\\\/#breadcrumb\",\"itemListElement\":[{\"@type\":\"ListItem\",\"position\":1,\"name\":\"Startseite\",\"item\":\"http:\\\/\\\/sc-weisse-dame.de\\\/v3\\\/\"},{\"@type\":\"ListItem\",\"position\":2,\"name\":\"Neujahrskalender der Weissen Dame \u2013 5. T\u00fcrchen\"}]},{\"@type\":\"WebSite\",\"@id\":\"http:\\\/\\\/sc-weisse-dame.de\\\/v3\\\/#website\",\"url\":\"http:\\\/\\\/sc-weisse-dame.de\\\/v3\\\/\",\"name\":\"SC Weisse Dame e. V.\",\"description\":\"Herzlich Willkommen!\",\"potentialAction\":[{\"@type\":\"SearchAction\",\"target\":{\"@type\":\"EntryPoint\",\"urlTemplate\":\"http:\\\/\\\/sc-weisse-dame.de\\\/v3\\\/?s={search_term_string}\"},\"query-input\":{\"@type\":\"PropertyValueSpecification\",\"valueRequired\":true,\"valueName\":\"search_term_string\"}}],\"inLanguage\":\"de\"},{\"@type\":\"Person\",\"@id\":\"http:\\\/\\\/sc-weisse-dame.de\\\/v3\\\/#\\\/schema\\\/person\\\/0edf448c4a9e8fe2896397a6aa52a4f5\",\"name\":\"Heinz Uhl\",\"url\":\"http:\\\/\\\/sc-weisse-dame.de\\\/v3\\\/author\\\/heinz_uhl\\\/\"}]}<\/script>\n<!-- \/ Yoast SEO plugin. -->","yoast_head_json":{"title":"Neujahrskalender der Weissen Dame \u2013 5. T\u00fcrchen - SC Weisse Dame e. V.","robots":{"index":"index","follow":"follow","max-snippet":"max-snippet:-1","max-image-preview":"max-image-preview:large","max-video-preview":"max-video-preview:-1"},"canonical":"http:\/\/sc-weisse-dame.de\/v3\/2025\/01\/neujahrskalender-der-weissen-dame-5-tuerchen\/","og_locale":"de_DE","og_type":"article","og_title":"Neujahrskalender der Weissen Dame \u2013 5. T\u00fcrchen - SC Weisse Dame e. V.","og_description":"Richtige Antwort:","og_url":"http:\/\/sc-weisse-dame.de\/v3\/2025\/01\/neujahrskalender-der-weissen-dame-5-tuerchen\/","og_site_name":"SC Weisse Dame e. V.","article_published_time":"2025-01-05T06:00:34+00:00","article_modified_time":"2025-01-14T01:34:03+00:00","author":"Heinz Uhl","twitter_card":"summary_large_image","twitter_misc":{"Verfasst von":"Heinz Uhl","Gesch\u00e4tzte Lesezeit":"1\u00a0Minute","Written by":"Heinz Uhl"},"schema":{"@context":"https:\/\/schema.org","@graph":[{"@type":"Article","@id":"http:\/\/sc-weisse-dame.de\/v3\/2025\/01\/neujahrskalender-der-weissen-dame-5-tuerchen\/#article","isPartOf":{"@id":"http:\/\/sc-weisse-dame.de\/v3\/2025\/01\/neujahrskalender-der-weissen-dame-5-tuerchen\/"},"author":{"name":"Heinz Uhl","@id":"http:\/\/sc-weisse-dame.de\/v3\/#\/schema\/person\/0edf448c4a9e8fe2896397a6aa52a4f5"},"headline":"Neujahrskalender der Weissen Dame \u2013 5. T\u00fcrchen","datePublished":"2025-01-05T06:00:34+00:00","dateModified":"2025-01-14T01:34:03+00:00","mainEntityOfPage":{"@id":"http:\/\/sc-weisse-dame.de\/v3\/2025\/01\/neujahrskalender-der-weissen-dame-5-tuerchen\/"},"wordCount":119,"image":{"@id":"http:\/\/sc-weisse-dame.de\/v3\/2025\/01\/neujahrskalender-der-weissen-dame-5-tuerchen\/#primaryimage"},"thumbnailUrl":"http:\/\/sc-weisse-dame.de\/v3\/wp-content\/uploads\/2025\/01\/Memory-Quiz-schwarzer-Bauer-scaled.jpg","inLanguage":"de"},{"@type":"WebPage","@id":"http:\/\/sc-weisse-dame.de\/v3\/2025\/01\/neujahrskalender-der-weissen-dame-5-tuerchen\/","url":"http:\/\/sc-weisse-dame.de\/v3\/2025\/01\/neujahrskalender-der-weissen-dame-5-tuerchen\/","name":"Neujahrskalender der Weissen Dame \u2013 5. T\u00fcrchen - SC Weisse Dame e. V.","isPartOf":{"@id":"http:\/\/sc-weisse-dame.de\/v3\/#website"},"primaryImageOfPage":{"@id":"http:\/\/sc-weisse-dame.de\/v3\/2025\/01\/neujahrskalender-der-weissen-dame-5-tuerchen\/#primaryimage"},"image":{"@id":"http:\/\/sc-weisse-dame.de\/v3\/2025\/01\/neujahrskalender-der-weissen-dame-5-tuerchen\/#primaryimage"},"thumbnailUrl":"http:\/\/sc-weisse-dame.de\/v3\/wp-content\/uploads\/2025\/01\/Memory-Quiz-schwarzer-Bauer-scaled.jpg","datePublished":"2025-01-05T06:00:34+00:00","dateModified":"2025-01-14T01:34:03+00:00","author":{"@id":"http:\/\/sc-weisse-dame.de\/v3\/#\/schema\/person\/0edf448c4a9e8fe2896397a6aa52a4f5"},"breadcrumb":{"@id":"http:\/\/sc-weisse-dame.de\/v3\/2025\/01\/neujahrskalender-der-weissen-dame-5-tuerchen\/#breadcrumb"},"inLanguage":"de","potentialAction":[{"@type":"ReadAction","target":["http:\/\/sc-weisse-dame.de\/v3\/2025\/01\/neujahrskalender-der-weissen-dame-5-tuerchen\/"]}]},{"@type":"ImageObject","inLanguage":"de","@id":"http:\/\/sc-weisse-dame.de\/v3\/2025\/01\/neujahrskalender-der-weissen-dame-5-tuerchen\/#primaryimage","url":"http:\/\/sc-weisse-dame.de\/v3\/wp-content\/uploads\/2025\/01\/Memory-Quiz-schwarzer-Bauer-scaled.jpg","contentUrl":"http:\/\/sc-weisse-dame.de\/v3\/wp-content\/uploads\/2025\/01\/Memory-Quiz-schwarzer-Bauer-scaled.jpg","width":2560,"height":1810},{"@type":"BreadcrumbList","@id":"http:\/\/sc-weisse-dame.de\/v3\/2025\/01\/neujahrskalender-der-weissen-dame-5-tuerchen\/#breadcrumb","itemListElement":[{"@type":"ListItem","position":1,"name":"Startseite","item":"http:\/\/sc-weisse-dame.de\/v3\/"},{"@type":"ListItem","position":2,"name":"Neujahrskalender der Weissen Dame \u2013 5. T\u00fcrchen"}]},{"@type":"WebSite","@id":"http:\/\/sc-weisse-dame.de\/v3\/#website","url":"http:\/\/sc-weisse-dame.de\/v3\/","name":"SC Weisse Dame e. V.","description":"Herzlich Willkommen!","potentialAction":[{"@type":"SearchAction","target":{"@type":"EntryPoint","urlTemplate":"http:\/\/sc-weisse-dame.de\/v3\/?s={search_term_string}"},"query-input":{"@type":"PropertyValueSpecification","valueRequired":true,"valueName":"search_term_string"}}],"inLanguage":"de"},{"@type":"Person","@id":"http:\/\/sc-weisse-dame.de\/v3\/#\/schema\/person\/0edf448c4a9e8fe2896397a6aa52a4f5","name":"Heinz Uhl","url":"http:\/\/sc-weisse-dame.de\/v3\/author\/heinz_uhl\/"}]}},"_links":{"self":[{"href":"http:\/\/sc-weisse-dame.de\/v3\/wp-json\/wp\/v2\/posts\/31044","targetHints":{"allow":["GET"]}}],"collection":[{"href":"http:\/\/sc-weisse-dame.de\/v3\/wp-json\/wp\/v2\/posts"}],"about":[{"href":"http:\/\/sc-weisse-dame.de\/v3\/wp-json\/wp\/v2\/types\/post"}],"author":[{"embeddable":true,"href":"http:\/\/sc-weisse-dame.de\/v3\/wp-json\/wp\/v2\/users\/11"}],"replies":[{"embeddable":true,"href":"http:\/\/sc-weisse-dame.de\/v3\/wp-json\/wp\/v2\/comments?post=31044"}],"version-history":[{"count":5,"href":"http:\/\/sc-weisse-dame.de\/v3\/wp-json\/wp\/v2\/posts\/31044\/revisions"}],"predecessor-version":[{"id":31278,"href":"http:\/\/sc-weisse-dame.de\/v3\/wp-json\/wp\/v2\/posts\/31044\/revisions\/31278"}],"wp:attachment":[{"href":"http:\/\/sc-weisse-dame.de\/v3\/wp-json\/wp\/v2\/media?parent=31044"}],"wp:term":[{"taxonomy":"category","embeddable":true,"href":"http:\/\/sc-weisse-dame.de\/v3\/wp-json\/wp\/v2\/categories?post=31044"},{"taxonomy":"post_tag","embeddable":true,"href":"http:\/\/sc-weisse-dame.de\/v3\/wp-json\/wp\/v2\/tags?post=31044"},{"taxonomy":"author","embeddable":true,"href":"http:\/\/sc-weisse-dame.de\/v3\/wp-json\/wp\/v2\/coauthors?post=31044"}],"curies":[{"name":"wp","href":"https:\/\/api.w.org\/{rel}","templated":true}]}}