{"id":31042,"date":"2025-01-12T07:00:45","date_gmt":"2025-01-12T06:00:45","guid":{"rendered":"http:\/\/sc-weisse-dame.de\/v3\/?p=31042"},"modified":"2025-01-14T13:02:59","modified_gmt":"2025-01-14T12:02:59","slug":"neujahrskalender-der-weissen-dame-12-tuerchen","status":"publish","type":"post","link":"http:\/\/sc-weisse-dame.de\/v3\/2025\/01\/neujahrskalender-der-weissen-dame-12-tuerchen\/","title":{"rendered":"Neujahrskalender der Weissen Dame \u2013 12. T\u00fcrchen"},"content":{"rendered":"<p><a href=\"http:\/\/sc-weisse-dame.de\/v3\/wp-content\/uploads\/2025\/01\/Memory-Quiz-weisser-Bauer-scaled.jpg\"><img loading=\"lazy\" decoding=\"async\" class=\"alignnone size-full wp-image-31260\" src=\"http:\/\/sc-weisse-dame.de\/v3\/wp-content\/uploads\/2025\/01\/Memory-Quiz-weisser-Bauer-scaled.jpg\" alt=\"\" width=\"2560\" height=\"1810\" \/><\/a><\/p>\n<p style=\"text-align: justify;\"><strong>Richtige Antwort: <\/strong><!--more--><strong>D<\/strong><\/p>\n<p style=\"text-align: justify;\">In Anlehnung an die umgangssprachlich f\u00fcr einen krankhaften Mangel an wei\u00dfen Blutk\u00f6rperchen im Blut \u00fcbliche Bezeichnung Leukopenie (altgriech. f\u00fcr <em>Wei\u00dfarmut<\/em>) \u2013 medizinisch korrekt: Leukozytopenie \u2013 hat Johann (Hans) Joseph Kmoch (1894\u20131973) in seinem Klassiker der Schachliteratur \u201eDie Kunst der Bauernf\u00fchrung\u201c (2. Aufl. 1967) eine \u201eSchw\u00e4che auf den wei\u00dfen Feldern\u201c ebenfalls als Leukopenie bezeichnet. Zur Begr\u00fcndung hat er angef\u00fchrt, dass &#8222;Krankheiten [&#8230;] nun einmal ein gewisses Recht auf griechische Namen\u201c h\u00e4tten.<\/p>\n<p style=\"text-align: center;\"><a href=\"http:\/\/sc-weisse-dame.de\/v3\/wp-content\/uploads\/2025\/01\/Memory-Quiz-weisser-Bauer-Diagramm.jpg\"><img loading=\"lazy\" decoding=\"async\" class=\"aligncenter wp-image-31250\" src=\"http:\/\/sc-weisse-dame.de\/v3\/wp-content\/uploads\/2025\/01\/Memory-Quiz-weisser-Bauer-Diagramm.jpg\" alt=\"\" width=\"360\" height=\"360\" srcset=\"http:\/\/sc-weisse-dame.de\/v3\/wp-content\/uploads\/2025\/01\/Memory-Quiz-weisser-Bauer-Diagramm.jpg 1080w, http:\/\/sc-weisse-dame.de\/v3\/wp-content\/uploads\/2025\/01\/Memory-Quiz-weisser-Bauer-Diagramm-600x600.jpg 600w\" sizes=\"auto, (max-width: 360px) 100vw, 360px\" \/><\/a><em>Musterbeispiel f\u00fcr einen Fall von \u201eLeukopenie\u201c<\/em><\/p>\n<p style=\"text-align: justify;\">Gemeint ist mit dem Begriff eine mangelnde Kontrolle \u00fcber die wei\u00dfen Felder, die gegeben ist, wenn ein Spieler wie auf dem abgebildeten Diagramm Wei\u00df nur \u00fcber einen schwarzfeldrigen L\u00e4ufer verf\u00fcgt und die eigenen Bauern zudem auf schwarzen Feldern festgelegt sind. Analog dazu hat Kmoch den umgekehrten Fall, n\u00e4mlich eine mangelnde Kontrolle \u00fcber die schwarzen Felder im Fall eines wei\u00dffeldrigen L\u00e4ufers in Verbindung mit auf den wei\u00dfen Feldern festgelegten eigenen Bauern als Melanpenie (altgriech. f\u00fcr <em>Schwarzarmut<\/em>) bezeichnet.<\/p>\n<p style=\"text-align: justify;\">Beide Begriffe haben also nichts mit der Farbe der Figuren zu tun, sondern beziehen sich auf die Farbe der Felder, auf denen die Figuren stehen. Mithin lassen sich die Begriffe f\u00fcr Wei\u00df und Schwarz gleicherma\u00dfen verwenden.<\/p>\n","protected":false},"excerpt":{"rendered":"<p>Richtige Antwort:<\/p>\n","protected":false},"author":11,"featured_media":0,"comment_status":"closed","ping_status":"closed","sticky":false,"template":"","format":"standard","meta":{"_price":"","_stock":"","_tribe_ticket_header":"","_tribe_default_ticket_provider":"","_tribe_ticket_capacity":"0","_ticket_start_date":"","_ticket_end_date":"","_tribe_ticket_show_description":"","_tribe_ticket_show_not_going":false,"_tribe_ticket_use_global_stock":"","_tribe_ticket_global_stock_level":"","_global_stock_mode":"","_global_stock_cap":"","_tribe_rsvp_for_event":"","_tribe_ticket_going_count":"","_tribe_ticket_not_going_count":"","_tribe_tickets_list":"[]","_tribe_ticket_has_attendee_info_fields":false,"footnotes":""},"categories":[1],"tags":[],"coauthors":[51],"class_list":["post-31042","post","type-post","status-publish","format-standard","hentry","category-allgemein"],"yoast_head":"<!-- This site is optimized with the Yoast SEO plugin v27.4 - https:\/\/yoast.com\/product\/yoast-seo-wordpress\/ -->\n<title>Neujahrskalender der Weissen Dame \u2013 12. T\u00fcrchen - SC Weisse Dame e. V.<\/title>\n<meta name=\"robots\" content=\"index, follow, max-snippet:-1, max-image-preview:large, max-video-preview:-1\" \/>\n<link rel=\"canonical\" href=\"http:\/\/sc-weisse-dame.de\/v3\/2025\/01\/neujahrskalender-der-weissen-dame-12-tuerchen\/\" \/>\n<meta property=\"og:locale\" content=\"de_DE\" \/>\n<meta property=\"og:type\" content=\"article\" \/>\n<meta property=\"og:title\" content=\"Neujahrskalender der Weissen Dame \u2013 12. T\u00fcrchen - SC Weisse Dame e. V.\" \/>\n<meta property=\"og:description\" content=\"Richtige Antwort:\" \/>\n<meta property=\"og:url\" content=\"http:\/\/sc-weisse-dame.de\/v3\/2025\/01\/neujahrskalender-der-weissen-dame-12-tuerchen\/\" \/>\n<meta property=\"og:site_name\" content=\"SC Weisse Dame e. V.\" \/>\n<meta property=\"article:published_time\" content=\"2025-01-12T06:00:45+00:00\" \/>\n<meta property=\"article:modified_time\" content=\"2025-01-14T12:02:59+00:00\" \/>\n<meta name=\"author\" content=\"Heinz Uhl\" \/>\n<meta name=\"twitter:card\" content=\"summary_large_image\" \/>\n<meta name=\"twitter:label1\" content=\"Verfasst von\" \/>\n\t<meta name=\"twitter:data1\" content=\"Heinz Uhl\" \/>\n\t<meta name=\"twitter:label2\" content=\"Gesch\u00e4tzte Lesezeit\" \/>\n\t<meta name=\"twitter:data2\" content=\"2\u00a0Minuten\" \/>\n\t<meta name=\"twitter:label3\" content=\"Written by\" \/>\n\t<meta name=\"twitter:data3\" content=\"Heinz Uhl\" \/>\n<script type=\"application\/ld+json\" class=\"yoast-schema-graph\">{\"@context\":\"https:\\\/\\\/schema.org\",\"@graph\":[{\"@type\":\"Article\",\"@id\":\"http:\\\/\\\/sc-weisse-dame.de\\\/v3\\\/2025\\\/01\\\/neujahrskalender-der-weissen-dame-12-tuerchen\\\/#article\",\"isPartOf\":{\"@id\":\"http:\\\/\\\/sc-weisse-dame.de\\\/v3\\\/2025\\\/01\\\/neujahrskalender-der-weissen-dame-12-tuerchen\\\/\"},\"author\":{\"name\":\"Heinz Uhl\",\"@id\":\"http:\\\/\\\/sc-weisse-dame.de\\\/v3\\\/#\\\/schema\\\/person\\\/0edf448c4a9e8fe2896397a6aa52a4f5\"},\"headline\":\"Neujahrskalender der Weissen Dame \u2013 12. T\u00fcrchen\",\"datePublished\":\"2025-01-12T06:00:45+00:00\",\"dateModified\":\"2025-01-14T12:02:59+00:00\",\"mainEntityOfPage\":{\"@id\":\"http:\\\/\\\/sc-weisse-dame.de\\\/v3\\\/2025\\\/01\\\/neujahrskalender-der-weissen-dame-12-tuerchen\\\/\"},\"wordCount\":213,\"image\":{\"@id\":\"http:\\\/\\\/sc-weisse-dame.de\\\/v3\\\/2025\\\/01\\\/neujahrskalender-der-weissen-dame-12-tuerchen\\\/#primaryimage\"},\"thumbnailUrl\":\"http:\\\/\\\/sc-weisse-dame.de\\\/v3\\\/wp-content\\\/uploads\\\/2025\\\/01\\\/Memory-Quiz-weisser-Bauer-scaled.jpg\",\"inLanguage\":\"de\"},{\"@type\":\"WebPage\",\"@id\":\"http:\\\/\\\/sc-weisse-dame.de\\\/v3\\\/2025\\\/01\\\/neujahrskalender-der-weissen-dame-12-tuerchen\\\/\",\"url\":\"http:\\\/\\\/sc-weisse-dame.de\\\/v3\\\/2025\\\/01\\\/neujahrskalender-der-weissen-dame-12-tuerchen\\\/\",\"name\":\"Neujahrskalender der Weissen Dame \u2013 12. T\u00fcrchen - SC Weisse Dame e. V.\",\"isPartOf\":{\"@id\":\"http:\\\/\\\/sc-weisse-dame.de\\\/v3\\\/#website\"},\"primaryImageOfPage\":{\"@id\":\"http:\\\/\\\/sc-weisse-dame.de\\\/v3\\\/2025\\\/01\\\/neujahrskalender-der-weissen-dame-12-tuerchen\\\/#primaryimage\"},\"image\":{\"@id\":\"http:\\\/\\\/sc-weisse-dame.de\\\/v3\\\/2025\\\/01\\\/neujahrskalender-der-weissen-dame-12-tuerchen\\\/#primaryimage\"},\"thumbnailUrl\":\"http:\\\/\\\/sc-weisse-dame.de\\\/v3\\\/wp-content\\\/uploads\\\/2025\\\/01\\\/Memory-Quiz-weisser-Bauer-scaled.jpg\",\"datePublished\":\"2025-01-12T06:00:45+00:00\",\"dateModified\":\"2025-01-14T12:02:59+00:00\",\"author\":{\"@id\":\"http:\\\/\\\/sc-weisse-dame.de\\\/v3\\\/#\\\/schema\\\/person\\\/0edf448c4a9e8fe2896397a6aa52a4f5\"},\"breadcrumb\":{\"@id\":\"http:\\\/\\\/sc-weisse-dame.de\\\/v3\\\/2025\\\/01\\\/neujahrskalender-der-weissen-dame-12-tuerchen\\\/#breadcrumb\"},\"inLanguage\":\"de\",\"potentialAction\":[{\"@type\":\"ReadAction\",\"target\":[\"http:\\\/\\\/sc-weisse-dame.de\\\/v3\\\/2025\\\/01\\\/neujahrskalender-der-weissen-dame-12-tuerchen\\\/\"]}]},{\"@type\":\"ImageObject\",\"inLanguage\":\"de\",\"@id\":\"http:\\\/\\\/sc-weisse-dame.de\\\/v3\\\/2025\\\/01\\\/neujahrskalender-der-weissen-dame-12-tuerchen\\\/#primaryimage\",\"url\":\"http:\\\/\\\/sc-weisse-dame.de\\\/v3\\\/wp-content\\\/uploads\\\/2025\\\/01\\\/Memory-Quiz-weisser-Bauer-scaled.jpg\",\"contentUrl\":\"http:\\\/\\\/sc-weisse-dame.de\\\/v3\\\/wp-content\\\/uploads\\\/2025\\\/01\\\/Memory-Quiz-weisser-Bauer-scaled.jpg\",\"width\":2560,\"height\":1810},{\"@type\":\"BreadcrumbList\",\"@id\":\"http:\\\/\\\/sc-weisse-dame.de\\\/v3\\\/2025\\\/01\\\/neujahrskalender-der-weissen-dame-12-tuerchen\\\/#breadcrumb\",\"itemListElement\":[{\"@type\":\"ListItem\",\"position\":1,\"name\":\"Startseite\",\"item\":\"http:\\\/\\\/sc-weisse-dame.de\\\/v3\\\/\"},{\"@type\":\"ListItem\",\"position\":2,\"name\":\"Neujahrskalender der Weissen Dame \u2013 12. T\u00fcrchen\"}]},{\"@type\":\"WebSite\",\"@id\":\"http:\\\/\\\/sc-weisse-dame.de\\\/v3\\\/#website\",\"url\":\"http:\\\/\\\/sc-weisse-dame.de\\\/v3\\\/\",\"name\":\"SC Weisse Dame e. V.\",\"description\":\"Herzlich Willkommen!\",\"potentialAction\":[{\"@type\":\"SearchAction\",\"target\":{\"@type\":\"EntryPoint\",\"urlTemplate\":\"http:\\\/\\\/sc-weisse-dame.de\\\/v3\\\/?s={search_term_string}\"},\"query-input\":{\"@type\":\"PropertyValueSpecification\",\"valueRequired\":true,\"valueName\":\"search_term_string\"}}],\"inLanguage\":\"de\"},{\"@type\":\"Person\",\"@id\":\"http:\\\/\\\/sc-weisse-dame.de\\\/v3\\\/#\\\/schema\\\/person\\\/0edf448c4a9e8fe2896397a6aa52a4f5\",\"name\":\"Heinz Uhl\",\"url\":\"http:\\\/\\\/sc-weisse-dame.de\\\/v3\\\/author\\\/heinz_uhl\\\/\"}]}<\/script>\n<!-- \/ Yoast SEO plugin. -->","yoast_head_json":{"title":"Neujahrskalender der Weissen Dame \u2013 12. T\u00fcrchen - SC Weisse Dame e. V.","robots":{"index":"index","follow":"follow","max-snippet":"max-snippet:-1","max-image-preview":"max-image-preview:large","max-video-preview":"max-video-preview:-1"},"canonical":"http:\/\/sc-weisse-dame.de\/v3\/2025\/01\/neujahrskalender-der-weissen-dame-12-tuerchen\/","og_locale":"de_DE","og_type":"article","og_title":"Neujahrskalender der Weissen Dame \u2013 12. T\u00fcrchen - SC Weisse Dame e. V.","og_description":"Richtige Antwort:","og_url":"http:\/\/sc-weisse-dame.de\/v3\/2025\/01\/neujahrskalender-der-weissen-dame-12-tuerchen\/","og_site_name":"SC Weisse Dame e. V.","article_published_time":"2025-01-12T06:00:45+00:00","article_modified_time":"2025-01-14T12:02:59+00:00","author":"Heinz Uhl","twitter_card":"summary_large_image","twitter_misc":{"Verfasst von":"Heinz Uhl","Gesch\u00e4tzte Lesezeit":"2\u00a0Minuten","Written by":"Heinz Uhl"},"schema":{"@context":"https:\/\/schema.org","@graph":[{"@type":"Article","@id":"http:\/\/sc-weisse-dame.de\/v3\/2025\/01\/neujahrskalender-der-weissen-dame-12-tuerchen\/#article","isPartOf":{"@id":"http:\/\/sc-weisse-dame.de\/v3\/2025\/01\/neujahrskalender-der-weissen-dame-12-tuerchen\/"},"author":{"name":"Heinz Uhl","@id":"http:\/\/sc-weisse-dame.de\/v3\/#\/schema\/person\/0edf448c4a9e8fe2896397a6aa52a4f5"},"headline":"Neujahrskalender der Weissen Dame \u2013 12. T\u00fcrchen","datePublished":"2025-01-12T06:00:45+00:00","dateModified":"2025-01-14T12:02:59+00:00","mainEntityOfPage":{"@id":"http:\/\/sc-weisse-dame.de\/v3\/2025\/01\/neujahrskalender-der-weissen-dame-12-tuerchen\/"},"wordCount":213,"image":{"@id":"http:\/\/sc-weisse-dame.de\/v3\/2025\/01\/neujahrskalender-der-weissen-dame-12-tuerchen\/#primaryimage"},"thumbnailUrl":"http:\/\/sc-weisse-dame.de\/v3\/wp-content\/uploads\/2025\/01\/Memory-Quiz-weisser-Bauer-scaled.jpg","inLanguage":"de"},{"@type":"WebPage","@id":"http:\/\/sc-weisse-dame.de\/v3\/2025\/01\/neujahrskalender-der-weissen-dame-12-tuerchen\/","url":"http:\/\/sc-weisse-dame.de\/v3\/2025\/01\/neujahrskalender-der-weissen-dame-12-tuerchen\/","name":"Neujahrskalender der Weissen Dame \u2013 12. T\u00fcrchen - SC Weisse Dame e. V.","isPartOf":{"@id":"http:\/\/sc-weisse-dame.de\/v3\/#website"},"primaryImageOfPage":{"@id":"http:\/\/sc-weisse-dame.de\/v3\/2025\/01\/neujahrskalender-der-weissen-dame-12-tuerchen\/#primaryimage"},"image":{"@id":"http:\/\/sc-weisse-dame.de\/v3\/2025\/01\/neujahrskalender-der-weissen-dame-12-tuerchen\/#primaryimage"},"thumbnailUrl":"http:\/\/sc-weisse-dame.de\/v3\/wp-content\/uploads\/2025\/01\/Memory-Quiz-weisser-Bauer-scaled.jpg","datePublished":"2025-01-12T06:00:45+00:00","dateModified":"2025-01-14T12:02:59+00:00","author":{"@id":"http:\/\/sc-weisse-dame.de\/v3\/#\/schema\/person\/0edf448c4a9e8fe2896397a6aa52a4f5"},"breadcrumb":{"@id":"http:\/\/sc-weisse-dame.de\/v3\/2025\/01\/neujahrskalender-der-weissen-dame-12-tuerchen\/#breadcrumb"},"inLanguage":"de","potentialAction":[{"@type":"ReadAction","target":["http:\/\/sc-weisse-dame.de\/v3\/2025\/01\/neujahrskalender-der-weissen-dame-12-tuerchen\/"]}]},{"@type":"ImageObject","inLanguage":"de","@id":"http:\/\/sc-weisse-dame.de\/v3\/2025\/01\/neujahrskalender-der-weissen-dame-12-tuerchen\/#primaryimage","url":"http:\/\/sc-weisse-dame.de\/v3\/wp-content\/uploads\/2025\/01\/Memory-Quiz-weisser-Bauer-scaled.jpg","contentUrl":"http:\/\/sc-weisse-dame.de\/v3\/wp-content\/uploads\/2025\/01\/Memory-Quiz-weisser-Bauer-scaled.jpg","width":2560,"height":1810},{"@type":"BreadcrumbList","@id":"http:\/\/sc-weisse-dame.de\/v3\/2025\/01\/neujahrskalender-der-weissen-dame-12-tuerchen\/#breadcrumb","itemListElement":[{"@type":"ListItem","position":1,"name":"Startseite","item":"http:\/\/sc-weisse-dame.de\/v3\/"},{"@type":"ListItem","position":2,"name":"Neujahrskalender der Weissen Dame \u2013 12. T\u00fcrchen"}]},{"@type":"WebSite","@id":"http:\/\/sc-weisse-dame.de\/v3\/#website","url":"http:\/\/sc-weisse-dame.de\/v3\/","name":"SC Weisse Dame e. V.","description":"Herzlich Willkommen!","potentialAction":[{"@type":"SearchAction","target":{"@type":"EntryPoint","urlTemplate":"http:\/\/sc-weisse-dame.de\/v3\/?s={search_term_string}"},"query-input":{"@type":"PropertyValueSpecification","valueRequired":true,"valueName":"search_term_string"}}],"inLanguage":"de"},{"@type":"Person","@id":"http:\/\/sc-weisse-dame.de\/v3\/#\/schema\/person\/0edf448c4a9e8fe2896397a6aa52a4f5","name":"Heinz Uhl","url":"http:\/\/sc-weisse-dame.de\/v3\/author\/heinz_uhl\/"}]}},"_links":{"self":[{"href":"http:\/\/sc-weisse-dame.de\/v3\/wp-json\/wp\/v2\/posts\/31042","targetHints":{"allow":["GET"]}}],"collection":[{"href":"http:\/\/sc-weisse-dame.de\/v3\/wp-json\/wp\/v2\/posts"}],"about":[{"href":"http:\/\/sc-weisse-dame.de\/v3\/wp-json\/wp\/v2\/types\/post"}],"author":[{"embeddable":true,"href":"http:\/\/sc-weisse-dame.de\/v3\/wp-json\/wp\/v2\/users\/11"}],"replies":[{"embeddable":true,"href":"http:\/\/sc-weisse-dame.de\/v3\/wp-json\/wp\/v2\/comments?post=31042"}],"version-history":[{"count":7,"href":"http:\/\/sc-weisse-dame.de\/v3\/wp-json\/wp\/v2\/posts\/31042\/revisions"}],"predecessor-version":[{"id":31306,"href":"http:\/\/sc-weisse-dame.de\/v3\/wp-json\/wp\/v2\/posts\/31042\/revisions\/31306"}],"wp:attachment":[{"href":"http:\/\/sc-weisse-dame.de\/v3\/wp-json\/wp\/v2\/media?parent=31042"}],"wp:term":[{"taxonomy":"category","embeddable":true,"href":"http:\/\/sc-weisse-dame.de\/v3\/wp-json\/wp\/v2\/categories?post=31042"},{"taxonomy":"post_tag","embeddable":true,"href":"http:\/\/sc-weisse-dame.de\/v3\/wp-json\/wp\/v2\/tags?post=31042"},{"taxonomy":"author","embeddable":true,"href":"http:\/\/sc-weisse-dame.de\/v3\/wp-json\/wp\/v2\/coauthors?post=31042"}],"curies":[{"name":"wp","href":"https:\/\/api.w.org\/{rel}","templated":true}]}}