{"id":31039,"date":"2025-01-11T07:00:38","date_gmt":"2025-01-11T06:00:38","guid":{"rendered":"http:\/\/sc-weisse-dame.de\/v3\/?p=31039"},"modified":"2025-01-14T13:47:51","modified_gmt":"2025-01-14T12:47:51","slug":"neujahrskalender-der-weissen-dame-11-tuerchen","status":"publish","type":"post","link":"http:\/\/sc-weisse-dame.de\/v3\/2025\/01\/neujahrskalender-der-weissen-dame-11-tuerchen\/","title":{"rendered":"Neujahrskalender der Weissen Dame \u2013 11. T\u00fcrchen"},"content":{"rendered":"<p style=\"text-align: justify;\"><a href=\"http:\/\/sc-weisse-dame.de\/v3\/wp-content\/uploads\/2025\/01\/Memory-Quiz-weisser-Koenig-scaled.jpg\"><img loading=\"lazy\" decoding=\"async\" class=\"size-full wp-image-31011 aligncenter\" src=\"http:\/\/sc-weisse-dame.de\/v3\/wp-content\/uploads\/2025\/01\/Memory-Quiz-weisser-Koenig-scaled.jpg\" alt=\"\" width=\"2560\" height=\"1810\" \/><\/a><strong>Richtige Antwort: <\/strong><!--more--><strong>B<\/strong><\/p>\n<p style=\"text-align: justify;\">Bei der Pam-Krabb\u00e9-Rochade handelt es sich um eine sogenannte \u2013 nicht regelkonforme \u2013 <em>vertikale Rochade <\/em>mit einem auf dem Feld e8 bzw. e1 befindlichen Turm, der dort zuvor durch Umwandlung eines Bauern neu ins Spiel gekommen und seitdem noch nicht gezogen worden ist. Wie bei der regul\u00e4ren Rochade wird auch bei der Pam-Krabb\u00e9-Rochade zun\u00e4chst der K\u00f6nig um zwei Felder in Richtung des Turmes hin (hierbei also auf das Feld e3 bzw. e6) versetzt und der Turm anschlie\u00dfend auf das Feld gesetzt, das der K\u00f6nig soeben \u00fcberschritten hat (hierbei also auf e2 bzw. e7). Diese Form der Rochade, f\u00fcr deren Notation die gebr\u00e4uchliche Form &#8222;0-0-0-0&#8220; ist, findet sich h\u00e4ufiger in Kombinationsaufgaben. Hier ein Beispiel daf\u00fcr:<\/p>\n<p style=\"text-align: center;\"><a href=\"http:\/\/sc-weisse-dame.de\/v3\/wp-content\/uploads\/2025\/01\/Memory-Quiz-weisser-Koenig-Diagramm.jpg\"><img loading=\"lazy\" decoding=\"async\" class=\"aligncenter wp-image-31305\" src=\"http:\/\/sc-weisse-dame.de\/v3\/wp-content\/uploads\/2025\/01\/Memory-Quiz-weisser-Koenig-Diagramm.jpg\" alt=\"\" width=\"360\" height=\"360\" srcset=\"http:\/\/sc-weisse-dame.de\/v3\/wp-content\/uploads\/2025\/01\/Memory-Quiz-weisser-Koenig-Diagramm.jpg 1080w, http:\/\/sc-weisse-dame.de\/v3\/wp-content\/uploads\/2025\/01\/Memory-Quiz-weisser-Koenig-Diagramm-600x600.jpg 600w\" sizes=\"auto, (max-width: 360px) 100vw, 360px\" \/><\/a><em>Matt in zwei Z\u00fcgen<\/em><\/p>\n<p style=\"text-align: justify;\">Die Aufgabe l\u00e4sst sich nur mithilfe der Pam-Krabb\u00e9-Rochade l\u00f6sen: 1.e8T!! Kxc2 2.0-0-0-0#!<\/p>\n<p style=\"text-align: justify;\">\u00dcbrigens erf\u00fcllt die Pam-Krabb\u00e9-Rochade sehr wohl alle Anforderungen, die auf die Frage nach den Voraussetzungen f\u00fcr die Zul\u00e4ssigkeit der Rochade \u00fcblicherweise genannt werden:<\/p>\n<p style=\"text-align: justify;\">1. Der K\u00f6nig und der Turm d\u00fcrfen noch nicht gezogen haben.<br \/>\n2. Der K\u00f6nig darf nicht im Schach stehen.<br \/>\n3. Sowohl das Zielfeld des K\u00f6nigs als auch das Feld, das dieser auf seinem Weg dorthin \u00fcberquert, darf von keiner gegnerischen Figur bedroht sein.<br \/>\n4. Es darf sich keine Figur zwischen dem K\u00f6nig und dem Turm befinden.<\/p>\n<p style=\"text-align: justify;\">Bereits seit geraumer Zeit geht aus den FIDE-Schachregeln jedoch klar hervor, dass es sich bei der Pam-Krabb\u00e9-Rochade um keinen regul\u00e4ren Zug handelt. So hei\u00dft es in Art. 3.8.2 ausdr\u00fccklich: &#8222;Die Rochade ist ein Zug des K\u00f6nigs und eines gleichfarbigen Turmes auf der ersten Reihe des Spielers [&#8230;]&#8220; (Hervorhebung durch Unterstreichung durch den Verfasser).<\/p>\n","protected":false},"excerpt":{"rendered":"<p>Richtige Antwort:<\/p>\n","protected":false},"author":11,"featured_media":0,"comment_status":"closed","ping_status":"closed","sticky":false,"template":"","format":"standard","meta":{"_price":"","_stock":"","_tribe_ticket_header":"","_tribe_default_ticket_provider":"","_tribe_ticket_capacity":"0","_ticket_start_date":"","_ticket_end_date":"","_tribe_ticket_show_description":"","_tribe_ticket_show_not_going":false,"_tribe_ticket_use_global_stock":"","_tribe_ticket_global_stock_level":"","_global_stock_mode":"","_global_stock_cap":"","_tribe_rsvp_for_event":"","_tribe_ticket_going_count":"","_tribe_ticket_not_going_count":"","_tribe_tickets_list":"[]","_tribe_ticket_has_attendee_info_fields":false,"footnotes":""},"categories":[1],"tags":[],"coauthors":[51],"class_list":["post-31039","post","type-post","status-publish","format-standard","hentry","category-allgemein"],"yoast_head":"<!-- This site is optimized with the Yoast SEO plugin v27.4 - https:\/\/yoast.com\/product\/yoast-seo-wordpress\/ -->\n<title>Neujahrskalender der Weissen Dame \u2013 11. T\u00fcrchen - SC Weisse Dame e. V.<\/title>\n<meta name=\"robots\" content=\"index, follow, max-snippet:-1, max-image-preview:large, max-video-preview:-1\" \/>\n<link rel=\"canonical\" href=\"http:\/\/sc-weisse-dame.de\/v3\/2025\/01\/neujahrskalender-der-weissen-dame-11-tuerchen\/\" \/>\n<meta property=\"og:locale\" content=\"de_DE\" \/>\n<meta property=\"og:type\" content=\"article\" \/>\n<meta property=\"og:title\" content=\"Neujahrskalender der Weissen Dame \u2013 11. T\u00fcrchen - SC Weisse Dame e. V.\" \/>\n<meta property=\"og:description\" content=\"Richtige Antwort:\" \/>\n<meta property=\"og:url\" content=\"http:\/\/sc-weisse-dame.de\/v3\/2025\/01\/neujahrskalender-der-weissen-dame-11-tuerchen\/\" \/>\n<meta property=\"og:site_name\" content=\"SC Weisse Dame e. V.\" \/>\n<meta property=\"article:published_time\" content=\"2025-01-11T06:00:38+00:00\" \/>\n<meta property=\"article:modified_time\" content=\"2025-01-14T12:47:51+00:00\" \/>\n<meta name=\"author\" content=\"Heinz Uhl\" \/>\n<meta name=\"twitter:card\" content=\"summary_large_image\" \/>\n<meta name=\"twitter:label1\" content=\"Verfasst von\" \/>\n\t<meta name=\"twitter:data1\" content=\"Heinz Uhl\" \/>\n\t<meta name=\"twitter:label2\" content=\"Gesch\u00e4tzte Lesezeit\" \/>\n\t<meta name=\"twitter:data2\" content=\"2\u00a0Minuten\" \/>\n\t<meta name=\"twitter:label3\" content=\"Written by\" \/>\n\t<meta name=\"twitter:data3\" content=\"Heinz Uhl\" \/>\n<script type=\"application\/ld+json\" class=\"yoast-schema-graph\">{\"@context\":\"https:\\\/\\\/schema.org\",\"@graph\":[{\"@type\":\"Article\",\"@id\":\"http:\\\/\\\/sc-weisse-dame.de\\\/v3\\\/2025\\\/01\\\/neujahrskalender-der-weissen-dame-11-tuerchen\\\/#article\",\"isPartOf\":{\"@id\":\"http:\\\/\\\/sc-weisse-dame.de\\\/v3\\\/2025\\\/01\\\/neujahrskalender-der-weissen-dame-11-tuerchen\\\/\"},\"author\":{\"name\":\"Heinz Uhl\",\"@id\":\"http:\\\/\\\/sc-weisse-dame.de\\\/v3\\\/#\\\/schema\\\/person\\\/0edf448c4a9e8fe2896397a6aa52a4f5\"},\"headline\":\"Neujahrskalender der Weissen Dame \u2013 11. T\u00fcrchen\",\"datePublished\":\"2025-01-11T06:00:38+00:00\",\"dateModified\":\"2025-01-14T12:47:51+00:00\",\"mainEntityOfPage\":{\"@id\":\"http:\\\/\\\/sc-weisse-dame.de\\\/v3\\\/2025\\\/01\\\/neujahrskalender-der-weissen-dame-11-tuerchen\\\/\"},\"wordCount\":297,\"image\":{\"@id\":\"http:\\\/\\\/sc-weisse-dame.de\\\/v3\\\/2025\\\/01\\\/neujahrskalender-der-weissen-dame-11-tuerchen\\\/#primaryimage\"},\"thumbnailUrl\":\"http:\\\/\\\/sc-weisse-dame.de\\\/v3\\\/wp-content\\\/uploads\\\/2025\\\/01\\\/Memory-Quiz-weisser-Koenig-scaled.jpg\",\"inLanguage\":\"de\"},{\"@type\":\"WebPage\",\"@id\":\"http:\\\/\\\/sc-weisse-dame.de\\\/v3\\\/2025\\\/01\\\/neujahrskalender-der-weissen-dame-11-tuerchen\\\/\",\"url\":\"http:\\\/\\\/sc-weisse-dame.de\\\/v3\\\/2025\\\/01\\\/neujahrskalender-der-weissen-dame-11-tuerchen\\\/\",\"name\":\"Neujahrskalender der Weissen Dame \u2013 11. T\u00fcrchen - SC Weisse Dame e. V.\",\"isPartOf\":{\"@id\":\"http:\\\/\\\/sc-weisse-dame.de\\\/v3\\\/#website\"},\"primaryImageOfPage\":{\"@id\":\"http:\\\/\\\/sc-weisse-dame.de\\\/v3\\\/2025\\\/01\\\/neujahrskalender-der-weissen-dame-11-tuerchen\\\/#primaryimage\"},\"image\":{\"@id\":\"http:\\\/\\\/sc-weisse-dame.de\\\/v3\\\/2025\\\/01\\\/neujahrskalender-der-weissen-dame-11-tuerchen\\\/#primaryimage\"},\"thumbnailUrl\":\"http:\\\/\\\/sc-weisse-dame.de\\\/v3\\\/wp-content\\\/uploads\\\/2025\\\/01\\\/Memory-Quiz-weisser-Koenig-scaled.jpg\",\"datePublished\":\"2025-01-11T06:00:38+00:00\",\"dateModified\":\"2025-01-14T12:47:51+00:00\",\"author\":{\"@id\":\"http:\\\/\\\/sc-weisse-dame.de\\\/v3\\\/#\\\/schema\\\/person\\\/0edf448c4a9e8fe2896397a6aa52a4f5\"},\"breadcrumb\":{\"@id\":\"http:\\\/\\\/sc-weisse-dame.de\\\/v3\\\/2025\\\/01\\\/neujahrskalender-der-weissen-dame-11-tuerchen\\\/#breadcrumb\"},\"inLanguage\":\"de\",\"potentialAction\":[{\"@type\":\"ReadAction\",\"target\":[\"http:\\\/\\\/sc-weisse-dame.de\\\/v3\\\/2025\\\/01\\\/neujahrskalender-der-weissen-dame-11-tuerchen\\\/\"]}]},{\"@type\":\"ImageObject\",\"inLanguage\":\"de\",\"@id\":\"http:\\\/\\\/sc-weisse-dame.de\\\/v3\\\/2025\\\/01\\\/neujahrskalender-der-weissen-dame-11-tuerchen\\\/#primaryimage\",\"url\":\"http:\\\/\\\/sc-weisse-dame.de\\\/v3\\\/wp-content\\\/uploads\\\/2025\\\/01\\\/Memory-Quiz-weisser-Koenig-scaled.jpg\",\"contentUrl\":\"http:\\\/\\\/sc-weisse-dame.de\\\/v3\\\/wp-content\\\/uploads\\\/2025\\\/01\\\/Memory-Quiz-weisser-Koenig-scaled.jpg\",\"width\":2560,\"height\":1810},{\"@type\":\"BreadcrumbList\",\"@id\":\"http:\\\/\\\/sc-weisse-dame.de\\\/v3\\\/2025\\\/01\\\/neujahrskalender-der-weissen-dame-11-tuerchen\\\/#breadcrumb\",\"itemListElement\":[{\"@type\":\"ListItem\",\"position\":1,\"name\":\"Startseite\",\"item\":\"http:\\\/\\\/sc-weisse-dame.de\\\/v3\\\/\"},{\"@type\":\"ListItem\",\"position\":2,\"name\":\"Neujahrskalender der Weissen Dame \u2013 11. T\u00fcrchen\"}]},{\"@type\":\"WebSite\",\"@id\":\"http:\\\/\\\/sc-weisse-dame.de\\\/v3\\\/#website\",\"url\":\"http:\\\/\\\/sc-weisse-dame.de\\\/v3\\\/\",\"name\":\"SC Weisse Dame e. V.\",\"description\":\"Herzlich Willkommen!\",\"potentialAction\":[{\"@type\":\"SearchAction\",\"target\":{\"@type\":\"EntryPoint\",\"urlTemplate\":\"http:\\\/\\\/sc-weisse-dame.de\\\/v3\\\/?s={search_term_string}\"},\"query-input\":{\"@type\":\"PropertyValueSpecification\",\"valueRequired\":true,\"valueName\":\"search_term_string\"}}],\"inLanguage\":\"de\"},{\"@type\":\"Person\",\"@id\":\"http:\\\/\\\/sc-weisse-dame.de\\\/v3\\\/#\\\/schema\\\/person\\\/0edf448c4a9e8fe2896397a6aa52a4f5\",\"name\":\"Heinz Uhl\",\"url\":\"http:\\\/\\\/sc-weisse-dame.de\\\/v3\\\/author\\\/heinz_uhl\\\/\"}]}<\/script>\n<!-- \/ Yoast SEO plugin. -->","yoast_head_json":{"title":"Neujahrskalender der Weissen Dame \u2013 11. T\u00fcrchen - SC Weisse Dame e. V.","robots":{"index":"index","follow":"follow","max-snippet":"max-snippet:-1","max-image-preview":"max-image-preview:large","max-video-preview":"max-video-preview:-1"},"canonical":"http:\/\/sc-weisse-dame.de\/v3\/2025\/01\/neujahrskalender-der-weissen-dame-11-tuerchen\/","og_locale":"de_DE","og_type":"article","og_title":"Neujahrskalender der Weissen Dame \u2013 11. T\u00fcrchen - SC Weisse Dame e. V.","og_description":"Richtige Antwort:","og_url":"http:\/\/sc-weisse-dame.de\/v3\/2025\/01\/neujahrskalender-der-weissen-dame-11-tuerchen\/","og_site_name":"SC Weisse Dame e. V.","article_published_time":"2025-01-11T06:00:38+00:00","article_modified_time":"2025-01-14T12:47:51+00:00","author":"Heinz Uhl","twitter_card":"summary_large_image","twitter_misc":{"Verfasst von":"Heinz Uhl","Gesch\u00e4tzte Lesezeit":"2\u00a0Minuten","Written by":"Heinz Uhl"},"schema":{"@context":"https:\/\/schema.org","@graph":[{"@type":"Article","@id":"http:\/\/sc-weisse-dame.de\/v3\/2025\/01\/neujahrskalender-der-weissen-dame-11-tuerchen\/#article","isPartOf":{"@id":"http:\/\/sc-weisse-dame.de\/v3\/2025\/01\/neujahrskalender-der-weissen-dame-11-tuerchen\/"},"author":{"name":"Heinz Uhl","@id":"http:\/\/sc-weisse-dame.de\/v3\/#\/schema\/person\/0edf448c4a9e8fe2896397a6aa52a4f5"},"headline":"Neujahrskalender der Weissen Dame \u2013 11. T\u00fcrchen","datePublished":"2025-01-11T06:00:38+00:00","dateModified":"2025-01-14T12:47:51+00:00","mainEntityOfPage":{"@id":"http:\/\/sc-weisse-dame.de\/v3\/2025\/01\/neujahrskalender-der-weissen-dame-11-tuerchen\/"},"wordCount":297,"image":{"@id":"http:\/\/sc-weisse-dame.de\/v3\/2025\/01\/neujahrskalender-der-weissen-dame-11-tuerchen\/#primaryimage"},"thumbnailUrl":"http:\/\/sc-weisse-dame.de\/v3\/wp-content\/uploads\/2025\/01\/Memory-Quiz-weisser-Koenig-scaled.jpg","inLanguage":"de"},{"@type":"WebPage","@id":"http:\/\/sc-weisse-dame.de\/v3\/2025\/01\/neujahrskalender-der-weissen-dame-11-tuerchen\/","url":"http:\/\/sc-weisse-dame.de\/v3\/2025\/01\/neujahrskalender-der-weissen-dame-11-tuerchen\/","name":"Neujahrskalender der Weissen Dame \u2013 11. T\u00fcrchen - SC Weisse Dame e. V.","isPartOf":{"@id":"http:\/\/sc-weisse-dame.de\/v3\/#website"},"primaryImageOfPage":{"@id":"http:\/\/sc-weisse-dame.de\/v3\/2025\/01\/neujahrskalender-der-weissen-dame-11-tuerchen\/#primaryimage"},"image":{"@id":"http:\/\/sc-weisse-dame.de\/v3\/2025\/01\/neujahrskalender-der-weissen-dame-11-tuerchen\/#primaryimage"},"thumbnailUrl":"http:\/\/sc-weisse-dame.de\/v3\/wp-content\/uploads\/2025\/01\/Memory-Quiz-weisser-Koenig-scaled.jpg","datePublished":"2025-01-11T06:00:38+00:00","dateModified":"2025-01-14T12:47:51+00:00","author":{"@id":"http:\/\/sc-weisse-dame.de\/v3\/#\/schema\/person\/0edf448c4a9e8fe2896397a6aa52a4f5"},"breadcrumb":{"@id":"http:\/\/sc-weisse-dame.de\/v3\/2025\/01\/neujahrskalender-der-weissen-dame-11-tuerchen\/#breadcrumb"},"inLanguage":"de","potentialAction":[{"@type":"ReadAction","target":["http:\/\/sc-weisse-dame.de\/v3\/2025\/01\/neujahrskalender-der-weissen-dame-11-tuerchen\/"]}]},{"@type":"ImageObject","inLanguage":"de","@id":"http:\/\/sc-weisse-dame.de\/v3\/2025\/01\/neujahrskalender-der-weissen-dame-11-tuerchen\/#primaryimage","url":"http:\/\/sc-weisse-dame.de\/v3\/wp-content\/uploads\/2025\/01\/Memory-Quiz-weisser-Koenig-scaled.jpg","contentUrl":"http:\/\/sc-weisse-dame.de\/v3\/wp-content\/uploads\/2025\/01\/Memory-Quiz-weisser-Koenig-scaled.jpg","width":2560,"height":1810},{"@type":"BreadcrumbList","@id":"http:\/\/sc-weisse-dame.de\/v3\/2025\/01\/neujahrskalender-der-weissen-dame-11-tuerchen\/#breadcrumb","itemListElement":[{"@type":"ListItem","position":1,"name":"Startseite","item":"http:\/\/sc-weisse-dame.de\/v3\/"},{"@type":"ListItem","position":2,"name":"Neujahrskalender der Weissen Dame \u2013 11. T\u00fcrchen"}]},{"@type":"WebSite","@id":"http:\/\/sc-weisse-dame.de\/v3\/#website","url":"http:\/\/sc-weisse-dame.de\/v3\/","name":"SC Weisse Dame e. V.","description":"Herzlich Willkommen!","potentialAction":[{"@type":"SearchAction","target":{"@type":"EntryPoint","urlTemplate":"http:\/\/sc-weisse-dame.de\/v3\/?s={search_term_string}"},"query-input":{"@type":"PropertyValueSpecification","valueRequired":true,"valueName":"search_term_string"}}],"inLanguage":"de"},{"@type":"Person","@id":"http:\/\/sc-weisse-dame.de\/v3\/#\/schema\/person\/0edf448c4a9e8fe2896397a6aa52a4f5","name":"Heinz Uhl","url":"http:\/\/sc-weisse-dame.de\/v3\/author\/heinz_uhl\/"}]}},"_links":{"self":[{"href":"http:\/\/sc-weisse-dame.de\/v3\/wp-json\/wp\/v2\/posts\/31039","targetHints":{"allow":["GET"]}}],"collection":[{"href":"http:\/\/sc-weisse-dame.de\/v3\/wp-json\/wp\/v2\/posts"}],"about":[{"href":"http:\/\/sc-weisse-dame.de\/v3\/wp-json\/wp\/v2\/types\/post"}],"author":[{"embeddable":true,"href":"http:\/\/sc-weisse-dame.de\/v3\/wp-json\/wp\/v2\/users\/11"}],"replies":[{"embeddable":true,"href":"http:\/\/sc-weisse-dame.de\/v3\/wp-json\/wp\/v2\/comments?post=31039"}],"version-history":[{"count":8,"href":"http:\/\/sc-weisse-dame.de\/v3\/wp-json\/wp\/v2\/posts\/31039\/revisions"}],"predecessor-version":[{"id":31313,"href":"http:\/\/sc-weisse-dame.de\/v3\/wp-json\/wp\/v2\/posts\/31039\/revisions\/31313"}],"wp:attachment":[{"href":"http:\/\/sc-weisse-dame.de\/v3\/wp-json\/wp\/v2\/media?parent=31039"}],"wp:term":[{"taxonomy":"category","embeddable":true,"href":"http:\/\/sc-weisse-dame.de\/v3\/wp-json\/wp\/v2\/categories?post=31039"},{"taxonomy":"post_tag","embeddable":true,"href":"http:\/\/sc-weisse-dame.de\/v3\/wp-json\/wp\/v2\/tags?post=31039"},{"taxonomy":"author","embeddable":true,"href":"http:\/\/sc-weisse-dame.de\/v3\/wp-json\/wp\/v2\/coauthors?post=31039"}],"curies":[{"name":"wp","href":"https:\/\/api.w.org\/{rel}","templated":true}]}}