{"id":31031,"date":"2025-01-07T07:00:52","date_gmt":"2025-01-07T06:00:52","guid":{"rendered":"http:\/\/sc-weisse-dame.de\/v3\/?p=31031"},"modified":"2025-01-14T13:12:04","modified_gmt":"2025-01-14T12:12:04","slug":"neujahrskalender-der-weissen-dame-7-tuerchen","status":"publish","type":"post","link":"http:\/\/sc-weisse-dame.de\/v3\/2025\/01\/neujahrskalender-der-weissen-dame-7-tuerchen\/","title":{"rendered":"Neujahrskalender der Weissen Dame \u2013 7. T\u00fcrchen"},"content":{"rendered":"<p style=\"text-align: justify;\"><a href=\"http:\/\/sc-weisse-dame.de\/v3\/wp-content\/uploads\/2025\/01\/Memory-Quiz-weisser-Turm-scaled.jpg\"><img loading=\"lazy\" decoding=\"async\" class=\"size-full wp-image-31014 aligncenter\" src=\"http:\/\/sc-weisse-dame.de\/v3\/wp-content\/uploads\/2025\/01\/Memory-Quiz-weisser-Turm-scaled.jpg\" alt=\"\" width=\"2560\" height=\"1810\" \/><\/a><strong>Richtige L\u00f6sung: <\/strong><!--more--><strong>A<\/strong><\/p>\n<p style=\"text-align: justify;\">In der 5. Runde der Saison 2016\/17 unterlief in der Landesliga beim Heimspiel unserer ERSTEN\u00a0 gegen den Tabellenf\u00fchrer SV Berolina Mitte einem unserer Spieler in folgender leicht gewonnener Stellung ein \u2013 letztlich zum Gl\u00fcck doch nicht so \u2013 folgenschwerer Aussetzer:<\/p>\n<p style=\"text-align: center;\"><a href=\"http:\/\/sc-weisse-dame.de\/v3\/wp-content\/uploads\/2025\/01\/Memory-Quiz-weisser-Turm-Diagramm.jpg\"><img loading=\"lazy\" decoding=\"async\" class=\"aligncenter wp-image-31096\" src=\"http:\/\/sc-weisse-dame.de\/v3\/wp-content\/uploads\/2025\/01\/Memory-Quiz-weisser-Turm-Diagramm.jpg\" alt=\"\" width=\"360\" height=\"360\" srcset=\"http:\/\/sc-weisse-dame.de\/v3\/wp-content\/uploads\/2025\/01\/Memory-Quiz-weisser-Turm-Diagramm.jpg 1080w, http:\/\/sc-weisse-dame.de\/v3\/wp-content\/uploads\/2025\/01\/Memory-Quiz-weisser-Turm-Diagramm-600x600.jpg 600w\" sizes=\"auto, (max-width: 360px) 100vw, 360px\" \/><\/a><em>SC Weisse Dame \u2013 SV Berolina Mitte, Brett 8<\/em><br \/>\n<em>Landesliga 2016\/17, 5. Runde<\/em><br \/>\n<em>Stellung nach dem 46. Zug von Schwarz<\/em><\/p>\n<p style=\"text-align: justify;\">47.Ta7?? stellte einz\u00fcgig den Turm und damit die Partie ein. Anstelle eines knappen 4,5:3,5-Heimerfolges mussten wir dadurch gegen den Mitaufstiegsaspiranten eine 3,5:4,5-Niederlage einstecken, was bei nun vier Mannschaftspunkten R\u00fcckstand auf die Tabellenspitze sogar ein Abrutschen in die untere Tabellenh\u00e4lfte zur Saisonmitte zur Folge hatte. Das nach einem \u00e4u\u00dferst ungl\u00fccklichen Abstieg aus der Oberliga in der Vorsaison angepeilte Saisonziel, der sofortige Wiederaufstieg, schien damit in unerreichbare Ferne ger\u00fcckt.<\/p>\n<p style=\"text-align: justify;\">Nach einer unerm\u00fcdlichen Aufholjagd konnten wir am Saisonende schlie\u00dflich doch noch den Wiederaufstieg in die Oberliga feiern. Nach Mannschaftspunkten gleichauf mit dem SV Berolina Mitte und der 2. Mannschaft von Rotation Pankow sicherte uns die h\u00f6here Brettpunktanzahl die Berliner Meisterschaft. Dabei wird sogar gemunkelt, dass der legend\u00e4re Turmzug 47.Ta7?? gar kein grober Schnitzer, sondern vielmehr ein \u2013 im doppelten Wortsinne \u2013 genialer Schachzug im Rahmen einer streng geheimen <em>V-Strategie<\/em> unseres damaligen K\u00e4pt&#8217;n Kai war, die uns unter dem Radar hindurch in anvisierte H\u00f6hen fliegen lassen sollte &#8230;<\/p>\n<p style=\"text-align: justify;\">Die Einzelheiten zu diesem \u00e4u\u00dfersten kuriosen Saisonverlauf lassen sich \u00fcbrigens hier nachlesen: <a href=\"http:\/\/sc-weisse-dame.de\/v3\/2017\/05\/bmm-201617-der-flug-des-phoenix\/\">\u201eBMM 2016\/17: DER FLUG DES PHOENIX<\/a><a href=\"http:\/\/sc-weisse-dame.de\/v3\/2017\/05\/bmm-201617-der-flug-des-phoenix\/\">\u201c<\/a><\/p>\n","protected":false},"excerpt":{"rendered":"<p>Richtige L\u00f6sung:<\/p>\n","protected":false},"author":11,"featured_media":0,"comment_status":"closed","ping_status":"closed","sticky":false,"template":"","format":"standard","meta":{"_price":"","_stock":"","_tribe_ticket_header":"","_tribe_default_ticket_provider":"","_tribe_ticket_capacity":"0","_ticket_start_date":"","_ticket_end_date":"","_tribe_ticket_show_description":"","_tribe_ticket_show_not_going":false,"_tribe_ticket_use_global_stock":"","_tribe_ticket_global_stock_level":"","_global_stock_mode":"","_global_stock_cap":"","_tribe_rsvp_for_event":"","_tribe_ticket_going_count":"","_tribe_ticket_not_going_count":"","_tribe_tickets_list":"[]","_tribe_ticket_has_attendee_info_fields":false,"footnotes":""},"categories":[1],"tags":[],"coauthors":[51],"class_list":["post-31031","post","type-post","status-publish","format-standard","hentry","category-allgemein"],"yoast_head":"<!-- This site is optimized with the Yoast SEO plugin v27.4 - https:\/\/yoast.com\/product\/yoast-seo-wordpress\/ -->\n<title>Neujahrskalender der Weissen Dame \u2013 7. T\u00fcrchen - SC Weisse Dame e. V.<\/title>\n<meta name=\"robots\" content=\"index, follow, max-snippet:-1, max-image-preview:large, max-video-preview:-1\" \/>\n<link rel=\"canonical\" href=\"http:\/\/sc-weisse-dame.de\/v3\/2025\/01\/neujahrskalender-der-weissen-dame-7-tuerchen\/\" \/>\n<meta property=\"og:locale\" content=\"de_DE\" \/>\n<meta property=\"og:type\" content=\"article\" \/>\n<meta property=\"og:title\" content=\"Neujahrskalender der Weissen Dame \u2013 7. T\u00fcrchen - SC Weisse Dame e. V.\" \/>\n<meta property=\"og:description\" content=\"Richtige L\u00f6sung:\" \/>\n<meta property=\"og:url\" content=\"http:\/\/sc-weisse-dame.de\/v3\/2025\/01\/neujahrskalender-der-weissen-dame-7-tuerchen\/\" \/>\n<meta property=\"og:site_name\" content=\"SC Weisse Dame e. V.\" \/>\n<meta property=\"article:published_time\" content=\"2025-01-07T06:00:52+00:00\" \/>\n<meta property=\"article:modified_time\" content=\"2025-01-14T12:12:04+00:00\" \/>\n<meta name=\"author\" content=\"Heinz Uhl\" \/>\n<meta name=\"twitter:card\" content=\"summary_large_image\" \/>\n<meta name=\"twitter:label1\" content=\"Verfasst von\" \/>\n\t<meta name=\"twitter:data1\" content=\"Heinz Uhl\" \/>\n\t<meta name=\"twitter:label2\" content=\"Gesch\u00e4tzte Lesezeit\" \/>\n\t<meta name=\"twitter:data2\" content=\"2\u00a0Minuten\" \/>\n\t<meta name=\"twitter:label3\" content=\"Written by\" \/>\n\t<meta name=\"twitter:data3\" content=\"Heinz Uhl\" \/>\n<script type=\"application\/ld+json\" class=\"yoast-schema-graph\">{\"@context\":\"https:\\\/\\\/schema.org\",\"@graph\":[{\"@type\":\"Article\",\"@id\":\"http:\\\/\\\/sc-weisse-dame.de\\\/v3\\\/2025\\\/01\\\/neujahrskalender-der-weissen-dame-7-tuerchen\\\/#article\",\"isPartOf\":{\"@id\":\"http:\\\/\\\/sc-weisse-dame.de\\\/v3\\\/2025\\\/01\\\/neujahrskalender-der-weissen-dame-7-tuerchen\\\/\"},\"author\":{\"name\":\"Heinz Uhl\",\"@id\":\"http:\\\/\\\/sc-weisse-dame.de\\\/v3\\\/#\\\/schema\\\/person\\\/0edf448c4a9e8fe2896397a6aa52a4f5\"},\"headline\":\"Neujahrskalender der Weissen Dame \u2013 7. T\u00fcrchen\",\"datePublished\":\"2025-01-07T06:00:52+00:00\",\"dateModified\":\"2025-01-14T12:12:04+00:00\",\"mainEntityOfPage\":{\"@id\":\"http:\\\/\\\/sc-weisse-dame.de\\\/v3\\\/2025\\\/01\\\/neujahrskalender-der-weissen-dame-7-tuerchen\\\/\"},\"wordCount\":244,\"image\":{\"@id\":\"http:\\\/\\\/sc-weisse-dame.de\\\/v3\\\/2025\\\/01\\\/neujahrskalender-der-weissen-dame-7-tuerchen\\\/#primaryimage\"},\"thumbnailUrl\":\"http:\\\/\\\/sc-weisse-dame.de\\\/v3\\\/wp-content\\\/uploads\\\/2025\\\/01\\\/Memory-Quiz-weisser-Turm-scaled.jpg\",\"inLanguage\":\"de\"},{\"@type\":\"WebPage\",\"@id\":\"http:\\\/\\\/sc-weisse-dame.de\\\/v3\\\/2025\\\/01\\\/neujahrskalender-der-weissen-dame-7-tuerchen\\\/\",\"url\":\"http:\\\/\\\/sc-weisse-dame.de\\\/v3\\\/2025\\\/01\\\/neujahrskalender-der-weissen-dame-7-tuerchen\\\/\",\"name\":\"Neujahrskalender der Weissen Dame \u2013 7. T\u00fcrchen - SC Weisse Dame e. V.\",\"isPartOf\":{\"@id\":\"http:\\\/\\\/sc-weisse-dame.de\\\/v3\\\/#website\"},\"primaryImageOfPage\":{\"@id\":\"http:\\\/\\\/sc-weisse-dame.de\\\/v3\\\/2025\\\/01\\\/neujahrskalender-der-weissen-dame-7-tuerchen\\\/#primaryimage\"},\"image\":{\"@id\":\"http:\\\/\\\/sc-weisse-dame.de\\\/v3\\\/2025\\\/01\\\/neujahrskalender-der-weissen-dame-7-tuerchen\\\/#primaryimage\"},\"thumbnailUrl\":\"http:\\\/\\\/sc-weisse-dame.de\\\/v3\\\/wp-content\\\/uploads\\\/2025\\\/01\\\/Memory-Quiz-weisser-Turm-scaled.jpg\",\"datePublished\":\"2025-01-07T06:00:52+00:00\",\"dateModified\":\"2025-01-14T12:12:04+00:00\",\"author\":{\"@id\":\"http:\\\/\\\/sc-weisse-dame.de\\\/v3\\\/#\\\/schema\\\/person\\\/0edf448c4a9e8fe2896397a6aa52a4f5\"},\"breadcrumb\":{\"@id\":\"http:\\\/\\\/sc-weisse-dame.de\\\/v3\\\/2025\\\/01\\\/neujahrskalender-der-weissen-dame-7-tuerchen\\\/#breadcrumb\"},\"inLanguage\":\"de\",\"potentialAction\":[{\"@type\":\"ReadAction\",\"target\":[\"http:\\\/\\\/sc-weisse-dame.de\\\/v3\\\/2025\\\/01\\\/neujahrskalender-der-weissen-dame-7-tuerchen\\\/\"]}]},{\"@type\":\"ImageObject\",\"inLanguage\":\"de\",\"@id\":\"http:\\\/\\\/sc-weisse-dame.de\\\/v3\\\/2025\\\/01\\\/neujahrskalender-der-weissen-dame-7-tuerchen\\\/#primaryimage\",\"url\":\"http:\\\/\\\/sc-weisse-dame.de\\\/v3\\\/wp-content\\\/uploads\\\/2025\\\/01\\\/Memory-Quiz-weisser-Turm-scaled.jpg\",\"contentUrl\":\"http:\\\/\\\/sc-weisse-dame.de\\\/v3\\\/wp-content\\\/uploads\\\/2025\\\/01\\\/Memory-Quiz-weisser-Turm-scaled.jpg\",\"width\":2560,\"height\":1810},{\"@type\":\"BreadcrumbList\",\"@id\":\"http:\\\/\\\/sc-weisse-dame.de\\\/v3\\\/2025\\\/01\\\/neujahrskalender-der-weissen-dame-7-tuerchen\\\/#breadcrumb\",\"itemListElement\":[{\"@type\":\"ListItem\",\"position\":1,\"name\":\"Startseite\",\"item\":\"http:\\\/\\\/sc-weisse-dame.de\\\/v3\\\/\"},{\"@type\":\"ListItem\",\"position\":2,\"name\":\"Neujahrskalender der Weissen Dame \u2013 7. T\u00fcrchen\"}]},{\"@type\":\"WebSite\",\"@id\":\"http:\\\/\\\/sc-weisse-dame.de\\\/v3\\\/#website\",\"url\":\"http:\\\/\\\/sc-weisse-dame.de\\\/v3\\\/\",\"name\":\"SC Weisse Dame e. V.\",\"description\":\"Herzlich Willkommen!\",\"potentialAction\":[{\"@type\":\"SearchAction\",\"target\":{\"@type\":\"EntryPoint\",\"urlTemplate\":\"http:\\\/\\\/sc-weisse-dame.de\\\/v3\\\/?s={search_term_string}\"},\"query-input\":{\"@type\":\"PropertyValueSpecification\",\"valueRequired\":true,\"valueName\":\"search_term_string\"}}],\"inLanguage\":\"de\"},{\"@type\":\"Person\",\"@id\":\"http:\\\/\\\/sc-weisse-dame.de\\\/v3\\\/#\\\/schema\\\/person\\\/0edf448c4a9e8fe2896397a6aa52a4f5\",\"name\":\"Heinz Uhl\",\"url\":\"http:\\\/\\\/sc-weisse-dame.de\\\/v3\\\/author\\\/heinz_uhl\\\/\"}]}<\/script>\n<!-- \/ Yoast SEO plugin. -->","yoast_head_json":{"title":"Neujahrskalender der Weissen Dame \u2013 7. T\u00fcrchen - SC Weisse Dame e. V.","robots":{"index":"index","follow":"follow","max-snippet":"max-snippet:-1","max-image-preview":"max-image-preview:large","max-video-preview":"max-video-preview:-1"},"canonical":"http:\/\/sc-weisse-dame.de\/v3\/2025\/01\/neujahrskalender-der-weissen-dame-7-tuerchen\/","og_locale":"de_DE","og_type":"article","og_title":"Neujahrskalender der Weissen Dame \u2013 7. T\u00fcrchen - SC Weisse Dame e. V.","og_description":"Richtige L\u00f6sung:","og_url":"http:\/\/sc-weisse-dame.de\/v3\/2025\/01\/neujahrskalender-der-weissen-dame-7-tuerchen\/","og_site_name":"SC Weisse Dame e. V.","article_published_time":"2025-01-07T06:00:52+00:00","article_modified_time":"2025-01-14T12:12:04+00:00","author":"Heinz Uhl","twitter_card":"summary_large_image","twitter_misc":{"Verfasst von":"Heinz Uhl","Gesch\u00e4tzte Lesezeit":"2\u00a0Minuten","Written by":"Heinz Uhl"},"schema":{"@context":"https:\/\/schema.org","@graph":[{"@type":"Article","@id":"http:\/\/sc-weisse-dame.de\/v3\/2025\/01\/neujahrskalender-der-weissen-dame-7-tuerchen\/#article","isPartOf":{"@id":"http:\/\/sc-weisse-dame.de\/v3\/2025\/01\/neujahrskalender-der-weissen-dame-7-tuerchen\/"},"author":{"name":"Heinz Uhl","@id":"http:\/\/sc-weisse-dame.de\/v3\/#\/schema\/person\/0edf448c4a9e8fe2896397a6aa52a4f5"},"headline":"Neujahrskalender der Weissen Dame \u2013 7. T\u00fcrchen","datePublished":"2025-01-07T06:00:52+00:00","dateModified":"2025-01-14T12:12:04+00:00","mainEntityOfPage":{"@id":"http:\/\/sc-weisse-dame.de\/v3\/2025\/01\/neujahrskalender-der-weissen-dame-7-tuerchen\/"},"wordCount":244,"image":{"@id":"http:\/\/sc-weisse-dame.de\/v3\/2025\/01\/neujahrskalender-der-weissen-dame-7-tuerchen\/#primaryimage"},"thumbnailUrl":"http:\/\/sc-weisse-dame.de\/v3\/wp-content\/uploads\/2025\/01\/Memory-Quiz-weisser-Turm-scaled.jpg","inLanguage":"de"},{"@type":"WebPage","@id":"http:\/\/sc-weisse-dame.de\/v3\/2025\/01\/neujahrskalender-der-weissen-dame-7-tuerchen\/","url":"http:\/\/sc-weisse-dame.de\/v3\/2025\/01\/neujahrskalender-der-weissen-dame-7-tuerchen\/","name":"Neujahrskalender der Weissen Dame \u2013 7. T\u00fcrchen - SC Weisse Dame e. V.","isPartOf":{"@id":"http:\/\/sc-weisse-dame.de\/v3\/#website"},"primaryImageOfPage":{"@id":"http:\/\/sc-weisse-dame.de\/v3\/2025\/01\/neujahrskalender-der-weissen-dame-7-tuerchen\/#primaryimage"},"image":{"@id":"http:\/\/sc-weisse-dame.de\/v3\/2025\/01\/neujahrskalender-der-weissen-dame-7-tuerchen\/#primaryimage"},"thumbnailUrl":"http:\/\/sc-weisse-dame.de\/v3\/wp-content\/uploads\/2025\/01\/Memory-Quiz-weisser-Turm-scaled.jpg","datePublished":"2025-01-07T06:00:52+00:00","dateModified":"2025-01-14T12:12:04+00:00","author":{"@id":"http:\/\/sc-weisse-dame.de\/v3\/#\/schema\/person\/0edf448c4a9e8fe2896397a6aa52a4f5"},"breadcrumb":{"@id":"http:\/\/sc-weisse-dame.de\/v3\/2025\/01\/neujahrskalender-der-weissen-dame-7-tuerchen\/#breadcrumb"},"inLanguage":"de","potentialAction":[{"@type":"ReadAction","target":["http:\/\/sc-weisse-dame.de\/v3\/2025\/01\/neujahrskalender-der-weissen-dame-7-tuerchen\/"]}]},{"@type":"ImageObject","inLanguage":"de","@id":"http:\/\/sc-weisse-dame.de\/v3\/2025\/01\/neujahrskalender-der-weissen-dame-7-tuerchen\/#primaryimage","url":"http:\/\/sc-weisse-dame.de\/v3\/wp-content\/uploads\/2025\/01\/Memory-Quiz-weisser-Turm-scaled.jpg","contentUrl":"http:\/\/sc-weisse-dame.de\/v3\/wp-content\/uploads\/2025\/01\/Memory-Quiz-weisser-Turm-scaled.jpg","width":2560,"height":1810},{"@type":"BreadcrumbList","@id":"http:\/\/sc-weisse-dame.de\/v3\/2025\/01\/neujahrskalender-der-weissen-dame-7-tuerchen\/#breadcrumb","itemListElement":[{"@type":"ListItem","position":1,"name":"Startseite","item":"http:\/\/sc-weisse-dame.de\/v3\/"},{"@type":"ListItem","position":2,"name":"Neujahrskalender der Weissen Dame \u2013 7. T\u00fcrchen"}]},{"@type":"WebSite","@id":"http:\/\/sc-weisse-dame.de\/v3\/#website","url":"http:\/\/sc-weisse-dame.de\/v3\/","name":"SC Weisse Dame e. V.","description":"Herzlich Willkommen!","potentialAction":[{"@type":"SearchAction","target":{"@type":"EntryPoint","urlTemplate":"http:\/\/sc-weisse-dame.de\/v3\/?s={search_term_string}"},"query-input":{"@type":"PropertyValueSpecification","valueRequired":true,"valueName":"search_term_string"}}],"inLanguage":"de"},{"@type":"Person","@id":"http:\/\/sc-weisse-dame.de\/v3\/#\/schema\/person\/0edf448c4a9e8fe2896397a6aa52a4f5","name":"Heinz Uhl","url":"http:\/\/sc-weisse-dame.de\/v3\/author\/heinz_uhl\/"}]}},"_links":{"self":[{"href":"http:\/\/sc-weisse-dame.de\/v3\/wp-json\/wp\/v2\/posts\/31031","targetHints":{"allow":["GET"]}}],"collection":[{"href":"http:\/\/sc-weisse-dame.de\/v3\/wp-json\/wp\/v2\/posts"}],"about":[{"href":"http:\/\/sc-weisse-dame.de\/v3\/wp-json\/wp\/v2\/types\/post"}],"author":[{"embeddable":true,"href":"http:\/\/sc-weisse-dame.de\/v3\/wp-json\/wp\/v2\/users\/11"}],"replies":[{"embeddable":true,"href":"http:\/\/sc-weisse-dame.de\/v3\/wp-json\/wp\/v2\/comments?post=31031"}],"version-history":[{"count":6,"href":"http:\/\/sc-weisse-dame.de\/v3\/wp-json\/wp\/v2\/posts\/31031\/revisions"}],"predecessor-version":[{"id":31307,"href":"http:\/\/sc-weisse-dame.de\/v3\/wp-json\/wp\/v2\/posts\/31031\/revisions\/31307"}],"wp:attachment":[{"href":"http:\/\/sc-weisse-dame.de\/v3\/wp-json\/wp\/v2\/media?parent=31031"}],"wp:term":[{"taxonomy":"category","embeddable":true,"href":"http:\/\/sc-weisse-dame.de\/v3\/wp-json\/wp\/v2\/categories?post=31031"},{"taxonomy":"post_tag","embeddable":true,"href":"http:\/\/sc-weisse-dame.de\/v3\/wp-json\/wp\/v2\/tags?post=31031"},{"taxonomy":"author","embeddable":true,"href":"http:\/\/sc-weisse-dame.de\/v3\/wp-json\/wp\/v2\/coauthors?post=31031"}],"curies":[{"name":"wp","href":"https:\/\/api.w.org\/{rel}","templated":true}]}}