{"id":31025,"date":"2025-01-04T07:00:23","date_gmt":"2025-01-04T06:00:23","guid":{"rendered":"http:\/\/sc-weisse-dame.de\/v3\/?p=31025"},"modified":"2025-01-14T13:58:58","modified_gmt":"2025-01-14T12:58:58","slug":"neujahrskalender-der-weissen-dame-4-tuerchen","status":"publish","type":"post","link":"http:\/\/sc-weisse-dame.de\/v3\/2025\/01\/neujahrskalender-der-weissen-dame-4-tuerchen\/","title":{"rendered":"Neujahrskalender der Weissen Dame \u2013 4. T\u00fcrchen"},"content":{"rendered":"<p style=\"text-align: justify;\"><a href=\"http:\/\/sc-weisse-dame.de\/v3\/wp-content\/uploads\/2025\/01\/Memory-Quiz-schwarzer-Koenig-scaled.jpg\"><img loading=\"lazy\" decoding=\"async\" class=\"aligncenter wp-image-31005 size-full\" src=\"http:\/\/sc-weisse-dame.de\/v3\/wp-content\/uploads\/2025\/01\/Memory-Quiz-schwarzer-Koenig-scaled.jpg\" alt=\"\" width=\"2560\" height=\"1810\" \/><\/a><strong>Richtige Antwort: <\/strong><!--more--><strong>D<\/strong><\/p>\n<p style=\"text-align: justify;\">Nachdem unser Verein bereits am 01.11.1951 dem Berliner Schachverband beigetreten war, erhielt die <em>Weisse Dame<\/em> ihren Namen erst einige Tage sp\u00e4ter. \u00dcber diesen wurde aus einer Auswahl von insgesamt 34 Vorschl\u00e4gen, die elf Mitglieder unterbreitet hatten, auf einer Versammlung am 13.11.1951 abgestimmt.<\/p>\n<p style=\"text-align: justify;\">Einer der vorgeschlagenen Namen lautete dabei &#8222;Schachklub M\u00fcder K\u00f6nig&#8220;. Unter den Vorschl\u00e4gen befanden sich aber auch noch einige weitere ungew\u00f6hnliche Namen \u2013 unter anderem, woran die Antworten A, B und C angelehnt sind, &#8222;Schachklub Anf\u00e4nger&#8220;, &#8222;Allgemeiner Schachklub von Gro\u00dfberlin&#8220; und &#8222;Schachklub Krummer Bauer&#8220;. Kurioserweise ist den vorstehend genannten vier Vorschl\u00e4gen \u2013 abweichend von unserem heutigen Vereinsnamen \u2013 allen die Schreibweise &#8222;Schachklub&#8220; mit &#8222;k&#8220; anstatt &#8222;c&#8220; gemein.<\/p>\n<p style=\"text-align: justify;\">Die Wahl fiel dann gl\u00fccklicherweise nicht auf einen der vier genannten Vorschl\u00e4ge, sondern auf &#8222;Schach-Club WEISSE DAME mit Sitz in Berlin-Sch\u00f6neberg&#8220;. Weitere Einzelheiten zur Namensfindung unseres Vereins sind in dem Beitrag &#8222;Wie alles begann &#8230;&#8220; von <strong>Thorsten Gro\u00df<\/strong> nachzulesen, der in unserer auf dieser Webseite auch online ver\u00f6ffentlichten Vereinszeitschrift <a href=\"http:\/\/sc-weisse-dame.de\/v3\/wp-content\/uploads\/GARDEZ\/GARDEZ_2001-4.pdf\"><em>GARDEZ!<\/em> Nr. 4\/2001<\/a> auf Seite 8 abgedruckt ist. Anders als dort angegeben gab es zwischenzeitlich aber noch eine dritte Namens\u00e4nderung: Seit der letzten Satzungs\u00e4nderung im Jahr 2000 lautet der offizielle Vereinsname nun &#8222;Schachclub Weisse Dame e. V.&#8220;.<\/p>\n","protected":false},"excerpt":{"rendered":"<p>Richtige Antwort:<\/p>\n","protected":false},"author":11,"featured_media":0,"comment_status":"closed","ping_status":"closed","sticky":false,"template":"","format":"standard","meta":{"_price":"","_stock":"","_tribe_ticket_header":"","_tribe_default_ticket_provider":"","_tribe_ticket_capacity":"0","_ticket_start_date":"","_ticket_end_date":"","_tribe_ticket_show_description":"","_tribe_ticket_show_not_going":false,"_tribe_ticket_use_global_stock":"","_tribe_ticket_global_stock_level":"","_global_stock_mode":"","_global_stock_cap":"","_tribe_rsvp_for_event":"","_tribe_ticket_going_count":"","_tribe_ticket_not_going_count":"","_tribe_tickets_list":"[]","_tribe_ticket_has_attendee_info_fields":false,"footnotes":""},"categories":[1],"tags":[],"coauthors":[51],"class_list":["post-31025","post","type-post","status-publish","format-standard","hentry","category-allgemein"],"yoast_head":"<!-- This site is optimized with the Yoast SEO plugin v27.4 - https:\/\/yoast.com\/product\/yoast-seo-wordpress\/ -->\n<title>Neujahrskalender der Weissen Dame \u2013 4. T\u00fcrchen - SC Weisse Dame e. V.<\/title>\n<meta name=\"robots\" content=\"index, follow, max-snippet:-1, max-image-preview:large, max-video-preview:-1\" \/>\n<link rel=\"canonical\" href=\"http:\/\/sc-weisse-dame.de\/v3\/2025\/01\/neujahrskalender-der-weissen-dame-4-tuerchen\/\" \/>\n<meta property=\"og:locale\" content=\"de_DE\" \/>\n<meta property=\"og:type\" content=\"article\" \/>\n<meta property=\"og:title\" content=\"Neujahrskalender der Weissen Dame \u2013 4. T\u00fcrchen - SC Weisse Dame e. V.\" \/>\n<meta property=\"og:description\" content=\"Richtige Antwort:\" \/>\n<meta property=\"og:url\" content=\"http:\/\/sc-weisse-dame.de\/v3\/2025\/01\/neujahrskalender-der-weissen-dame-4-tuerchen\/\" \/>\n<meta property=\"og:site_name\" content=\"SC Weisse Dame e. V.\" \/>\n<meta property=\"article:published_time\" content=\"2025-01-04T06:00:23+00:00\" \/>\n<meta property=\"article:modified_time\" content=\"2025-01-14T12:58:58+00:00\" \/>\n<meta name=\"author\" content=\"Heinz Uhl\" \/>\n<meta name=\"twitter:card\" content=\"summary_large_image\" \/>\n<meta name=\"twitter:label1\" content=\"Verfasst von\" \/>\n\t<meta name=\"twitter:data1\" content=\"Heinz Uhl\" \/>\n\t<meta name=\"twitter:label2\" content=\"Gesch\u00e4tzte Lesezeit\" \/>\n\t<meta name=\"twitter:data2\" content=\"2\u00a0Minuten\" \/>\n\t<meta name=\"twitter:label3\" content=\"Written by\" \/>\n\t<meta name=\"twitter:data3\" content=\"Heinz Uhl\" \/>\n<script type=\"application\/ld+json\" class=\"yoast-schema-graph\">{\"@context\":\"https:\\\/\\\/schema.org\",\"@graph\":[{\"@type\":\"Article\",\"@id\":\"http:\\\/\\\/sc-weisse-dame.de\\\/v3\\\/2025\\\/01\\\/neujahrskalender-der-weissen-dame-4-tuerchen\\\/#article\",\"isPartOf\":{\"@id\":\"http:\\\/\\\/sc-weisse-dame.de\\\/v3\\\/2025\\\/01\\\/neujahrskalender-der-weissen-dame-4-tuerchen\\\/\"},\"author\":{\"name\":\"Heinz Uhl\",\"@id\":\"http:\\\/\\\/sc-weisse-dame.de\\\/v3\\\/#\\\/schema\\\/person\\\/0edf448c4a9e8fe2896397a6aa52a4f5\"},\"headline\":\"Neujahrskalender der Weissen Dame \u2013 4. T\u00fcrchen\",\"datePublished\":\"2025-01-04T06:00:23+00:00\",\"dateModified\":\"2025-01-14T12:58:58+00:00\",\"mainEntityOfPage\":{\"@id\":\"http:\\\/\\\/sc-weisse-dame.de\\\/v3\\\/2025\\\/01\\\/neujahrskalender-der-weissen-dame-4-tuerchen\\\/\"},\"wordCount\":208,\"image\":{\"@id\":\"http:\\\/\\\/sc-weisse-dame.de\\\/v3\\\/2025\\\/01\\\/neujahrskalender-der-weissen-dame-4-tuerchen\\\/#primaryimage\"},\"thumbnailUrl\":\"http:\\\/\\\/sc-weisse-dame.de\\\/v3\\\/wp-content\\\/uploads\\\/2025\\\/01\\\/Memory-Quiz-schwarzer-Koenig-scaled.jpg\",\"inLanguage\":\"de\"},{\"@type\":\"WebPage\",\"@id\":\"http:\\\/\\\/sc-weisse-dame.de\\\/v3\\\/2025\\\/01\\\/neujahrskalender-der-weissen-dame-4-tuerchen\\\/\",\"url\":\"http:\\\/\\\/sc-weisse-dame.de\\\/v3\\\/2025\\\/01\\\/neujahrskalender-der-weissen-dame-4-tuerchen\\\/\",\"name\":\"Neujahrskalender der Weissen Dame \u2013 4. T\u00fcrchen - SC Weisse Dame e. V.\",\"isPartOf\":{\"@id\":\"http:\\\/\\\/sc-weisse-dame.de\\\/v3\\\/#website\"},\"primaryImageOfPage\":{\"@id\":\"http:\\\/\\\/sc-weisse-dame.de\\\/v3\\\/2025\\\/01\\\/neujahrskalender-der-weissen-dame-4-tuerchen\\\/#primaryimage\"},\"image\":{\"@id\":\"http:\\\/\\\/sc-weisse-dame.de\\\/v3\\\/2025\\\/01\\\/neujahrskalender-der-weissen-dame-4-tuerchen\\\/#primaryimage\"},\"thumbnailUrl\":\"http:\\\/\\\/sc-weisse-dame.de\\\/v3\\\/wp-content\\\/uploads\\\/2025\\\/01\\\/Memory-Quiz-schwarzer-Koenig-scaled.jpg\",\"datePublished\":\"2025-01-04T06:00:23+00:00\",\"dateModified\":\"2025-01-14T12:58:58+00:00\",\"author\":{\"@id\":\"http:\\\/\\\/sc-weisse-dame.de\\\/v3\\\/#\\\/schema\\\/person\\\/0edf448c4a9e8fe2896397a6aa52a4f5\"},\"breadcrumb\":{\"@id\":\"http:\\\/\\\/sc-weisse-dame.de\\\/v3\\\/2025\\\/01\\\/neujahrskalender-der-weissen-dame-4-tuerchen\\\/#breadcrumb\"},\"inLanguage\":\"de\",\"potentialAction\":[{\"@type\":\"ReadAction\",\"target\":[\"http:\\\/\\\/sc-weisse-dame.de\\\/v3\\\/2025\\\/01\\\/neujahrskalender-der-weissen-dame-4-tuerchen\\\/\"]}]},{\"@type\":\"ImageObject\",\"inLanguage\":\"de\",\"@id\":\"http:\\\/\\\/sc-weisse-dame.de\\\/v3\\\/2025\\\/01\\\/neujahrskalender-der-weissen-dame-4-tuerchen\\\/#primaryimage\",\"url\":\"http:\\\/\\\/sc-weisse-dame.de\\\/v3\\\/wp-content\\\/uploads\\\/2025\\\/01\\\/Memory-Quiz-schwarzer-Koenig-scaled.jpg\",\"contentUrl\":\"http:\\\/\\\/sc-weisse-dame.de\\\/v3\\\/wp-content\\\/uploads\\\/2025\\\/01\\\/Memory-Quiz-schwarzer-Koenig-scaled.jpg\",\"width\":2560,\"height\":1810},{\"@type\":\"BreadcrumbList\",\"@id\":\"http:\\\/\\\/sc-weisse-dame.de\\\/v3\\\/2025\\\/01\\\/neujahrskalender-der-weissen-dame-4-tuerchen\\\/#breadcrumb\",\"itemListElement\":[{\"@type\":\"ListItem\",\"position\":1,\"name\":\"Startseite\",\"item\":\"http:\\\/\\\/sc-weisse-dame.de\\\/v3\\\/\"},{\"@type\":\"ListItem\",\"position\":2,\"name\":\"Neujahrskalender der Weissen Dame \u2013 4. T\u00fcrchen\"}]},{\"@type\":\"WebSite\",\"@id\":\"http:\\\/\\\/sc-weisse-dame.de\\\/v3\\\/#website\",\"url\":\"http:\\\/\\\/sc-weisse-dame.de\\\/v3\\\/\",\"name\":\"SC Weisse Dame e. V.\",\"description\":\"Herzlich Willkommen!\",\"potentialAction\":[{\"@type\":\"SearchAction\",\"target\":{\"@type\":\"EntryPoint\",\"urlTemplate\":\"http:\\\/\\\/sc-weisse-dame.de\\\/v3\\\/?s={search_term_string}\"},\"query-input\":{\"@type\":\"PropertyValueSpecification\",\"valueRequired\":true,\"valueName\":\"search_term_string\"}}],\"inLanguage\":\"de\"},{\"@type\":\"Person\",\"@id\":\"http:\\\/\\\/sc-weisse-dame.de\\\/v3\\\/#\\\/schema\\\/person\\\/0edf448c4a9e8fe2896397a6aa52a4f5\",\"name\":\"Heinz Uhl\",\"url\":\"http:\\\/\\\/sc-weisse-dame.de\\\/v3\\\/author\\\/heinz_uhl\\\/\"}]}<\/script>\n<!-- \/ Yoast SEO plugin. -->","yoast_head_json":{"title":"Neujahrskalender der Weissen Dame \u2013 4. T\u00fcrchen - SC Weisse Dame e. V.","robots":{"index":"index","follow":"follow","max-snippet":"max-snippet:-1","max-image-preview":"max-image-preview:large","max-video-preview":"max-video-preview:-1"},"canonical":"http:\/\/sc-weisse-dame.de\/v3\/2025\/01\/neujahrskalender-der-weissen-dame-4-tuerchen\/","og_locale":"de_DE","og_type":"article","og_title":"Neujahrskalender der Weissen Dame \u2013 4. T\u00fcrchen - SC Weisse Dame e. V.","og_description":"Richtige Antwort:","og_url":"http:\/\/sc-weisse-dame.de\/v3\/2025\/01\/neujahrskalender-der-weissen-dame-4-tuerchen\/","og_site_name":"SC Weisse Dame e. V.","article_published_time":"2025-01-04T06:00:23+00:00","article_modified_time":"2025-01-14T12:58:58+00:00","author":"Heinz Uhl","twitter_card":"summary_large_image","twitter_misc":{"Verfasst von":"Heinz Uhl","Gesch\u00e4tzte Lesezeit":"2\u00a0Minuten","Written by":"Heinz Uhl"},"schema":{"@context":"https:\/\/schema.org","@graph":[{"@type":"Article","@id":"http:\/\/sc-weisse-dame.de\/v3\/2025\/01\/neujahrskalender-der-weissen-dame-4-tuerchen\/#article","isPartOf":{"@id":"http:\/\/sc-weisse-dame.de\/v3\/2025\/01\/neujahrskalender-der-weissen-dame-4-tuerchen\/"},"author":{"name":"Heinz Uhl","@id":"http:\/\/sc-weisse-dame.de\/v3\/#\/schema\/person\/0edf448c4a9e8fe2896397a6aa52a4f5"},"headline":"Neujahrskalender der Weissen Dame \u2013 4. T\u00fcrchen","datePublished":"2025-01-04T06:00:23+00:00","dateModified":"2025-01-14T12:58:58+00:00","mainEntityOfPage":{"@id":"http:\/\/sc-weisse-dame.de\/v3\/2025\/01\/neujahrskalender-der-weissen-dame-4-tuerchen\/"},"wordCount":208,"image":{"@id":"http:\/\/sc-weisse-dame.de\/v3\/2025\/01\/neujahrskalender-der-weissen-dame-4-tuerchen\/#primaryimage"},"thumbnailUrl":"http:\/\/sc-weisse-dame.de\/v3\/wp-content\/uploads\/2025\/01\/Memory-Quiz-schwarzer-Koenig-scaled.jpg","inLanguage":"de"},{"@type":"WebPage","@id":"http:\/\/sc-weisse-dame.de\/v3\/2025\/01\/neujahrskalender-der-weissen-dame-4-tuerchen\/","url":"http:\/\/sc-weisse-dame.de\/v3\/2025\/01\/neujahrskalender-der-weissen-dame-4-tuerchen\/","name":"Neujahrskalender der Weissen Dame \u2013 4. T\u00fcrchen - SC Weisse Dame e. V.","isPartOf":{"@id":"http:\/\/sc-weisse-dame.de\/v3\/#website"},"primaryImageOfPage":{"@id":"http:\/\/sc-weisse-dame.de\/v3\/2025\/01\/neujahrskalender-der-weissen-dame-4-tuerchen\/#primaryimage"},"image":{"@id":"http:\/\/sc-weisse-dame.de\/v3\/2025\/01\/neujahrskalender-der-weissen-dame-4-tuerchen\/#primaryimage"},"thumbnailUrl":"http:\/\/sc-weisse-dame.de\/v3\/wp-content\/uploads\/2025\/01\/Memory-Quiz-schwarzer-Koenig-scaled.jpg","datePublished":"2025-01-04T06:00:23+00:00","dateModified":"2025-01-14T12:58:58+00:00","author":{"@id":"http:\/\/sc-weisse-dame.de\/v3\/#\/schema\/person\/0edf448c4a9e8fe2896397a6aa52a4f5"},"breadcrumb":{"@id":"http:\/\/sc-weisse-dame.de\/v3\/2025\/01\/neujahrskalender-der-weissen-dame-4-tuerchen\/#breadcrumb"},"inLanguage":"de","potentialAction":[{"@type":"ReadAction","target":["http:\/\/sc-weisse-dame.de\/v3\/2025\/01\/neujahrskalender-der-weissen-dame-4-tuerchen\/"]}]},{"@type":"ImageObject","inLanguage":"de","@id":"http:\/\/sc-weisse-dame.de\/v3\/2025\/01\/neujahrskalender-der-weissen-dame-4-tuerchen\/#primaryimage","url":"http:\/\/sc-weisse-dame.de\/v3\/wp-content\/uploads\/2025\/01\/Memory-Quiz-schwarzer-Koenig-scaled.jpg","contentUrl":"http:\/\/sc-weisse-dame.de\/v3\/wp-content\/uploads\/2025\/01\/Memory-Quiz-schwarzer-Koenig-scaled.jpg","width":2560,"height":1810},{"@type":"BreadcrumbList","@id":"http:\/\/sc-weisse-dame.de\/v3\/2025\/01\/neujahrskalender-der-weissen-dame-4-tuerchen\/#breadcrumb","itemListElement":[{"@type":"ListItem","position":1,"name":"Startseite","item":"http:\/\/sc-weisse-dame.de\/v3\/"},{"@type":"ListItem","position":2,"name":"Neujahrskalender der Weissen Dame \u2013 4. T\u00fcrchen"}]},{"@type":"WebSite","@id":"http:\/\/sc-weisse-dame.de\/v3\/#website","url":"http:\/\/sc-weisse-dame.de\/v3\/","name":"SC Weisse Dame e. V.","description":"Herzlich Willkommen!","potentialAction":[{"@type":"SearchAction","target":{"@type":"EntryPoint","urlTemplate":"http:\/\/sc-weisse-dame.de\/v3\/?s={search_term_string}"},"query-input":{"@type":"PropertyValueSpecification","valueRequired":true,"valueName":"search_term_string"}}],"inLanguage":"de"},{"@type":"Person","@id":"http:\/\/sc-weisse-dame.de\/v3\/#\/schema\/person\/0edf448c4a9e8fe2896397a6aa52a4f5","name":"Heinz Uhl","url":"http:\/\/sc-weisse-dame.de\/v3\/author\/heinz_uhl\/"}]}},"_links":{"self":[{"href":"http:\/\/sc-weisse-dame.de\/v3\/wp-json\/wp\/v2\/posts\/31025","targetHints":{"allow":["GET"]}}],"collection":[{"href":"http:\/\/sc-weisse-dame.de\/v3\/wp-json\/wp\/v2\/posts"}],"about":[{"href":"http:\/\/sc-weisse-dame.de\/v3\/wp-json\/wp\/v2\/types\/post"}],"author":[{"embeddable":true,"href":"http:\/\/sc-weisse-dame.de\/v3\/wp-json\/wp\/v2\/users\/11"}],"replies":[{"embeddable":true,"href":"http:\/\/sc-weisse-dame.de\/v3\/wp-json\/wp\/v2\/comments?post=31025"}],"version-history":[{"count":10,"href":"http:\/\/sc-weisse-dame.de\/v3\/wp-json\/wp\/v2\/posts\/31025\/revisions"}],"predecessor-version":[{"id":31314,"href":"http:\/\/sc-weisse-dame.de\/v3\/wp-json\/wp\/v2\/posts\/31025\/revisions\/31314"}],"wp:attachment":[{"href":"http:\/\/sc-weisse-dame.de\/v3\/wp-json\/wp\/v2\/media?parent=31025"}],"wp:term":[{"taxonomy":"category","embeddable":true,"href":"http:\/\/sc-weisse-dame.de\/v3\/wp-json\/wp\/v2\/categories?post=31025"},{"taxonomy":"post_tag","embeddable":true,"href":"http:\/\/sc-weisse-dame.de\/v3\/wp-json\/wp\/v2\/tags?post=31025"},{"taxonomy":"author","embeddable":true,"href":"http:\/\/sc-weisse-dame.de\/v3\/wp-json\/wp\/v2\/coauthors?post=31025"}],"curies":[{"name":"wp","href":"https:\/\/api.w.org\/{rel}","templated":true}]}}