{"id":26854,"date":"2023-04-08T00:25:41","date_gmt":"2023-04-07T22:25:41","guid":{"rendered":"http:\/\/sc-weisse-dame.de\/v3\/?p=26854"},"modified":"2023-04-08T00:28:34","modified_gmt":"2023-04-07T22:28:34","slug":"ostergruss-2023-des-1-vorsitzenden-kai-gerrit-venske","status":"publish","type":"post","link":"http:\/\/sc-weisse-dame.de\/v3\/2023\/04\/ostergruss-2023-des-1-vorsitzenden-kai-gerrit-venske\/","title":{"rendered":"Ostergru\u00df 2023 des 1. Vorsitzenden Kai-Gerrit Venske"},"content":{"rendered":"<h6>Ostergru\u00df des 1. Vorsitzenden Kai-Gerrit Venske<\/h6>\n<p>Liebe Mitglieder,<\/p>\n<p>im Namen des Vorstandes m\u00f6chte ich all unseren Mitgliedern und ihren Familien sowie den Freund*innen unseres Vereins ein frohes Osterfest w\u00fcnschen!<\/p>\n<p>Und als kleine Zugabe gibt es noch die gute Nachricht, dass wir ab dem 22.4. die Kinder- und Jugendarbeit auch an den Samstagen wieder aufnehmen k\u00f6nnen, weil es uns\u00a0 <em>e n d l i c h<\/em>\u00a0 gelungen ist, neue R\u00e4umlichkeiten hierf\u00fcr zu finden (und diese durch das Bezirksamt bewilligt zu bekommen), und zwar in der Eichendorff-Grundschule in Charlottenburg.\u00a0Weitere News aus Verein und Vorstand kann man dann sp\u00e4testens zur <i><b>Mitgliederversammlung am 30.06.23<\/b><\/i> erfahren.<\/p>\n<p>Schlie\u00dflich wollen wir uns aber noch mit einem <b>besonderen Anliegen<\/b> an die Mitglieder wenden, insbesondere diejenigen, die unsere Clubspielabende an den Freitagen gerne aufsuchen; hierzu bitte ich um Lekt\u00fcre des u.a. Textes unseres Vorstandsmitgliedes Felix Landsgesell.<\/p>\n<p>Also denn- frohe Ostern und bis bald mal wieder bei uns im Verein!<\/p>\n<p>&nbsp;<\/p>\n<p>Ihr und euer 1. Vorsitzender<\/p>\n<p>Kai-Gerrit Venske<\/p>\n<hr \/>\n<h6>Aufruf zur Unterst\u00fctzung<\/h6>\n<p><b><i>Liebe Vereinsmitglieder,<\/i><\/b><b><i><br \/>\n<\/i><\/b><b><i><br \/>\n<\/i><\/b><b><i>an unseren freit\u00e4glichen Spielabenden und den gelegentlichen Heimspielen (BMM, Oberliga) im Haus am Lietzensee kommen angebotene Br\u00f6tchen und Snacks gut an. Auch an Kaffee soll es nicht fehlen.<\/i><\/b><b><i><br \/>\n<\/i><\/b><b><i><br \/>\n<\/i><\/b><b><i>Das macht regelm\u00e4\u00dfig Arbeit &#8211; nicht allzu viel, aber sie ist da. Bisher wurde dieser Beitrag vor allem von nur zwei Mitgliedern geleistet. Um diese Aufgabe k\u00fcnftig auf mehr Schultern aufzuteilen, suchen wir Freiwillige, die vor Spieltagen die Besorgungen machen (Br\u00f6tchen, Belag, Kaffee etc. werden aus der Vereinskasse bezahlt) und dann vor Ort, ggf. zu zweit, die Verpflegung zubereiten k\u00f6nnen.<\/i><\/b><b><i><br \/>\n<\/i><\/b><b><i><br \/>\n<\/i><\/b><b><i>Je mehr sich melden, desto entspannter wird es f\u00fcr alle. Angedacht sind insgesamt 6-8 Freiwillige, die in einer Tabelle\u00a0flexibel eintragen k\u00f6nnen, wann sie Zeit haben, sodass eine Person f\u00fcr grob 8 Termine im Jahr verantwortlich w\u00e4re.<\/i><\/b><b><i><br \/>\n<\/i><\/b><b><i><br \/>\n<\/i><\/b><b><i>Alle Freiwilligen k\u00f6nnen sich gerne unter der folgenden Nummer bei Felix Landsgesell melden:<\/i><\/b><b><i><br \/>\n<\/i><\/b><b><i>0176 427 88 101 (Anruf\/Signal\/WhatsApp)<\/i><\/b><b><i><br \/>\n<\/i><\/b><b><i><br \/>\n<\/i><\/b><b><i>Lieben Dank an alle Unterst\u00fctzer!<\/i><\/b><b><i><br \/>\n<\/i><\/b><\/p>\n","protected":false},"excerpt":{"rendered":"<p>Ostergru\u00df des 1. Vorsitzenden Kai-Gerrit Venske Liebe Mitglieder, im Namen des Vorstandes m\u00f6chte ich all unseren Mitgliedern und ihren Familien sowie den Freund*innen unseres Vereins ein frohes Osterfest w\u00fcnschen! Und &hellip; <a href=\"http:\/\/sc-weisse-dame.de\/v3\/2023\/04\/ostergruss-2023-des-1-vorsitzenden-kai-gerrit-venske\/\" class=\"more-link\"><span class=\"screen-reader-text\">Ostergru\u00df 2023 des 1. Vorsitzenden Kai-Gerrit Venske<\/span> weiterlesen <span class=\"meta-nav\">&rarr;<\/span><\/a><\/p>\n","protected":false},"author":19,"featured_media":0,"comment_status":"open","ping_status":"closed","sticky":false,"template":"","format":"standard","meta":{"_price":"","_stock":"","_tribe_ticket_header":"","_tribe_default_ticket_provider":"","_tribe_ticket_capacity":"0","_ticket_start_date":"","_ticket_end_date":"","_tribe_ticket_show_description":"","_tribe_ticket_show_not_going":false,"_tribe_ticket_use_global_stock":"","_tribe_ticket_global_stock_level":"","_global_stock_mode":"","_global_stock_cap":"","_tribe_rsvp_for_event":"","_tribe_ticket_going_count":"","_tribe_ticket_not_going_count":"","_tribe_tickets_list":"[]","_tribe_ticket_has_attendee_info_fields":false,"footnotes":""},"categories":[34,77],"tags":[],"coauthors":[64,185],"class_list":["post-26854","post","type-post","status-publish","format-standard","hentry","category-alles-ausser-schach","category-organisatorisches"],"yoast_head":"<!-- This site is optimized with the Yoast SEO plugin v27.4 - https:\/\/yoast.com\/product\/yoast-seo-wordpress\/ -->\n<title>Ostergru\u00df 2023 des 1. Vorsitzenden Kai-Gerrit Venske - SC Weisse Dame e. V.<\/title>\n<meta name=\"robots\" content=\"index, follow, max-snippet:-1, max-image-preview:large, max-video-preview:-1\" \/>\n<link rel=\"canonical\" href=\"http:\/\/sc-weisse-dame.de\/v3\/2023\/04\/ostergruss-2023-des-1-vorsitzenden-kai-gerrit-venske\/\" \/>\n<meta property=\"og:locale\" content=\"de_DE\" \/>\n<meta property=\"og:type\" content=\"article\" \/>\n<meta property=\"og:title\" content=\"Ostergru\u00df 2023 des 1. Vorsitzenden Kai-Gerrit Venske - SC Weisse Dame e. V.\" \/>\n<meta property=\"og:description\" content=\"Ostergru\u00df des 1. Vorsitzenden Kai-Gerrit Venske Liebe Mitglieder, im Namen des Vorstandes m\u00f6chte ich all unseren Mitgliedern und ihren Familien sowie den Freund*innen unseres Vereins ein frohes Osterfest w\u00fcnschen! Und &hellip; Ostergru\u00df 2023 des 1. Vorsitzenden Kai-Gerrit Venske weiterlesen &rarr;\" \/>\n<meta property=\"og:url\" content=\"http:\/\/sc-weisse-dame.de\/v3\/2023\/04\/ostergruss-2023-des-1-vorsitzenden-kai-gerrit-venske\/\" \/>\n<meta property=\"og:site_name\" content=\"SC Weisse Dame e. V.\" \/>\n<meta property=\"article:published_time\" content=\"2023-04-07T22:25:41+00:00\" \/>\n<meta property=\"article:modified_time\" content=\"2023-04-07T22:28:34+00:00\" \/>\n<meta name=\"author\" content=\"Kai-Gerrit Venske, Felix Landsgesell\" \/>\n<meta name=\"twitter:card\" content=\"summary_large_image\" \/>\n<meta name=\"twitter:label1\" content=\"Verfasst von\" \/>\n\t<meta name=\"twitter:data1\" content=\"Kai-Gerrit Venske\" \/>\n\t<meta name=\"twitter:label2\" content=\"Gesch\u00e4tzte Lesezeit\" \/>\n\t<meta name=\"twitter:data2\" content=\"2\u00a0Minuten\" \/>\n\t<meta name=\"twitter:label3\" content=\"Written by\" \/>\n\t<meta name=\"twitter:data3\" content=\"Kai-Gerrit Venske, Felix Landsgesell\" \/>\n<script type=\"application\/ld+json\" class=\"yoast-schema-graph\">{\"@context\":\"https:\\\/\\\/schema.org\",\"@graph\":[{\"@type\":\"Article\",\"@id\":\"http:\\\/\\\/sc-weisse-dame.de\\\/v3\\\/2023\\\/04\\\/ostergruss-2023-des-1-vorsitzenden-kai-gerrit-venske\\\/#article\",\"isPartOf\":{\"@id\":\"http:\\\/\\\/sc-weisse-dame.de\\\/v3\\\/2023\\\/04\\\/ostergruss-2023-des-1-vorsitzenden-kai-gerrit-venske\\\/\"},\"author\":{\"name\":\"Kai-Gerrit Venske\",\"@id\":\"http:\\\/\\\/sc-weisse-dame.de\\\/v3\\\/#\\\/schema\\\/person\\\/d0bb0bc1ba7dbf44e2387b92ba199b43\"},\"headline\":\"Ostergru\u00df 2023 des 1. Vorsitzenden Kai-Gerrit Venske\",\"datePublished\":\"2023-04-07T22:25:41+00:00\",\"dateModified\":\"2023-04-07T22:28:34+00:00\",\"mainEntityOfPage\":{\"@id\":\"http:\\\/\\\/sc-weisse-dame.de\\\/v3\\\/2023\\\/04\\\/ostergruss-2023-des-1-vorsitzenden-kai-gerrit-venske\\\/\"},\"wordCount\":333,\"commentCount\":0,\"articleSection\":[\"Alles au\u00dfer Schach\",\"Organisatorisches\"],\"inLanguage\":\"de\",\"potentialAction\":[{\"@type\":\"CommentAction\",\"name\":\"Comment\",\"target\":[\"http:\\\/\\\/sc-weisse-dame.de\\\/v3\\\/2023\\\/04\\\/ostergruss-2023-des-1-vorsitzenden-kai-gerrit-venske\\\/#respond\"]}]},{\"@type\":\"WebPage\",\"@id\":\"http:\\\/\\\/sc-weisse-dame.de\\\/v3\\\/2023\\\/04\\\/ostergruss-2023-des-1-vorsitzenden-kai-gerrit-venske\\\/\",\"url\":\"http:\\\/\\\/sc-weisse-dame.de\\\/v3\\\/2023\\\/04\\\/ostergruss-2023-des-1-vorsitzenden-kai-gerrit-venske\\\/\",\"name\":\"Ostergru\u00df 2023 des 1. Vorsitzenden Kai-Gerrit Venske - SC Weisse Dame e. V.\",\"isPartOf\":{\"@id\":\"http:\\\/\\\/sc-weisse-dame.de\\\/v3\\\/#website\"},\"datePublished\":\"2023-04-07T22:25:41+00:00\",\"dateModified\":\"2023-04-07T22:28:34+00:00\",\"author\":{\"@id\":\"http:\\\/\\\/sc-weisse-dame.de\\\/v3\\\/#\\\/schema\\\/person\\\/d0bb0bc1ba7dbf44e2387b92ba199b43\"},\"breadcrumb\":{\"@id\":\"http:\\\/\\\/sc-weisse-dame.de\\\/v3\\\/2023\\\/04\\\/ostergruss-2023-des-1-vorsitzenden-kai-gerrit-venske\\\/#breadcrumb\"},\"inLanguage\":\"de\",\"potentialAction\":[{\"@type\":\"ReadAction\",\"target\":[\"http:\\\/\\\/sc-weisse-dame.de\\\/v3\\\/2023\\\/04\\\/ostergruss-2023-des-1-vorsitzenden-kai-gerrit-venske\\\/\"]}]},{\"@type\":\"BreadcrumbList\",\"@id\":\"http:\\\/\\\/sc-weisse-dame.de\\\/v3\\\/2023\\\/04\\\/ostergruss-2023-des-1-vorsitzenden-kai-gerrit-venske\\\/#breadcrumb\",\"itemListElement\":[{\"@type\":\"ListItem\",\"position\":1,\"name\":\"Startseite\",\"item\":\"http:\\\/\\\/sc-weisse-dame.de\\\/v3\\\/\"},{\"@type\":\"ListItem\",\"position\":2,\"name\":\"Ostergru\u00df 2023 des 1. Vorsitzenden Kai-Gerrit Venske\"}]},{\"@type\":\"WebSite\",\"@id\":\"http:\\\/\\\/sc-weisse-dame.de\\\/v3\\\/#website\",\"url\":\"http:\\\/\\\/sc-weisse-dame.de\\\/v3\\\/\",\"name\":\"SC Weisse Dame e. V.\",\"description\":\"Herzlich Willkommen!\",\"potentialAction\":[{\"@type\":\"SearchAction\",\"target\":{\"@type\":\"EntryPoint\",\"urlTemplate\":\"http:\\\/\\\/sc-weisse-dame.de\\\/v3\\\/?s={search_term_string}\"},\"query-input\":{\"@type\":\"PropertyValueSpecification\",\"valueRequired\":true,\"valueName\":\"search_term_string\"}}],\"inLanguage\":\"de\"},{\"@type\":\"Person\",\"@id\":\"http:\\\/\\\/sc-weisse-dame.de\\\/v3\\\/#\\\/schema\\\/person\\\/d0bb0bc1ba7dbf44e2387b92ba199b43\",\"name\":\"Kai-Gerrit Venske\",\"url\":\"http:\\\/\\\/sc-weisse-dame.de\\\/v3\\\/author\\\/kai_gerrit_venske\\\/\"}]}<\/script>\n<!-- \/ Yoast SEO plugin. -->","yoast_head_json":{"title":"Ostergru\u00df 2023 des 1. Vorsitzenden Kai-Gerrit Venske - SC Weisse Dame e. V.","robots":{"index":"index","follow":"follow","max-snippet":"max-snippet:-1","max-image-preview":"max-image-preview:large","max-video-preview":"max-video-preview:-1"},"canonical":"http:\/\/sc-weisse-dame.de\/v3\/2023\/04\/ostergruss-2023-des-1-vorsitzenden-kai-gerrit-venske\/","og_locale":"de_DE","og_type":"article","og_title":"Ostergru\u00df 2023 des 1. Vorsitzenden Kai-Gerrit Venske - SC Weisse Dame e. V.","og_description":"Ostergru\u00df des 1. Vorsitzenden Kai-Gerrit Venske Liebe Mitglieder, im Namen des Vorstandes m\u00f6chte ich all unseren Mitgliedern und ihren Familien sowie den Freund*innen unseres Vereins ein frohes Osterfest w\u00fcnschen! Und &hellip; Ostergru\u00df 2023 des 1. Vorsitzenden Kai-Gerrit Venske weiterlesen &rarr;","og_url":"http:\/\/sc-weisse-dame.de\/v3\/2023\/04\/ostergruss-2023-des-1-vorsitzenden-kai-gerrit-venske\/","og_site_name":"SC Weisse Dame e. V.","article_published_time":"2023-04-07T22:25:41+00:00","article_modified_time":"2023-04-07T22:28:34+00:00","author":"Kai-Gerrit Venske, Felix Landsgesell","twitter_card":"summary_large_image","twitter_misc":{"Verfasst von":"Kai-Gerrit Venske","Gesch\u00e4tzte Lesezeit":"2\u00a0Minuten","Written by":"Kai-Gerrit Venske, Felix Landsgesell"},"schema":{"@context":"https:\/\/schema.org","@graph":[{"@type":"Article","@id":"http:\/\/sc-weisse-dame.de\/v3\/2023\/04\/ostergruss-2023-des-1-vorsitzenden-kai-gerrit-venske\/#article","isPartOf":{"@id":"http:\/\/sc-weisse-dame.de\/v3\/2023\/04\/ostergruss-2023-des-1-vorsitzenden-kai-gerrit-venske\/"},"author":{"name":"Kai-Gerrit Venske","@id":"http:\/\/sc-weisse-dame.de\/v3\/#\/schema\/person\/d0bb0bc1ba7dbf44e2387b92ba199b43"},"headline":"Ostergru\u00df 2023 des 1. Vorsitzenden Kai-Gerrit Venske","datePublished":"2023-04-07T22:25:41+00:00","dateModified":"2023-04-07T22:28:34+00:00","mainEntityOfPage":{"@id":"http:\/\/sc-weisse-dame.de\/v3\/2023\/04\/ostergruss-2023-des-1-vorsitzenden-kai-gerrit-venske\/"},"wordCount":333,"commentCount":0,"articleSection":["Alles au\u00dfer Schach","Organisatorisches"],"inLanguage":"de","potentialAction":[{"@type":"CommentAction","name":"Comment","target":["http:\/\/sc-weisse-dame.de\/v3\/2023\/04\/ostergruss-2023-des-1-vorsitzenden-kai-gerrit-venske\/#respond"]}]},{"@type":"WebPage","@id":"http:\/\/sc-weisse-dame.de\/v3\/2023\/04\/ostergruss-2023-des-1-vorsitzenden-kai-gerrit-venske\/","url":"http:\/\/sc-weisse-dame.de\/v3\/2023\/04\/ostergruss-2023-des-1-vorsitzenden-kai-gerrit-venske\/","name":"Ostergru\u00df 2023 des 1. Vorsitzenden Kai-Gerrit Venske - SC Weisse Dame e. V.","isPartOf":{"@id":"http:\/\/sc-weisse-dame.de\/v3\/#website"},"datePublished":"2023-04-07T22:25:41+00:00","dateModified":"2023-04-07T22:28:34+00:00","author":{"@id":"http:\/\/sc-weisse-dame.de\/v3\/#\/schema\/person\/d0bb0bc1ba7dbf44e2387b92ba199b43"},"breadcrumb":{"@id":"http:\/\/sc-weisse-dame.de\/v3\/2023\/04\/ostergruss-2023-des-1-vorsitzenden-kai-gerrit-venske\/#breadcrumb"},"inLanguage":"de","potentialAction":[{"@type":"ReadAction","target":["http:\/\/sc-weisse-dame.de\/v3\/2023\/04\/ostergruss-2023-des-1-vorsitzenden-kai-gerrit-venske\/"]}]},{"@type":"BreadcrumbList","@id":"http:\/\/sc-weisse-dame.de\/v3\/2023\/04\/ostergruss-2023-des-1-vorsitzenden-kai-gerrit-venske\/#breadcrumb","itemListElement":[{"@type":"ListItem","position":1,"name":"Startseite","item":"http:\/\/sc-weisse-dame.de\/v3\/"},{"@type":"ListItem","position":2,"name":"Ostergru\u00df 2023 des 1. Vorsitzenden Kai-Gerrit Venske"}]},{"@type":"WebSite","@id":"http:\/\/sc-weisse-dame.de\/v3\/#website","url":"http:\/\/sc-weisse-dame.de\/v3\/","name":"SC Weisse Dame e. V.","description":"Herzlich Willkommen!","potentialAction":[{"@type":"SearchAction","target":{"@type":"EntryPoint","urlTemplate":"http:\/\/sc-weisse-dame.de\/v3\/?s={search_term_string}"},"query-input":{"@type":"PropertyValueSpecification","valueRequired":true,"valueName":"search_term_string"}}],"inLanguage":"de"},{"@type":"Person","@id":"http:\/\/sc-weisse-dame.de\/v3\/#\/schema\/person\/d0bb0bc1ba7dbf44e2387b92ba199b43","name":"Kai-Gerrit Venske","url":"http:\/\/sc-weisse-dame.de\/v3\/author\/kai_gerrit_venske\/"}]}},"_links":{"self":[{"href":"http:\/\/sc-weisse-dame.de\/v3\/wp-json\/wp\/v2\/posts\/26854","targetHints":{"allow":["GET"]}}],"collection":[{"href":"http:\/\/sc-weisse-dame.de\/v3\/wp-json\/wp\/v2\/posts"}],"about":[{"href":"http:\/\/sc-weisse-dame.de\/v3\/wp-json\/wp\/v2\/types\/post"}],"author":[{"embeddable":true,"href":"http:\/\/sc-weisse-dame.de\/v3\/wp-json\/wp\/v2\/users\/19"}],"replies":[{"embeddable":true,"href":"http:\/\/sc-weisse-dame.de\/v3\/wp-json\/wp\/v2\/comments?post=26854"}],"version-history":[{"count":5,"href":"http:\/\/sc-weisse-dame.de\/v3\/wp-json\/wp\/v2\/posts\/26854\/revisions"}],"predecessor-version":[{"id":26859,"href":"http:\/\/sc-weisse-dame.de\/v3\/wp-json\/wp\/v2\/posts\/26854\/revisions\/26859"}],"wp:attachment":[{"href":"http:\/\/sc-weisse-dame.de\/v3\/wp-json\/wp\/v2\/media?parent=26854"}],"wp:term":[{"taxonomy":"category","embeddable":true,"href":"http:\/\/sc-weisse-dame.de\/v3\/wp-json\/wp\/v2\/categories?post=26854"},{"taxonomy":"post_tag","embeddable":true,"href":"http:\/\/sc-weisse-dame.de\/v3\/wp-json\/wp\/v2\/tags?post=26854"},{"taxonomy":"author","embeddable":true,"href":"http:\/\/sc-weisse-dame.de\/v3\/wp-json\/wp\/v2\/coauthors?post=26854"}],"curies":[{"name":"wp","href":"https:\/\/api.w.org\/{rel}","templated":true}]}}