{"id":26371,"date":"2023-02-01T21:30:02","date_gmt":"2023-02-01T20:30:02","guid":{"rendered":"http:\/\/sc-weisse-dame.de\/v3\/?p=26371"},"modified":"2023-02-18T13:55:12","modified_gmt":"2023-02-18T12:55:12","slug":"otto-christ-pokal-2023","status":"publish","type":"post","link":"http:\/\/sc-weisse-dame.de\/v3\/2023\/02\/otto-christ-pokal-2023\/","title":{"rendered":"Otto-Christ-Pokal 2023: Freitag, 3.2.23 &#8211; 1. Runde (aktualisiert)"},"content":{"rendered":"<p><\/p>\r\n<p style=\"text-align: justify;\"><strong>Neuer Meldeschluss<\/strong> f\u00fcr den 2. Start der 1. Runde im Pokal war der <strong>02.02.23<\/strong>. Wir sind nun genau 16 Teilnehmer, was f\u00fcr die weitere Auslosung sehr g\u00fcnstig ist.<strong><br \/>\r\n<\/strong><\/p>\r\n<p style=\"text-align: justify;\">Aus gegebenem Anlass sei nochmals auf die <strong>Bedenkzeit<\/strong> hingewiesen, die <b>90 Minuten plus 30 Sekunden pro Zug vom 1. Zug an <\/b>betr\u00e4gt; es gibt <strong>keine Verl\u00e4ngerung<\/strong>, wie z. B. in der BMM ab der Stadtliga aufw\u00e4rts.<\/p>\r\n<h6>Ergebnisse der 1. Runde<\/h6>\r\n<p>Zong-<strong>Kather<\/strong> 0:1\u00a0 \u00a0 \u00a0Mertens-<strong>Miemietz<\/strong> 0:1\u00a0 \u00a0 \u00a0<strong>Suriano<\/strong>-Wozniak \u00bd (Suriano im Blitz weiter)\u00a0 \u00a0 \u00a0Uebelh\u00f6de-<strong>Kaufhold<\/strong> 0:1\u00a0 \u00a0 \u00a0<strong>Kaiser<\/strong>-Sechting 1:0\u00a0 \u00a0 \u00a0<strong>Abraham<\/strong>-Bertuch 1:0\u00a0 \u00a0 \u00a0<strong>St\u00e4hrfeldt<\/strong>-Babadshanjan 1:0\u00a0\u00a0 <strong>St\u00f6ckel<\/strong> &#8211; Fischer 1:0<\/p>\r\n<hr \/>\r\n<p><!--more--><\/p>\r\n<h6>NEWS vom 27.01.2023 \/ RR<\/h6>\r\n<p>Liebe Vereinsmitglieder*innen,<\/p>\r\n<p>Es ist weiterhin m\u00f6glich sich f\u00fcr den <strong>Otto-Christ-Pokal<\/strong> (OCP) anzumelden. Entgegen der Ausschreibung habe ich mich entschieden auf den Wunsch der Spieler:innen zu reagieren und auf den Modus umzuschwenken, der in den letzten Jahren \u00fcblich war. Bedeutet: es gibt einen zweiten Starttermin.<\/p>\r\n<p style=\"text-align: justify;\"><strong>Neuer <span style=\"color: #0000ff;\">Meldeschluss<\/span> f\u00fcr den 2. Start der 1. Runde im Pokal ist der <span style=\"color: #0000ff;\">31.01.23<\/span>. Ich werde dann am 01.02. die restlichen Paarungen auslosen und f\u00fcr den 03.02.23 mitteilen.<\/strong><\/p>\r\n<p style=\"text-align: justify;\">Aus gegebenem Anlass sei nochmals auf die <strong>Bedenkzeit<\/strong> hingewiesen, die <b>90 Minuten plus 30 Sekunden pro Zug vom 1. Zug an <\/b>betr\u00e4gt; es gibt <strong>keine Verl\u00e4ngerung<\/strong>, wie z. B. in der BMM ab der Stadtliga aufw\u00e4rts.<\/p>\r\n<h6>Bisherige Ergebnisse der 1. Runde<\/h6>\r\n<p>Zong-<strong>Kather<\/strong> 0:1\u00a0 \u00a0 \u00a0Mertens-<strong>Miemietz<\/strong> 0:1\u00a0 \u00a0 \u00a0<strong>Suriano<\/strong>-Wozniak \u00bd (Surinao im Blitz weiter)\u00a0 \u00a0 \u00a0Uebelh\u00f6de-<strong>Kaufhold<\/strong> 0:1\u00a0 \u00a0 \u00a0<strong>Kaiser<\/strong>-Sechting 1:0\u00a0 \u00a0 \u00a0<strong>Abraham<\/strong>-Bertuch 1:0\u00a0 \u00a0 \u00a0<strong>St\u00e4hrfeldt<\/strong>-Babadshanjan 1:0<\/p>\r\n<hr \/>\r\n<h6>NEWS vom 17.01.2023 \/ RR<\/h6>\r\n<p>Liebe Vereinsmitglieder*innen,<\/p>\r\n<p>am kommenden <strong>Freitag, den 20.01.23<\/strong> startet der Vereinspokal, es sind noch reichlich Pl\u00e4tze frei. Ich bitte Euch um Anmeldung bis Donnerstagabend. Wenn jemand spontan am Freitag kommt, dann kann ich nicht gew\u00e4hrleisten, dass auch ein Gegner anwesend sein wird. Bisher habe ich 12 Anmeldungen (Reihenfolge nach Anmeldung):<\/p>\r\n\r\n\r\n\r\n\r\n<p>Bertuch &#8211; Wischh\u00f6fer &#8211; Kather &#8211; Sechting &#8211; Kaufhold &#8211; St\u00f6ckel &#8211; St\u00e4hrfeldt &#8211; Miemietz &#8211; Babadshanjan &#8211; Fischer ? (Ich glaube auf Zuruf angemeldet, bitte kurz best\u00e4tigen) &#8211; Kaiser &#8211; Wozniak; die Liste wird laufend aktualisiert.<\/p>\r\n<p>Die Angemeldeten bitte ich mir kurz mitzuteilen, ob sie am kommenden Freitag spielen k\u00f6nnen oder verlegen m\u00fcssen, damit ich die Auslosung entsprechend anpassen kann.<\/p>\r\n<p>Robert<\/p>\r\n","protected":false},"excerpt":{"rendered":"<p>Neuer Meldeschluss f\u00fcr den 2. Start der 1. Runde im Pokal war der 02.02.23. Wir sind nun genau 16 Teilnehmer, was f\u00fcr die weitere Auslosung sehr g\u00fcnstig ist. Aus gegebenem &hellip; <a href=\"http:\/\/sc-weisse-dame.de\/v3\/2023\/02\/otto-christ-pokal-2023\/\" class=\"more-link\"><span class=\"screen-reader-text\">Otto-Christ-Pokal 2023: Freitag, 3.2.23 &#8211; 1. Runde (aktualisiert)<\/span> weiterlesen <span class=\"meta-nav\">&rarr;<\/span><\/a><\/p>\n","protected":false},"author":21,"featured_media":0,"comment_status":"open","ping_status":"closed","sticky":false,"template":"","format":"standard","meta":{"_price":"","_stock":"","_tribe_ticket_header":"","_tribe_default_ticket_provider":"","_tribe_ticket_capacity":"0","_ticket_start_date":"","_ticket_end_date":"","_tribe_ticket_show_description":"","_tribe_ticket_show_not_going":false,"_tribe_ticket_use_global_stock":"","_tribe_ticket_global_stock_level":"","_global_stock_mode":"","_global_stock_cap":"","_tribe_rsvp_for_event":"","_tribe_ticket_going_count":"","_tribe_ticket_not_going_count":"","_tribe_tickets_list":"[]","_tribe_ticket_has_attendee_info_fields":false,"footnotes":""},"categories":[7],"tags":[],"coauthors":[66],"class_list":["post-26371","post","type-post","status-publish","format-standard","hentry","category-otto-christ-pokal"],"yoast_head":"<!-- This site is optimized with the Yoast SEO plugin v27.4 - https:\/\/yoast.com\/product\/yoast-seo-wordpress\/ -->\n<title>Otto-Christ-Pokal 2023: Freitag, 3.2.23 - 1. Runde (aktualisiert) - SC Weisse Dame e. V.<\/title>\n<meta name=\"robots\" content=\"index, follow, max-snippet:-1, max-image-preview:large, max-video-preview:-1\" \/>\n<link rel=\"canonical\" href=\"http:\/\/sc-weisse-dame.de\/v3\/2023\/02\/otto-christ-pokal-2023\/\" \/>\n<meta property=\"og:locale\" content=\"de_DE\" \/>\n<meta property=\"og:type\" content=\"article\" \/>\n<meta property=\"og:title\" content=\"Otto-Christ-Pokal 2023: Freitag, 3.2.23 - 1. Runde (aktualisiert) - SC Weisse Dame e. V.\" \/>\n<meta property=\"og:description\" content=\"Neuer Meldeschluss f\u00fcr den 2. Start der 1. Runde im Pokal war der 02.02.23. Wir sind nun genau 16 Teilnehmer, was f\u00fcr die weitere Auslosung sehr g\u00fcnstig ist. Aus gegebenem &hellip; Otto-Christ-Pokal 2023: Freitag, 3.2.23 &#8211; 1. Runde (aktualisiert) weiterlesen &rarr;\" \/>\n<meta property=\"og:url\" content=\"http:\/\/sc-weisse-dame.de\/v3\/2023\/02\/otto-christ-pokal-2023\/\" \/>\n<meta property=\"og:site_name\" content=\"SC Weisse Dame e. V.\" \/>\n<meta property=\"article:published_time\" content=\"2023-02-01T20:30:02+00:00\" \/>\n<meta property=\"article:modified_time\" content=\"2023-02-18T12:55:12+00:00\" \/>\n<meta name=\"author\" content=\"Robert Radke\" \/>\n<meta name=\"twitter:card\" content=\"summary_large_image\" \/>\n<meta name=\"twitter:label1\" content=\"Verfasst von\" \/>\n\t<meta name=\"twitter:data1\" content=\"Robert Radke\" \/>\n\t<meta name=\"twitter:label2\" content=\"Gesch\u00e4tzte Lesezeit\" \/>\n\t<meta name=\"twitter:data2\" content=\"2\u00a0Minuten\" \/>\n\t<meta name=\"twitter:label3\" content=\"Written by\" \/>\n\t<meta name=\"twitter:data3\" content=\"Robert Radke\" \/>\n<script type=\"application\/ld+json\" class=\"yoast-schema-graph\">{\"@context\":\"https:\\\/\\\/schema.org\",\"@graph\":[{\"@type\":\"Article\",\"@id\":\"http:\\\/\\\/sc-weisse-dame.de\\\/v3\\\/2023\\\/02\\\/otto-christ-pokal-2023\\\/#article\",\"isPartOf\":{\"@id\":\"http:\\\/\\\/sc-weisse-dame.de\\\/v3\\\/2023\\\/02\\\/otto-christ-pokal-2023\\\/\"},\"author\":{\"name\":\"Robert Radke\",\"@id\":\"http:\\\/\\\/sc-weisse-dame.de\\\/v3\\\/#\\\/schema\\\/person\\\/ede8879bbc61cc0854e5c789f325484f\"},\"headline\":\"Otto-Christ-Pokal 2023: Freitag, 3.2.23 &#8211; 1. Runde (aktualisiert)\",\"datePublished\":\"2023-02-01T20:30:02+00:00\",\"dateModified\":\"2023-02-18T12:55:12+00:00\",\"mainEntityOfPage\":{\"@id\":\"http:\\\/\\\/sc-weisse-dame.de\\\/v3\\\/2023\\\/02\\\/otto-christ-pokal-2023\\\/\"},\"wordCount\":337,\"commentCount\":0,\"articleSection\":[\"Otto-Christ-Pokal\"],\"inLanguage\":\"de\",\"potentialAction\":[{\"@type\":\"CommentAction\",\"name\":\"Comment\",\"target\":[\"http:\\\/\\\/sc-weisse-dame.de\\\/v3\\\/2023\\\/02\\\/otto-christ-pokal-2023\\\/#respond\"]}]},{\"@type\":\"WebPage\",\"@id\":\"http:\\\/\\\/sc-weisse-dame.de\\\/v3\\\/2023\\\/02\\\/otto-christ-pokal-2023\\\/\",\"url\":\"http:\\\/\\\/sc-weisse-dame.de\\\/v3\\\/2023\\\/02\\\/otto-christ-pokal-2023\\\/\",\"name\":\"Otto-Christ-Pokal 2023: Freitag, 3.2.23 - 1. Runde (aktualisiert) - SC Weisse Dame e. V.\",\"isPartOf\":{\"@id\":\"http:\\\/\\\/sc-weisse-dame.de\\\/v3\\\/#website\"},\"datePublished\":\"2023-02-01T20:30:02+00:00\",\"dateModified\":\"2023-02-18T12:55:12+00:00\",\"author\":{\"@id\":\"http:\\\/\\\/sc-weisse-dame.de\\\/v3\\\/#\\\/schema\\\/person\\\/ede8879bbc61cc0854e5c789f325484f\"},\"breadcrumb\":{\"@id\":\"http:\\\/\\\/sc-weisse-dame.de\\\/v3\\\/2023\\\/02\\\/otto-christ-pokal-2023\\\/#breadcrumb\"},\"inLanguage\":\"de\",\"potentialAction\":[{\"@type\":\"ReadAction\",\"target\":[\"http:\\\/\\\/sc-weisse-dame.de\\\/v3\\\/2023\\\/02\\\/otto-christ-pokal-2023\\\/\"]}]},{\"@type\":\"BreadcrumbList\",\"@id\":\"http:\\\/\\\/sc-weisse-dame.de\\\/v3\\\/2023\\\/02\\\/otto-christ-pokal-2023\\\/#breadcrumb\",\"itemListElement\":[{\"@type\":\"ListItem\",\"position\":1,\"name\":\"Startseite\",\"item\":\"http:\\\/\\\/sc-weisse-dame.de\\\/v3\\\/\"},{\"@type\":\"ListItem\",\"position\":2,\"name\":\"Otto-Christ-Pokal 2023: Freitag, 3.2.23 &#8211; 1. Runde (aktualisiert)\"}]},{\"@type\":\"WebSite\",\"@id\":\"http:\\\/\\\/sc-weisse-dame.de\\\/v3\\\/#website\",\"url\":\"http:\\\/\\\/sc-weisse-dame.de\\\/v3\\\/\",\"name\":\"SC Weisse Dame e. V.\",\"description\":\"Herzlich Willkommen!\",\"potentialAction\":[{\"@type\":\"SearchAction\",\"target\":{\"@type\":\"EntryPoint\",\"urlTemplate\":\"http:\\\/\\\/sc-weisse-dame.de\\\/v3\\\/?s={search_term_string}\"},\"query-input\":{\"@type\":\"PropertyValueSpecification\",\"valueRequired\":true,\"valueName\":\"search_term_string\"}}],\"inLanguage\":\"de\"},{\"@type\":\"Person\",\"@id\":\"http:\\\/\\\/sc-weisse-dame.de\\\/v3\\\/#\\\/schema\\\/person\\\/ede8879bbc61cc0854e5c789f325484f\",\"name\":\"Robert Radke\",\"description\":\"Seit dem 13. Lebenjahr in Schachvereinen spielend und in vielen Vorstandspositionen aktiv. Beim SC Weisse Dame im Jahre 2016 eingetreten. Regelm\u00e4\u00dfige Schiedsrichtereins\u00e4tze (FA) in \u00fcberregionalen Mannschaftsk\u00e4mpfen und bei einigen gr\u00f6\u00dferen Turnieren.\",\"url\":\"http:\\\/\\\/sc-weisse-dame.de\\\/v3\\\/author\\\/robert_radke\\\/\"}]}<\/script>\n<!-- \/ Yoast SEO plugin. -->","yoast_head_json":{"title":"Otto-Christ-Pokal 2023: Freitag, 3.2.23 - 1. Runde (aktualisiert) - SC Weisse Dame e. V.","robots":{"index":"index","follow":"follow","max-snippet":"max-snippet:-1","max-image-preview":"max-image-preview:large","max-video-preview":"max-video-preview:-1"},"canonical":"http:\/\/sc-weisse-dame.de\/v3\/2023\/02\/otto-christ-pokal-2023\/","og_locale":"de_DE","og_type":"article","og_title":"Otto-Christ-Pokal 2023: Freitag, 3.2.23 - 1. Runde (aktualisiert) - SC Weisse Dame e. V.","og_description":"Neuer Meldeschluss f\u00fcr den 2. Start der 1. Runde im Pokal war der 02.02.23. Wir sind nun genau 16 Teilnehmer, was f\u00fcr die weitere Auslosung sehr g\u00fcnstig ist. Aus gegebenem &hellip; Otto-Christ-Pokal 2023: Freitag, 3.2.23 &#8211; 1. Runde (aktualisiert) weiterlesen &rarr;","og_url":"http:\/\/sc-weisse-dame.de\/v3\/2023\/02\/otto-christ-pokal-2023\/","og_site_name":"SC Weisse Dame e. V.","article_published_time":"2023-02-01T20:30:02+00:00","article_modified_time":"2023-02-18T12:55:12+00:00","author":"Robert Radke","twitter_card":"summary_large_image","twitter_misc":{"Verfasst von":"Robert Radke","Gesch\u00e4tzte Lesezeit":"2\u00a0Minuten","Written by":"Robert Radke"},"schema":{"@context":"https:\/\/schema.org","@graph":[{"@type":"Article","@id":"http:\/\/sc-weisse-dame.de\/v3\/2023\/02\/otto-christ-pokal-2023\/#article","isPartOf":{"@id":"http:\/\/sc-weisse-dame.de\/v3\/2023\/02\/otto-christ-pokal-2023\/"},"author":{"name":"Robert Radke","@id":"http:\/\/sc-weisse-dame.de\/v3\/#\/schema\/person\/ede8879bbc61cc0854e5c789f325484f"},"headline":"Otto-Christ-Pokal 2023: Freitag, 3.2.23 &#8211; 1. Runde (aktualisiert)","datePublished":"2023-02-01T20:30:02+00:00","dateModified":"2023-02-18T12:55:12+00:00","mainEntityOfPage":{"@id":"http:\/\/sc-weisse-dame.de\/v3\/2023\/02\/otto-christ-pokal-2023\/"},"wordCount":337,"commentCount":0,"articleSection":["Otto-Christ-Pokal"],"inLanguage":"de","potentialAction":[{"@type":"CommentAction","name":"Comment","target":["http:\/\/sc-weisse-dame.de\/v3\/2023\/02\/otto-christ-pokal-2023\/#respond"]}]},{"@type":"WebPage","@id":"http:\/\/sc-weisse-dame.de\/v3\/2023\/02\/otto-christ-pokal-2023\/","url":"http:\/\/sc-weisse-dame.de\/v3\/2023\/02\/otto-christ-pokal-2023\/","name":"Otto-Christ-Pokal 2023: Freitag, 3.2.23 - 1. Runde (aktualisiert) - SC Weisse Dame e. V.","isPartOf":{"@id":"http:\/\/sc-weisse-dame.de\/v3\/#website"},"datePublished":"2023-02-01T20:30:02+00:00","dateModified":"2023-02-18T12:55:12+00:00","author":{"@id":"http:\/\/sc-weisse-dame.de\/v3\/#\/schema\/person\/ede8879bbc61cc0854e5c789f325484f"},"breadcrumb":{"@id":"http:\/\/sc-weisse-dame.de\/v3\/2023\/02\/otto-christ-pokal-2023\/#breadcrumb"},"inLanguage":"de","potentialAction":[{"@type":"ReadAction","target":["http:\/\/sc-weisse-dame.de\/v3\/2023\/02\/otto-christ-pokal-2023\/"]}]},{"@type":"BreadcrumbList","@id":"http:\/\/sc-weisse-dame.de\/v3\/2023\/02\/otto-christ-pokal-2023\/#breadcrumb","itemListElement":[{"@type":"ListItem","position":1,"name":"Startseite","item":"http:\/\/sc-weisse-dame.de\/v3\/"},{"@type":"ListItem","position":2,"name":"Otto-Christ-Pokal 2023: Freitag, 3.2.23 &#8211; 1. Runde (aktualisiert)"}]},{"@type":"WebSite","@id":"http:\/\/sc-weisse-dame.de\/v3\/#website","url":"http:\/\/sc-weisse-dame.de\/v3\/","name":"SC Weisse Dame e. V.","description":"Herzlich Willkommen!","potentialAction":[{"@type":"SearchAction","target":{"@type":"EntryPoint","urlTemplate":"http:\/\/sc-weisse-dame.de\/v3\/?s={search_term_string}"},"query-input":{"@type":"PropertyValueSpecification","valueRequired":true,"valueName":"search_term_string"}}],"inLanguage":"de"},{"@type":"Person","@id":"http:\/\/sc-weisse-dame.de\/v3\/#\/schema\/person\/ede8879bbc61cc0854e5c789f325484f","name":"Robert Radke","description":"Seit dem 13. Lebenjahr in Schachvereinen spielend und in vielen Vorstandspositionen aktiv. Beim SC Weisse Dame im Jahre 2016 eingetreten. Regelm\u00e4\u00dfige Schiedsrichtereins\u00e4tze (FA) in \u00fcberregionalen Mannschaftsk\u00e4mpfen und bei einigen gr\u00f6\u00dferen Turnieren.","url":"http:\/\/sc-weisse-dame.de\/v3\/author\/robert_radke\/"}]}},"_links":{"self":[{"href":"http:\/\/sc-weisse-dame.de\/v3\/wp-json\/wp\/v2\/posts\/26371","targetHints":{"allow":["GET"]}}],"collection":[{"href":"http:\/\/sc-weisse-dame.de\/v3\/wp-json\/wp\/v2\/posts"}],"about":[{"href":"http:\/\/sc-weisse-dame.de\/v3\/wp-json\/wp\/v2\/types\/post"}],"author":[{"embeddable":true,"href":"http:\/\/sc-weisse-dame.de\/v3\/wp-json\/wp\/v2\/users\/21"}],"replies":[{"embeddable":true,"href":"http:\/\/sc-weisse-dame.de\/v3\/wp-json\/wp\/v2\/comments?post=26371"}],"version-history":[{"count":10,"href":"http:\/\/sc-weisse-dame.de\/v3\/wp-json\/wp\/v2\/posts\/26371\/revisions"}],"predecessor-version":[{"id":26551,"href":"http:\/\/sc-weisse-dame.de\/v3\/wp-json\/wp\/v2\/posts\/26371\/revisions\/26551"}],"wp:attachment":[{"href":"http:\/\/sc-weisse-dame.de\/v3\/wp-json\/wp\/v2\/media?parent=26371"}],"wp:term":[{"taxonomy":"category","embeddable":true,"href":"http:\/\/sc-weisse-dame.de\/v3\/wp-json\/wp\/v2\/categories?post=26371"},{"taxonomy":"post_tag","embeddable":true,"href":"http:\/\/sc-weisse-dame.de\/v3\/wp-json\/wp\/v2\/tags?post=26371"},{"taxonomy":"author","embeddable":true,"href":"http:\/\/sc-weisse-dame.de\/v3\/wp-json\/wp\/v2\/coauthors?post=26371"}],"curies":[{"name":"wp","href":"https:\/\/api.w.org\/{rel}","templated":true}]}}