{"id":25666,"date":"2022-11-06T15:00:21","date_gmt":"2022-11-06T14:00:21","guid":{"rendered":"http:\/\/sc-weisse-dame.de\/v3\/?p=25666"},"modified":"2022-11-06T15:43:44","modified_gmt":"2022-11-06T14:43:44","slug":"herbstgruss-des-ersten-vorsitzenden","status":"publish","type":"post","link":"http:\/\/sc-weisse-dame.de\/v3\/2022\/11\/herbstgruss-des-ersten-vorsitzenden\/","title":{"rendered":"Herbstgru\u00df des Ersten Vorsitzenden"},"content":{"rendered":"<p style=\"text-align: justify;\">Liebe Mitglieder,<\/p>\n<p style=\"text-align: justify;\">das Nach-Sommer-Wetter hat sich verabschiedet, der Herbst zeigt sich nun allm\u00e4hlich so, wie man ihn kennt und f\u00fcr manchen mag sich nun auch der November-Blues seinen Weg bahnen. Umso besser, wenn man wei\u00df, dass es einen Schachclub gibt, in dem etwas los ist!<\/p>\n<p style=\"text-align: justify;\">So wird es z.B. am 11.11. die Gelegenheit geben, mit nur einem einzigen Turnier <strong>Clubschnellschachmeister<\/strong> zu werden! Und am 2.12. dasselbe noch einmal mit der <strong>Clubblitzschachmeisterschaft<\/strong>! Wir haben uns daf\u00fcr entschieden, die Titelvergaben 2022 nicht ausfallen zu lassen, auch wenn wir uns coronabedingt nicht getraut hatten, die \u00fcblichen Turnierserien zur Ermittlung der Titeltr\u00e4ger durchzuf\u00fchren.<\/p>\n<p style=\"text-align: justify;\">Ach ja, Corona. Da war ja was &#8230; Vor dem Hintergrund des Krieges in der Ukraine und der zunehmenden Sorgen und \u00c4ngste im Gefolge dieses Krieges ist dies schon fast wieder eine Anekdote. Dabei tobt der Virus immer noch, jeden Tag sterben alleine in Deutschland an die 100 Menschen durch oder mit dem Virus \u2013 und um mich herum erfahre ich st\u00e4ndig von Leuten, die gerade auskurieren, die einen leichter, etliche schwerer, manche dann auch mit Long-Covid-Folgen. Wir hatten jedenfalls allen Grund, als Verein die staatlichen Ma\u00dfnahmen voll und ganz mitzutragen, sind jetzt aber in einer neuen Phase des Umgangs mit der Pandemie angekommen. Alles in allem sind wir als Verein trotz aller Einschr\u00e4nkungen gut durch diese Krise gekommen; mir sind z.B. keine Mitglieder bekannt, die ernsthaft zu Schaden gekommen sind, erst recht nicht im Zuge unserer Vereinsabende, die wir dann peu \u00e0 peu wieder durchgef\u00fchrt haben. Und jetzt haben wir <strong>faktisch wieder den gewohnten Spielbetrieb<\/strong> aufgebaut. <!--more-->Es gibt wieder eine <strong>Clubmeisterschaft<\/strong>, der <strong>Otto-Christ-Pokal<\/strong> (bei dem <strong><span style=\"color: #0000ff;\">Heinz Uhl<\/span><\/strong> vor <strong><span style=\"color: #0000ff;\">Martin Sechting<\/span><\/strong> den Titel erringen konnte und bei dem auch erstmals ein begleitendes Turnier im Schweizer System durchgef\u00fchrt wurde) fand zuvor statt und jetzt folgen die besagten Meisterschaftsturniere. Ab dem neuen Jahr wollen wir wieder in den gewohnten Serien den Titeltr\u00e4ger ermitteln, wobei wir uns als Neuerung entscheiden haben, <strong>&#8222;Freitag der 13.&#8220;<\/strong> in die Schnellschachwertung mit einflie\u00dfen zu lassen (und Startgeld f\u00fcr Mitglieder wird hierbei auch nicht mehr genommen). Gro\u00dfen Einfluss auf diese neuen Entwicklungen des Clubspielbetriebes hat unser neues Vorstandsmitglied <strong><span style=\"color: #0000ff;\">Robert Radke<\/span><\/strong>, der quasi der neue interne Spielleiter ist. Und auch die BMM konnte unter der bew\u00e4hrten Organisation von <strong><span style=\"color: #0000ff;\">Martin Kaiser<\/span><\/strong> wieder gestartet werden und alle Mannschaften sind gut ins Rennen gegangen. Diesmal haben wir uns entschieden, neben der <strong>Oberliga-Mannschaft nur 4 weitere BMM-Mannschaften<\/strong> zu melden, was sich bislang als guter Schritt gezeigt hat. Sehr erfreulich ist nat\u00fcrlich auch, dass wir nach dem \u00e4u\u00dferst ungl\u00fcckseligen Abstieg im Vorjahr wieder eine Oberliga-Mannschaft haben und dass diese gegen den hohen Favoriten Kreuzberg I mit der knappsten aller Niederlagen auch mehr als achtbar gestartet ist. Bei so viel Spielbetrieb nimmt es nicht wunder, dass die Begeisterung f\u00fcr die <strong>Lichess-Q-Liga<\/strong> am Ende zur\u00fcckgegangen ist, sodass das engagierte Team rund um <span style=\"color: #0000ff;\"><strong>Christian Greiser<\/strong><\/span> und <span style=\"color: #0000ff;\"><strong>Thorsten Gro\u00df<\/strong><\/span> sich nach einem sch\u00f6nen Abschluss, der den erneuten Aufstieg bedeutet h\u00e4tte, dort in W\u00fcrde und Glanz verabschiedet hat.<\/p>\n<p style=\"text-align: justify;\">Wenn ich an die vergangenen Monate denke, so f\u00e4llt mir auch die ausnehmend angenehme Atmosph\u00e4re beim <strong>Grillfest<\/strong> ein, und ich freue mich mitteilen zu d\u00fcrfen, dass <strong><span style=\"color: #0000ff;\">Hans &#8222;Piko&#8220; Kaufhold<\/span><\/strong> erneut so freundlich ist, die diesj\u00e4hrige <strong>Weihnachtsfeier<\/strong>, die am 16.12. stattfinden wird, zu organisieren. Flankiert wird er dabei u.a. von unserem neuen Ehrenmitglied <strong><span style=\"color: #0000ff;\">Wolfgang Busse<\/span><\/strong>. Und auch das neue Jahr soll mit einem speziellen Event beginnen, einem eher spa\u00dfig gedachten <strong>Vergleichskampf Jung gegen Alt am 6.1.<\/strong>, bevor dann am 13.1. mit &#8222;Freitag der 13.&#8220; auch schon z\u00fcnftig in die neue Clubschnellschachmeisterschaft gestartet wird.<\/p>\n<p style=\"text-align: justify;\">Und dann war da ja auch noch die <strong>au\u00dferordentliche Mitgliederversammlung<\/strong>, bei der ich mich dann doch entschloss, noch einmal bis zur n\u00e4chsten Jahreshauptversammlung als 1. Vorsitzender zu verl\u00e4ngern. Dieses auch, weil deutlich zu sp\u00fcren war, dass noch mehr als zuvor bereit waren, sich zu engagieren und auch im Vorstand mitzuarbeiten, sei es als Vorstandsmitglied oder als Referent. Bereits gut hineingewachsen sind Neumitglied <strong><span style=\"color: #0000ff;\">Felix Landsgesell<\/span><\/strong>, der verschiedene Aufgaben rund um die Website, aber auch bei der Suche nach einem neuen Modus bei der Gestaltung der Bewirtung an den Vereinsabenden \u00fcbernommen hat, und nat\u00fcrlich Urgestein <strong><span style=\"color: #0000ff;\">Thorsten Gro\u00df<\/span><\/strong>, aber auch die neuen Referenten <strong><span style=\"color: #0000ff;\">Cord Wischh\u00f6fer<\/span><\/strong> (Mitgliederverwaltung), <strong><span style=\"color: #0000ff;\">Ralf Mohrmann<\/span><\/strong> (Schnellschach, Material) und Neumitglied <strong><span style=\"color: #0000ff;\">Richard Mertens<\/span><\/strong>, der u.a. unseren Zweiten Vorsitzenden <strong><span style=\"color: #0000ff;\">Uwe Lazik<\/span><\/strong> beim <strong>Breitenschach im Fl\u00fcchtlingheim Rohrdamm<\/strong> wirkungsvoll unterst\u00fctzt. Dass es nach wie vor sehr viel zu koordinieren und zu tun gibt, zeigt sich an den Vorstandssitzungen, die (ohne gr\u00f6\u00dferen Zeitverzug) regelm\u00e4\u00dfig 3-4 Stunden andauern (armer Schriftf\u00fchrer <strong><span style=\"color: #0000ff;\">Ingo Abraham<\/span><\/strong>!). Dort sind wir neben der Wiederbelebung des Clubspielbetriebes auch einige eher in den rechtlichen Bereich hineinragenden Probleme angegangen und haben hierf\u00fcr L\u00f6sungen entwickelt. Was uns auch besch\u00e4ftigt hat, war der <strong>Umgang mit Beitragsschulden<\/strong>, wobei wir uns entschieden haben, im Zweifelsfall eher einen konsequenten Weg zu gehen bis hin zu ersten Mahnverfahren bei hartn\u00e4ckigen Zahlungsvers\u00e4umnissen. In dem Zusammenhang bitte ich darum, sich hier der eigenen Verpflichtung bewusst zu sein und die entsprechenden Zahlungen regelm\u00e4\u00dfig und p\u00fcnktlich zu leisten. Dies wird nicht nur unseren sehr zuverl\u00e4ssigen und gr\u00fcndlichen Kassenwart <strong><span style=\"color: #0000ff;\">Carsten Miemietz<\/span><\/strong> sehr entlasten, sondern auch den Vorstand als Ganzen. Es ist auch wirklich kein Vergn\u00fcgen und immer auch menschlich unangenehm, in seiner Freizeit Beitr\u00e4ge f\u00fcr einen Freizeitverein anmahnen zu m\u00fcssen. Das Einfachste und zudem finanziell per Rabatt honoriert ist \u00fcbrigens die Teilnahme am Lastschriftverfahren \u2013 eine Win-Win-Situation f\u00fcr alle Beteiligten. Sehr erfreulich ist \u00fcbrigens, dass sich zwei Mitglieder, die mehr oder weniger unter dem Radar liefen, nach mehreren Jahren freiwillig gemeldet haben, um ihre Beitr\u00e4ge nachzuzahlen \u2013 chapeau!<\/p>\n<p style=\"text-align: justify;\">Hingewiesen werden soll an dieser Stelle auch, dass immer auch die M\u00f6glichkeit besteht, eine <strong>Beitragserm\u00e4\u00dfigung aus sozialen Gr\u00fcnden <\/strong>zu beantragen (gilt auch bei Ausbildung\/Ruhestand). Und wer (tempor\u00e4r oder f\u00fcr immer) nicht mehr spielen m\u00f6chte oder kann, aber dem Verein verbunden bleiben, kann dies auch als <strong>f\u00f6rderndes Mitglied<\/strong> zum erheblich reduzierten Beitragssatz tun. Es wird sich jedenfalls immer ein Weg finden, mit uns als Vorstand zu reden \u2013 nur abtauchen und zuwarten kann nicht der Weg sein! Die <strong>Vereinsfinanzen<\/strong> sind nicht zuletzt aufgrund des Engagements rund um das Thema MItgliedsbeitr\u00e4ge trotz der inzwischen weggefallenen Gelder aus dem Programm Integration durch Sport positiv. Und by the way: auch die Gemeinn\u00fctzigkeit wurde uns inzwischen wieder best\u00e4tigt.<\/p>\n<p style=\"text-align: justify;\">Immer wieder verlassen uns sicherlich auch Mitglieder, mitunter auch solche, die schon lange dem Verein angeh\u00f6rten, aus verschiedenen Gr\u00fcnden, aber dies wird auch immer wieder durch Neueintritte ausgeglichen, sodass wir <strong>aktuell an die 200 Mitglieder<\/strong> haben.<\/p>\n<p style=\"text-align: justify;\">Dies h\u00e4ngt sicherlich auch erheblich mit der (leider kapazit\u00e4ts- und raumbedingt nicht vollst\u00e4ndig zu befriedigenden) <strong>gro\u00dfen Nachfrage im Kinder- und Jugendbereich<\/strong> zusammen, den <span style=\"color: #3366ff;\"><strong>Johannes St\u00f6ckel<\/strong><\/span> und sein Team hochengagiert und wie gehabt sehr erfolgreich gestalten. Ein Wermutstropfen ist bei all dem, dass uns zu unserem gro\u00dfen Unverst\u00e4ndnis <strong>noch immer keine neuen R\u00e4umlichkeiten f\u00fcr das Samstag-Training<\/strong> durch das Bezirksamt zur Verf\u00fcgung gestellt wurden, aber vielleicht findet sich ja demn\u00e4chst auch dort noch \u2013 vor den Neuwahlen \u2013 ein Weg.<\/p>\n<p style=\"text-align: justify;\">Alles in allem haben wir nach einer eher schwierig zu nennenden Phase, in der zeitweilig wegen Nichtbesetzung der \u00c4mter des 1. und 2. Vorsitzenden sogar das Weiterbestehen des Vereins auf der Kippe stand, mit vereinten Kr\u00e4ften den Verein konsolidieren k\u00f6nnen. Wir hoffen, dass wir demn\u00e4chst auch die erw\u00e4hnten r\u00e4umlichen Probleme l\u00f6sen k\u00f6nnen und dass sich auch mit Blick auf die n\u00e4chste Jahreshauptversammlung Ende Juni 2023 dann frische, neue Kr\u00e4fte, die auch bereit sind, Verantwortung zu \u00fcbernehmen, finden.<\/p>\n<p style=\"text-align: justify;\">Ich w\u00fcrde mich freuen, m\u00f6glichst viele sp\u00e4testens bei unserer diesj\u00e4hrigen Weihnachtsfeier begr\u00fc\u00dfen zu d\u00fcrfen, danke allen, die sich f\u00fcr den Verein engagieren oder sich mit ihm noch verbunden f\u00fchlen (wie z.B. unsere <strong>Jubilare<\/strong> <strong><span style=\"color: #0000ff;\">Horst Dalstein<\/span><\/strong>, der 60 Jahre Mitgliedschaft feierte und <strong><span style=\"color: #0000ff;\">G\u00fcnter Kretzschmar<\/span><\/strong>, der nach 45 Jahren Mitgliedschaft als neues Ehrenmitglied nominiert wurde) und w\u00fcnsche uns im Namen des Vorstands einen warmen und lebendigen Herbst und nat\u00fcrlich viel Freude am k\u00f6niglichen Spiele!<\/p>\n","protected":false},"excerpt":{"rendered":"<p>Liebe Mitglieder, das Nach-Sommer-Wetter hat sich verabschiedet, der Herbst zeigt sich nun allm\u00e4hlich so, wie man ihn kennt und f\u00fcr manchen mag sich nun auch der November-Blues seinen Weg bahnen. &hellip; <a href=\"http:\/\/sc-weisse-dame.de\/v3\/2022\/11\/herbstgruss-des-ersten-vorsitzenden\/\" class=\"more-link\"><span class=\"screen-reader-text\">Herbstgru\u00df des Ersten Vorsitzenden<\/span> weiterlesen <span class=\"meta-nav\">&rarr;<\/span><\/a><\/p>\n","protected":false},"author":19,"featured_media":0,"comment_status":"open","ping_status":"closed","sticky":false,"template":"","format":"standard","meta":{"_price":"","_stock":"","_tribe_ticket_header":"","_tribe_default_ticket_provider":"","_tribe_ticket_capacity":"0","_ticket_start_date":"","_ticket_end_date":"","_tribe_ticket_show_description":"","_tribe_ticket_show_not_going":false,"_tribe_ticket_use_global_stock":"","_tribe_ticket_global_stock_level":"","_global_stock_mode":"","_global_stock_cap":"","_tribe_rsvp_for_event":"","_tribe_ticket_going_count":"","_tribe_ticket_not_going_count":"","_tribe_tickets_list":"[]","_tribe_ticket_has_attendee_info_fields":false,"footnotes":""},"categories":[1,77],"tags":[],"coauthors":[64],"class_list":["post-25666","post","type-post","status-publish","format-standard","hentry","category-allgemein","category-organisatorisches"],"yoast_head":"<!-- This site is optimized with the Yoast SEO plugin v27.4 - https:\/\/yoast.com\/product\/yoast-seo-wordpress\/ -->\n<title>Herbstgru\u00df des Ersten Vorsitzenden - SC Weisse Dame e. V.<\/title>\n<meta name=\"robots\" content=\"index, follow, max-snippet:-1, max-image-preview:large, max-video-preview:-1\" \/>\n<link rel=\"canonical\" href=\"http:\/\/sc-weisse-dame.de\/v3\/2022\/11\/herbstgruss-des-ersten-vorsitzenden\/\" \/>\n<meta property=\"og:locale\" content=\"de_DE\" \/>\n<meta property=\"og:type\" content=\"article\" \/>\n<meta property=\"og:title\" content=\"Herbstgru\u00df des Ersten Vorsitzenden - SC Weisse Dame e. V.\" \/>\n<meta property=\"og:description\" content=\"Liebe Mitglieder, das Nach-Sommer-Wetter hat sich verabschiedet, der Herbst zeigt sich nun allm\u00e4hlich so, wie man ihn kennt und f\u00fcr manchen mag sich nun auch der November-Blues seinen Weg bahnen. &hellip; Herbstgru\u00df des Ersten Vorsitzenden weiterlesen &rarr;\" \/>\n<meta property=\"og:url\" content=\"http:\/\/sc-weisse-dame.de\/v3\/2022\/11\/herbstgruss-des-ersten-vorsitzenden\/\" \/>\n<meta property=\"og:site_name\" content=\"SC Weisse Dame e. V.\" \/>\n<meta property=\"article:published_time\" content=\"2022-11-06T14:00:21+00:00\" \/>\n<meta property=\"article:modified_time\" content=\"2022-11-06T14:43:44+00:00\" \/>\n<meta name=\"author\" content=\"Kai-Gerrit Venske\" \/>\n<meta name=\"twitter:card\" content=\"summary_large_image\" \/>\n<meta name=\"twitter:label1\" content=\"Verfasst von\" \/>\n\t<meta name=\"twitter:data1\" content=\"Kai-Gerrit Venske\" \/>\n\t<meta name=\"twitter:label2\" content=\"Gesch\u00e4tzte Lesezeit\" \/>\n\t<meta name=\"twitter:data2\" content=\"8\u00a0Minuten\" \/>\n\t<meta name=\"twitter:label3\" content=\"Written by\" \/>\n\t<meta name=\"twitter:data3\" content=\"Kai-Gerrit Venske\" \/>\n<script type=\"application\/ld+json\" class=\"yoast-schema-graph\">{\"@context\":\"https:\\\/\\\/schema.org\",\"@graph\":[{\"@type\":\"Article\",\"@id\":\"http:\\\/\\\/sc-weisse-dame.de\\\/v3\\\/2022\\\/11\\\/herbstgruss-des-ersten-vorsitzenden\\\/#article\",\"isPartOf\":{\"@id\":\"http:\\\/\\\/sc-weisse-dame.de\\\/v3\\\/2022\\\/11\\\/herbstgruss-des-ersten-vorsitzenden\\\/\"},\"author\":{\"name\":\"Kai-Gerrit Venske\",\"@id\":\"http:\\\/\\\/sc-weisse-dame.de\\\/v3\\\/#\\\/schema\\\/person\\\/d0bb0bc1ba7dbf44e2387b92ba199b43\"},\"headline\":\"Herbstgru\u00df des Ersten Vorsitzenden\",\"datePublished\":\"2022-11-06T14:00:21+00:00\",\"dateModified\":\"2022-11-06T14:43:44+00:00\",\"mainEntityOfPage\":{\"@id\":\"http:\\\/\\\/sc-weisse-dame.de\\\/v3\\\/2022\\\/11\\\/herbstgruss-des-ersten-vorsitzenden\\\/\"},\"wordCount\":1361,\"commentCount\":0,\"articleSection\":{\"1\":\"Organisatorisches\"},\"inLanguage\":\"de\",\"potentialAction\":[{\"@type\":\"CommentAction\",\"name\":\"Comment\",\"target\":[\"http:\\\/\\\/sc-weisse-dame.de\\\/v3\\\/2022\\\/11\\\/herbstgruss-des-ersten-vorsitzenden\\\/#respond\"]}]},{\"@type\":\"WebPage\",\"@id\":\"http:\\\/\\\/sc-weisse-dame.de\\\/v3\\\/2022\\\/11\\\/herbstgruss-des-ersten-vorsitzenden\\\/\",\"url\":\"http:\\\/\\\/sc-weisse-dame.de\\\/v3\\\/2022\\\/11\\\/herbstgruss-des-ersten-vorsitzenden\\\/\",\"name\":\"Herbstgru\u00df des Ersten Vorsitzenden - SC Weisse Dame e. V.\",\"isPartOf\":{\"@id\":\"http:\\\/\\\/sc-weisse-dame.de\\\/v3\\\/#website\"},\"datePublished\":\"2022-11-06T14:00:21+00:00\",\"dateModified\":\"2022-11-06T14:43:44+00:00\",\"author\":{\"@id\":\"http:\\\/\\\/sc-weisse-dame.de\\\/v3\\\/#\\\/schema\\\/person\\\/d0bb0bc1ba7dbf44e2387b92ba199b43\"},\"breadcrumb\":{\"@id\":\"http:\\\/\\\/sc-weisse-dame.de\\\/v3\\\/2022\\\/11\\\/herbstgruss-des-ersten-vorsitzenden\\\/#breadcrumb\"},\"inLanguage\":\"de\",\"potentialAction\":[{\"@type\":\"ReadAction\",\"target\":[\"http:\\\/\\\/sc-weisse-dame.de\\\/v3\\\/2022\\\/11\\\/herbstgruss-des-ersten-vorsitzenden\\\/\"]}]},{\"@type\":\"BreadcrumbList\",\"@id\":\"http:\\\/\\\/sc-weisse-dame.de\\\/v3\\\/2022\\\/11\\\/herbstgruss-des-ersten-vorsitzenden\\\/#breadcrumb\",\"itemListElement\":[{\"@type\":\"ListItem\",\"position\":1,\"name\":\"Startseite\",\"item\":\"http:\\\/\\\/sc-weisse-dame.de\\\/v3\\\/\"},{\"@type\":\"ListItem\",\"position\":2,\"name\":\"Herbstgru\u00df des Ersten Vorsitzenden\"}]},{\"@type\":\"WebSite\",\"@id\":\"http:\\\/\\\/sc-weisse-dame.de\\\/v3\\\/#website\",\"url\":\"http:\\\/\\\/sc-weisse-dame.de\\\/v3\\\/\",\"name\":\"SC Weisse Dame e. V.\",\"description\":\"Herzlich Willkommen!\",\"potentialAction\":[{\"@type\":\"SearchAction\",\"target\":{\"@type\":\"EntryPoint\",\"urlTemplate\":\"http:\\\/\\\/sc-weisse-dame.de\\\/v3\\\/?s={search_term_string}\"},\"query-input\":{\"@type\":\"PropertyValueSpecification\",\"valueRequired\":true,\"valueName\":\"search_term_string\"}}],\"inLanguage\":\"de\"},{\"@type\":\"Person\",\"@id\":\"http:\\\/\\\/sc-weisse-dame.de\\\/v3\\\/#\\\/schema\\\/person\\\/d0bb0bc1ba7dbf44e2387b92ba199b43\",\"name\":\"Kai-Gerrit Venske\",\"url\":\"http:\\\/\\\/sc-weisse-dame.de\\\/v3\\\/author\\\/kai_gerrit_venske\\\/\"}]}<\/script>\n<!-- \/ Yoast SEO plugin. -->","yoast_head_json":{"title":"Herbstgru\u00df des Ersten Vorsitzenden - SC Weisse Dame e. V.","robots":{"index":"index","follow":"follow","max-snippet":"max-snippet:-1","max-image-preview":"max-image-preview:large","max-video-preview":"max-video-preview:-1"},"canonical":"http:\/\/sc-weisse-dame.de\/v3\/2022\/11\/herbstgruss-des-ersten-vorsitzenden\/","og_locale":"de_DE","og_type":"article","og_title":"Herbstgru\u00df des Ersten Vorsitzenden - SC Weisse Dame e. V.","og_description":"Liebe Mitglieder, das Nach-Sommer-Wetter hat sich verabschiedet, der Herbst zeigt sich nun allm\u00e4hlich so, wie man ihn kennt und f\u00fcr manchen mag sich nun auch der November-Blues seinen Weg bahnen. &hellip; Herbstgru\u00df des Ersten Vorsitzenden weiterlesen &rarr;","og_url":"http:\/\/sc-weisse-dame.de\/v3\/2022\/11\/herbstgruss-des-ersten-vorsitzenden\/","og_site_name":"SC Weisse Dame e. V.","article_published_time":"2022-11-06T14:00:21+00:00","article_modified_time":"2022-11-06T14:43:44+00:00","author":"Kai-Gerrit Venske","twitter_card":"summary_large_image","twitter_misc":{"Verfasst von":"Kai-Gerrit Venske","Gesch\u00e4tzte Lesezeit":"8\u00a0Minuten","Written by":"Kai-Gerrit Venske"},"schema":{"@context":"https:\/\/schema.org","@graph":[{"@type":"Article","@id":"http:\/\/sc-weisse-dame.de\/v3\/2022\/11\/herbstgruss-des-ersten-vorsitzenden\/#article","isPartOf":{"@id":"http:\/\/sc-weisse-dame.de\/v3\/2022\/11\/herbstgruss-des-ersten-vorsitzenden\/"},"author":{"name":"Kai-Gerrit Venske","@id":"http:\/\/sc-weisse-dame.de\/v3\/#\/schema\/person\/d0bb0bc1ba7dbf44e2387b92ba199b43"},"headline":"Herbstgru\u00df des Ersten Vorsitzenden","datePublished":"2022-11-06T14:00:21+00:00","dateModified":"2022-11-06T14:43:44+00:00","mainEntityOfPage":{"@id":"http:\/\/sc-weisse-dame.de\/v3\/2022\/11\/herbstgruss-des-ersten-vorsitzenden\/"},"wordCount":1361,"commentCount":0,"articleSection":{"1":"Organisatorisches"},"inLanguage":"de","potentialAction":[{"@type":"CommentAction","name":"Comment","target":["http:\/\/sc-weisse-dame.de\/v3\/2022\/11\/herbstgruss-des-ersten-vorsitzenden\/#respond"]}]},{"@type":"WebPage","@id":"http:\/\/sc-weisse-dame.de\/v3\/2022\/11\/herbstgruss-des-ersten-vorsitzenden\/","url":"http:\/\/sc-weisse-dame.de\/v3\/2022\/11\/herbstgruss-des-ersten-vorsitzenden\/","name":"Herbstgru\u00df des Ersten Vorsitzenden - SC Weisse Dame e. V.","isPartOf":{"@id":"http:\/\/sc-weisse-dame.de\/v3\/#website"},"datePublished":"2022-11-06T14:00:21+00:00","dateModified":"2022-11-06T14:43:44+00:00","author":{"@id":"http:\/\/sc-weisse-dame.de\/v3\/#\/schema\/person\/d0bb0bc1ba7dbf44e2387b92ba199b43"},"breadcrumb":{"@id":"http:\/\/sc-weisse-dame.de\/v3\/2022\/11\/herbstgruss-des-ersten-vorsitzenden\/#breadcrumb"},"inLanguage":"de","potentialAction":[{"@type":"ReadAction","target":["http:\/\/sc-weisse-dame.de\/v3\/2022\/11\/herbstgruss-des-ersten-vorsitzenden\/"]}]},{"@type":"BreadcrumbList","@id":"http:\/\/sc-weisse-dame.de\/v3\/2022\/11\/herbstgruss-des-ersten-vorsitzenden\/#breadcrumb","itemListElement":[{"@type":"ListItem","position":1,"name":"Startseite","item":"http:\/\/sc-weisse-dame.de\/v3\/"},{"@type":"ListItem","position":2,"name":"Herbstgru\u00df des Ersten Vorsitzenden"}]},{"@type":"WebSite","@id":"http:\/\/sc-weisse-dame.de\/v3\/#website","url":"http:\/\/sc-weisse-dame.de\/v3\/","name":"SC Weisse Dame e. V.","description":"Herzlich Willkommen!","potentialAction":[{"@type":"SearchAction","target":{"@type":"EntryPoint","urlTemplate":"http:\/\/sc-weisse-dame.de\/v3\/?s={search_term_string}"},"query-input":{"@type":"PropertyValueSpecification","valueRequired":true,"valueName":"search_term_string"}}],"inLanguage":"de"},{"@type":"Person","@id":"http:\/\/sc-weisse-dame.de\/v3\/#\/schema\/person\/d0bb0bc1ba7dbf44e2387b92ba199b43","name":"Kai-Gerrit Venske","url":"http:\/\/sc-weisse-dame.de\/v3\/author\/kai_gerrit_venske\/"}]}},"_links":{"self":[{"href":"http:\/\/sc-weisse-dame.de\/v3\/wp-json\/wp\/v2\/posts\/25666","targetHints":{"allow":["GET"]}}],"collection":[{"href":"http:\/\/sc-weisse-dame.de\/v3\/wp-json\/wp\/v2\/posts"}],"about":[{"href":"http:\/\/sc-weisse-dame.de\/v3\/wp-json\/wp\/v2\/types\/post"}],"author":[{"embeddable":true,"href":"http:\/\/sc-weisse-dame.de\/v3\/wp-json\/wp\/v2\/users\/19"}],"replies":[{"embeddable":true,"href":"http:\/\/sc-weisse-dame.de\/v3\/wp-json\/wp\/v2\/comments?post=25666"}],"version-history":[{"count":5,"href":"http:\/\/sc-weisse-dame.de\/v3\/wp-json\/wp\/v2\/posts\/25666\/revisions"}],"predecessor-version":[{"id":25671,"href":"http:\/\/sc-weisse-dame.de\/v3\/wp-json\/wp\/v2\/posts\/25666\/revisions\/25671"}],"wp:attachment":[{"href":"http:\/\/sc-weisse-dame.de\/v3\/wp-json\/wp\/v2\/media?parent=25666"}],"wp:term":[{"taxonomy":"category","embeddable":true,"href":"http:\/\/sc-weisse-dame.de\/v3\/wp-json\/wp\/v2\/categories?post=25666"},{"taxonomy":"post_tag","embeddable":true,"href":"http:\/\/sc-weisse-dame.de\/v3\/wp-json\/wp\/v2\/tags?post=25666"},{"taxonomy":"author","embeddable":true,"href":"http:\/\/sc-weisse-dame.de\/v3\/wp-json\/wp\/v2\/coauthors?post=25666"}],"curies":[{"name":"wp","href":"https:\/\/api.w.org\/{rel}","templated":true}]}}