{"id":25599,"date":"2022-10-29T00:00:54","date_gmt":"2022-10-28T22:00:54","guid":{"rendered":"http:\/\/sc-weisse-dame.de\/v3\/?p=25599"},"modified":"2023-09-17T17:33:26","modified_gmt":"2023-09-17T15:33:26","slug":"gruesse-von-der-u8-meisterschaft-in-sebnitz","status":"publish","type":"post","link":"http:\/\/sc-weisse-dame.de\/v3\/2022\/10\/gruesse-von-der-u8-meisterschaft-in-sebnitz\/","title":{"rendered":"Gr\u00fc\u00dfe von der U8-Meisterschaft in Sebnitz"},"content":{"rendered":"<h6>Der Veranstaltungsort<\/h6>\n<p>Nach 2019 ist &#8211; wegen der g\u00fcnstig gelegenen Herbstferien &#8211; in diesem Jahr wieder eine gr\u00f6\u00dfere Berliner Delegation zur <span style=\"text-decoration: underline;\"><span style=\"color: #000080;\"><a style=\"color: #000080;\" href=\"https:\/\/www.jugendschachbund-sachsen.de\/spielbetrieb\/iem-u8.html\"><em>&#8222;Internationalen U8-Meisterschaft&#8220;<\/em><\/a><\/span><\/span> in die Seidenblumenstadt <strong>Sebnitz<\/strong> gereist. F\u00fcr alle die bisher nicht wissen, wo das liegt: Die Gro\u00dfe Kreisstadt Sebnitz liegt in der S\u00e4chsischen Schweiz, ziemlich genau \u00f6stlich von Dresden, fast unmittelbar an der tschechischen Grenze. Und es spielen auch zahlreiche Spieler:innen aus Polen und Tschechien bei diesem Turnier mit.<\/p>\n<h6>Das Teilnehmerfeld<\/h6>\n<p>Unter den 45 Teilnehmer:innen des Turniers befinden sich diesmal vier junge Spieler unseres Vereins, die von <strong>Hendrik<\/strong> schachlich betreut werden. In den ersten Runden wurde noch viel gelernt \ud83d\ude09 &#8211; nun sind auch die ersten Erfolgserlebnisse da und am Mittwochnachmittag wurde bereits das &#8222;Bergfest&#8220; (die H\u00e4lfte des Turniers) gefeiert. Nun wird es einen hoffentlich erfolgreichen Endspurt geben (und Hendrik wird noch ein paar Vor-Ort-Eindr\u00fccke erg\u00e4nzen).<\/p>\n<figure id=\"attachment_25604\" aria-describedby=\"caption-attachment-25604\" style=\"width: 600px\" class=\"wp-caption alignnone\"><img loading=\"lazy\" decoding=\"async\" class=\"wp-image-25604\" src=\"http:\/\/sc-weisse-dame.de\/v3\/wp-content\/uploads\/2022\/10\/IEM-u8-Sebnitz-2022.jpg\" alt=\"\" width=\"600\" height=\"450\" srcset=\"http:\/\/sc-weisse-dame.de\/v3\/wp-content\/uploads\/2022\/10\/IEM-u8-Sebnitz-2022.jpg 2048w, http:\/\/sc-weisse-dame.de\/v3\/wp-content\/uploads\/2022\/10\/IEM-u8-Sebnitz-2022-600x450.jpg 600w, http:\/\/sc-weisse-dame.de\/v3\/wp-content\/uploads\/2022\/10\/IEM-u8-Sebnitz-2022-1536x1152.jpg 1536w\" sizes=\"auto, (max-width: 600px) 100vw, 600px\" \/><figcaption id=\"caption-attachment-25604\" class=\"wp-caption-text\">Unsere u8-Teilnehmer Justus, Jakob, Hendrik (zu alt, darf nur zugucken), Vincent und Konstantin &#8211; Foto: Rupert Burchardi<\/figcaption><\/figure>\n<hr \/>\n<h6>Die Ergebnisse der WeDa-Spieler<\/h6>\n<p><span style=\"color: #000080;\"><a style=\"color: #000080;\" href=\"https:\/\/www.jugendschachbund-sachsen.de\/spielbetrieb\/iem-u8.html\">Auf der Turnierseite<\/a><\/span> kann man sich \u00fcber alle Ergebnisse informieren. Nachfolgend sind die Einzelergebnisse unserer Spieler zusammengefasst:<\/p>\n<table style=\"width: 100%; height: 260px;\" width=\"100%\">\n<tbody>\n<tr style=\"height: 52px;\">\n<th style=\"text-align: center; width: 25%; height: 52px;\" width=\"25%\">\n<p><strong>Spieler<\/strong><\/p>\n<\/th>\n<th style=\"text-align: center; width: 6%; height: 52px;\" width=\"6%\">\n<p><strong>R1<\/strong><\/p>\n<\/th>\n<th style=\"text-align: center; width: 6%; height: 52px;\" width=\"6%\">\n<p><strong>R2<\/strong><\/p>\n<\/th>\n<th style=\"text-align: center; width: 6%; height: 52px;\" width=\"6%\">\n<p><strong>R3<\/strong><\/p>\n<\/th>\n<th style=\"text-align: center; width: 6%; height: 52px;\" width=\"6%\">\n<p><strong>R4<\/strong><\/p>\n<\/th>\n<th style=\"text-align: center; width: 6%; height: 52px;\" width=\"6%\">\n<p><strong>R5<\/strong><\/p>\n<\/th>\n<th style=\"text-align: center; width: 6%; height: 52px;\" width=\"6%\">\n<p><strong>R6<\/strong><\/p>\n<\/th>\n<th style=\"text-align: center; width: 6%; height: 52px;\" width=\"6%\">\n<p><strong>R7<\/strong><\/p>\n<\/th>\n<th style=\"text-align: center; width: 6%; height: 52px;\" width=\"6%\">\n<p><strong>R8<\/strong><\/p>\n<\/th>\n<th style=\"text-align: center; width: 6%; height: 52px;\" width=\"6%\">\n<p><strong>R9<\/strong><\/p>\n<\/th>\n<th style=\"text-align: center; width: 9%; height: 52px;\" width=\"9%\">\n<p><strong>Summe<\/strong><\/p>\n<\/th>\n<\/tr>\n<tr style=\"height: 52px;\">\n<td style=\"width: 25%; height: 52px;\" width=\"25%\">\n<p>Jakob Grimm<\/p>\n<\/td>\n<td style=\"width: 6%; height: 52px;\" width=\"6%\">\n<p>1<\/p>\n<\/td>\n<td style=\"width: 6%; height: 52px;\" width=\"6%\">\n<p>0<\/p>\n<\/td>\n<td style=\"width: 6%; height: 52px;\" width=\"6%\">\n<p>1<\/p>\n<\/td>\n<td style=\"width: 6%; height: 52px;\" width=\"6%\">\n<p>1<\/p>\n<\/td>\n<td style=\"width: 6%; height: 52px;\" width=\"6%\">\n<p>0<\/p>\n<\/td>\n<td style=\"width: 6%; height: 52px;\" width=\"6%\">\n<p>0<\/p>\n<\/td>\n<td style=\"width: 6%; height: 52px;\" width=\"6%\">\n<p>1<\/p>\n<\/td>\n<td style=\"width: 6%; height: 52px;\" width=\"6%\">\n<p>1<\/p>\n<\/td>\n<td style=\"width: 6%; height: 52px;\" width=\"6%\">\n<p>1<\/p>\n<\/td>\n<td style=\"width: 9%; height: 52px;\" width=\"9%\">\n<p>6,0\/9<\/p>\n<\/td>\n<\/tr>\n<tr style=\"height: 52px;\">\n<td style=\"width: 25%; height: 52px;\" width=\"25%\">\n<p>Vincent Pak Nguyen<\/p>\n<\/td>\n<td style=\"width: 6%; height: 52px;\" width=\"6%\">\n<p>0<\/p>\n<\/td>\n<td style=\"width: 6%; height: 52px;\" width=\"6%\">\n<p>0<\/p>\n<\/td>\n<td style=\"width: 6%; height: 52px;\" width=\"6%\">\n<p>1<\/p>\n<\/td>\n<td style=\"width: 6%; height: 52px;\" width=\"6%\">\n<p>0<\/p>\n<\/td>\n<td style=\"width: 6%; height: 52px;\" width=\"6%\">\n<p>1<\/p>\n<\/td>\n<td style=\"width: 6%; height: 52px;\" width=\"6%\">\n<p>1<\/p>\n<\/td>\n<td style=\"width: 6%; height: 52px;\" width=\"6%\">\n<p>0<\/p>\n<\/td>\n<td style=\"width: 6%; height: 52px;\" width=\"6%\">\n<p>1<\/p>\n<\/td>\n<td style=\"width: 6%; height: 52px;\" width=\"6%\">\n<p>0<\/p>\n<\/td>\n<td style=\"width: 9%; height: 52px;\" width=\"9%\">\n<p>4,0\/9<\/p>\n<\/td>\n<\/tr>\n<tr style=\"height: 52px;\">\n<td style=\"width: 25%; height: 52px;\" width=\"25%\">\n<p>Konstantin Burchardi<\/p>\n<\/td>\n<td style=\"width: 6%; height: 52px;\" width=\"6%\">\n<p>0<\/p>\n<\/td>\n<td style=\"width: 6%; height: 52px;\" width=\"6%\">\n<p>0<\/p>\n<\/td>\n<td style=\"width: 6%; height: 52px;\" width=\"6%\">\n<p>0<\/p>\n<\/td>\n<td style=\"width: 6%; height: 52px;\" width=\"6%\">\n<p>1<\/p>\n<\/td>\n<td style=\"width: 6%; height: 52px;\" width=\"6%\">\n<p>1<\/p>\n<\/td>\n<td style=\"width: 6%; height: 52px;\" width=\"6%\">\n<p>0<\/p>\n<\/td>\n<td style=\"width: 6%; height: 52px;\" width=\"6%\">\n<p>0<\/p>\n<\/td>\n<td style=\"width: 6%; height: 52px;\" width=\"6%\">\n<p>+<\/p>\n<\/td>\n<td style=\"width: 6%; height: 52px;\" width=\"6%\">\n<p>1\/2<\/p>\n<\/td>\n<td style=\"width: 9%; height: 52px;\" width=\"9%\">\n<p>3,5\/9<\/p>\n<\/td>\n<\/tr>\n<tr style=\"height: 52px;\">\n<td style=\"width: 25%; height: 52px;\" width=\"25%\">\n<p>Justus Burchardi<\/p>\n<\/td>\n<td style=\"width: 6%; height: 52px;\" width=\"6%\">\n<p>0<\/p>\n<\/td>\n<td style=\"width: 6%; height: 52px;\" width=\"6%\">\n<p>0<\/p>\n<\/td>\n<td style=\"width: 6%; height: 52px;\" width=\"6%\">\n<p>0<\/p>\n<\/td>\n<td style=\"width: 6%; height: 52px;\" width=\"6%\">\n<p>0<\/p>\n<\/td>\n<td style=\"width: 6%; height: 52px;\" width=\"6%\">\n<p>0<\/p>\n<\/td>\n<td style=\"width: 6%; height: 52px;\" width=\"6%\">\n<p>+<\/p>\n<\/td>\n<td style=\"width: 6%; height: 52px;\" width=\"6%\">\n<p>0<\/p>\n<\/td>\n<td style=\"width: 6%; height: 52px;\" width=\"6%\">\n<p>0<\/p>\n<\/td>\n<td style=\"width: 6%; height: 52px;\" width=\"6%\">\n<p>0<\/p>\n<\/td>\n<td style=\"width: 9%; height: 52px;\" width=\"9%\">\n<p>1,0\/9<\/p>\n<\/td>\n<\/tr>\n<\/tbody>\n<\/table>\n<p>&nbsp;<\/p>\n","protected":false},"excerpt":{"rendered":"<p>Der Veranstaltungsort Nach 2019 ist &#8211; wegen der g\u00fcnstig gelegenen Herbstferien &#8211; in diesem Jahr wieder eine gr\u00f6\u00dfere Berliner Delegation zur &#8222;Internationalen U8-Meisterschaft&#8220; in die Seidenblumenstadt Sebnitz gereist. F\u00fcr alle &hellip; <a href=\"http:\/\/sc-weisse-dame.de\/v3\/2022\/10\/gruesse-von-der-u8-meisterschaft-in-sebnitz\/\" class=\"more-link\"><span class=\"screen-reader-text\">Gr\u00fc\u00dfe von der U8-Meisterschaft in Sebnitz<\/span> weiterlesen <span class=\"meta-nav\">&rarr;<\/span><\/a><\/p>\n","protected":false},"author":3,"featured_media":0,"comment_status":"open","ping_status":"closed","sticky":false,"template":"","format":"standard","meta":{"_price":"","_stock":"","_tribe_ticket_header":"","_tribe_default_ticket_provider":"","_tribe_ticket_capacity":"0","_ticket_start_date":"","_ticket_end_date":"","_tribe_ticket_show_description":"","_tribe_ticket_show_not_going":false,"_tribe_ticket_use_global_stock":"","_tribe_ticket_global_stock_level":"","_global_stock_mode":"","_global_stock_cap":"","_tribe_rsvp_for_event":"","_tribe_ticket_going_count":"","_tribe_ticket_not_going_count":"","_tribe_tickets_list":"[]","_tribe_ticket_has_attendee_info_fields":false,"footnotes":""},"categories":[20,75],"tags":[],"coauthors":[49,48],"class_list":["post-25599","post","type-post","status-publish","format-standard","hentry","category-jugend","category-jugend-unterwegs"],"yoast_head":"<!-- This site is optimized with the Yoast SEO plugin v27.4 - https:\/\/yoast.com\/product\/yoast-seo-wordpress\/ -->\n<title>Gr\u00fc\u00dfe von der U8-Meisterschaft in Sebnitz - SC Weisse Dame e. V.<\/title>\n<meta name=\"robots\" content=\"index, follow, max-snippet:-1, max-image-preview:large, max-video-preview:-1\" \/>\n<link rel=\"canonical\" href=\"http:\/\/sc-weisse-dame.de\/v3\/2022\/10\/gruesse-von-der-u8-meisterschaft-in-sebnitz\/\" \/>\n<meta property=\"og:locale\" content=\"de_DE\" \/>\n<meta property=\"og:type\" content=\"article\" \/>\n<meta property=\"og:title\" content=\"Gr\u00fc\u00dfe von der U8-Meisterschaft in Sebnitz - SC Weisse Dame e. V.\" \/>\n<meta property=\"og:description\" content=\"Der Veranstaltungsort Nach 2019 ist &#8211; wegen der g\u00fcnstig gelegenen Herbstferien &#8211; in diesem Jahr wieder eine gr\u00f6\u00dfere Berliner Delegation zur &#8222;Internationalen U8-Meisterschaft&#8220; in die Seidenblumenstadt Sebnitz gereist. F\u00fcr alle &hellip; Gr\u00fc\u00dfe von der U8-Meisterschaft in Sebnitz weiterlesen &rarr;\" \/>\n<meta property=\"og:url\" content=\"http:\/\/sc-weisse-dame.de\/v3\/2022\/10\/gruesse-von-der-u8-meisterschaft-in-sebnitz\/\" \/>\n<meta property=\"og:site_name\" content=\"SC Weisse Dame e. V.\" \/>\n<meta property=\"article:published_time\" content=\"2022-10-28T22:00:54+00:00\" \/>\n<meta property=\"article:modified_time\" content=\"2023-09-17T15:33:26+00:00\" \/>\n<meta property=\"og:image\" content=\"http:\/\/sc-weisse-dame.de\/v3\/wp-content\/uploads\/2022\/10\/IEM-u8-Sebnitz-2022.jpg\" \/>\n<meta name=\"author\" content=\"Thorsten Gro\u00df, Hendrik M\u00f6ller\" \/>\n<meta name=\"twitter:card\" content=\"summary_large_image\" \/>\n<meta name=\"twitter:label1\" content=\"Verfasst von\" \/>\n\t<meta name=\"twitter:data1\" content=\"Thorsten Gro\u00df\" \/>\n\t<meta name=\"twitter:label2\" content=\"Gesch\u00e4tzte Lesezeit\" \/>\n\t<meta name=\"twitter:data2\" content=\"2\u00a0Minuten\" \/>\n\t<meta name=\"twitter:label3\" content=\"Written by\" \/>\n\t<meta name=\"twitter:data3\" content=\"Thorsten Gro\u00df, Hendrik M\u00f6ller\" \/>\n<script type=\"application\/ld+json\" class=\"yoast-schema-graph\">{\"@context\":\"https:\\\/\\\/schema.org\",\"@graph\":[{\"@type\":\"Article\",\"@id\":\"http:\\\/\\\/sc-weisse-dame.de\\\/v3\\\/2022\\\/10\\\/gruesse-von-der-u8-meisterschaft-in-sebnitz\\\/#article\",\"isPartOf\":{\"@id\":\"http:\\\/\\\/sc-weisse-dame.de\\\/v3\\\/2022\\\/10\\\/gruesse-von-der-u8-meisterschaft-in-sebnitz\\\/\"},\"author\":{\"name\":\"Thorsten Gro\u00df\",\"@id\":\"http:\\\/\\\/sc-weisse-dame.de\\\/v3\\\/#\\\/schema\\\/person\\\/ce9002278de6d6d5f4fa69aa251fa211\"},\"headline\":\"Gr\u00fc\u00dfe von der U8-Meisterschaft in Sebnitz\",\"datePublished\":\"2022-10-28T22:00:54+00:00\",\"dateModified\":\"2023-09-17T15:33:26+00:00\",\"mainEntityOfPage\":{\"@id\":\"http:\\\/\\\/sc-weisse-dame.de\\\/v3\\\/2022\\\/10\\\/gruesse-von-der-u8-meisterschaft-in-sebnitz\\\/\"},\"wordCount\":222,\"commentCount\":0,\"image\":{\"@id\":\"http:\\\/\\\/sc-weisse-dame.de\\\/v3\\\/2022\\\/10\\\/gruesse-von-der-u8-meisterschaft-in-sebnitz\\\/#primaryimage\"},\"thumbnailUrl\":\"http:\\\/\\\/sc-weisse-dame.de\\\/v3\\\/wp-content\\\/uploads\\\/2022\\\/10\\\/IEM-u8-Sebnitz-2022.jpg\",\"articleSection\":[\"Jugend\",\"Jugend unterwegs\"],\"inLanguage\":\"de\",\"potentialAction\":[{\"@type\":\"CommentAction\",\"name\":\"Comment\",\"target\":[\"http:\\\/\\\/sc-weisse-dame.de\\\/v3\\\/2022\\\/10\\\/gruesse-von-der-u8-meisterschaft-in-sebnitz\\\/#respond\"]}]},{\"@type\":\"WebPage\",\"@id\":\"http:\\\/\\\/sc-weisse-dame.de\\\/v3\\\/2022\\\/10\\\/gruesse-von-der-u8-meisterschaft-in-sebnitz\\\/\",\"url\":\"http:\\\/\\\/sc-weisse-dame.de\\\/v3\\\/2022\\\/10\\\/gruesse-von-der-u8-meisterschaft-in-sebnitz\\\/\",\"name\":\"Gr\u00fc\u00dfe von der U8-Meisterschaft in Sebnitz - SC Weisse Dame e. V.\",\"isPartOf\":{\"@id\":\"http:\\\/\\\/sc-weisse-dame.de\\\/v3\\\/#website\"},\"primaryImageOfPage\":{\"@id\":\"http:\\\/\\\/sc-weisse-dame.de\\\/v3\\\/2022\\\/10\\\/gruesse-von-der-u8-meisterschaft-in-sebnitz\\\/#primaryimage\"},\"image\":{\"@id\":\"http:\\\/\\\/sc-weisse-dame.de\\\/v3\\\/2022\\\/10\\\/gruesse-von-der-u8-meisterschaft-in-sebnitz\\\/#primaryimage\"},\"thumbnailUrl\":\"http:\\\/\\\/sc-weisse-dame.de\\\/v3\\\/wp-content\\\/uploads\\\/2022\\\/10\\\/IEM-u8-Sebnitz-2022.jpg\",\"datePublished\":\"2022-10-28T22:00:54+00:00\",\"dateModified\":\"2023-09-17T15:33:26+00:00\",\"author\":{\"@id\":\"http:\\\/\\\/sc-weisse-dame.de\\\/v3\\\/#\\\/schema\\\/person\\\/ce9002278de6d6d5f4fa69aa251fa211\"},\"breadcrumb\":{\"@id\":\"http:\\\/\\\/sc-weisse-dame.de\\\/v3\\\/2022\\\/10\\\/gruesse-von-der-u8-meisterschaft-in-sebnitz\\\/#breadcrumb\"},\"inLanguage\":\"de\",\"potentialAction\":[{\"@type\":\"ReadAction\",\"target\":[\"http:\\\/\\\/sc-weisse-dame.de\\\/v3\\\/2022\\\/10\\\/gruesse-von-der-u8-meisterschaft-in-sebnitz\\\/\"]}]},{\"@type\":\"ImageObject\",\"inLanguage\":\"de\",\"@id\":\"http:\\\/\\\/sc-weisse-dame.de\\\/v3\\\/2022\\\/10\\\/gruesse-von-der-u8-meisterschaft-in-sebnitz\\\/#primaryimage\",\"url\":\"http:\\\/\\\/sc-weisse-dame.de\\\/v3\\\/wp-content\\\/uploads\\\/2022\\\/10\\\/IEM-u8-Sebnitz-2022.jpg\",\"contentUrl\":\"http:\\\/\\\/sc-weisse-dame.de\\\/v3\\\/wp-content\\\/uploads\\\/2022\\\/10\\\/IEM-u8-Sebnitz-2022.jpg\",\"width\":2048,\"height\":1536},{\"@type\":\"BreadcrumbList\",\"@id\":\"http:\\\/\\\/sc-weisse-dame.de\\\/v3\\\/2022\\\/10\\\/gruesse-von-der-u8-meisterschaft-in-sebnitz\\\/#breadcrumb\",\"itemListElement\":[{\"@type\":\"ListItem\",\"position\":1,\"name\":\"Startseite\",\"item\":\"http:\\\/\\\/sc-weisse-dame.de\\\/v3\\\/\"},{\"@type\":\"ListItem\",\"position\":2,\"name\":\"Gr\u00fc\u00dfe von der U8-Meisterschaft in Sebnitz\"}]},{\"@type\":\"WebSite\",\"@id\":\"http:\\\/\\\/sc-weisse-dame.de\\\/v3\\\/#website\",\"url\":\"http:\\\/\\\/sc-weisse-dame.de\\\/v3\\\/\",\"name\":\"SC Weisse Dame e. V.\",\"description\":\"Herzlich Willkommen!\",\"potentialAction\":[{\"@type\":\"SearchAction\",\"target\":{\"@type\":\"EntryPoint\",\"urlTemplate\":\"http:\\\/\\\/sc-weisse-dame.de\\\/v3\\\/?s={search_term_string}\"},\"query-input\":{\"@type\":\"PropertyValueSpecification\",\"valueRequired\":true,\"valueName\":\"search_term_string\"}}],\"inLanguage\":\"de\"},{\"@type\":\"Person\",\"@id\":\"http:\\\/\\\/sc-weisse-dame.de\\\/v3\\\/#\\\/schema\\\/person\\\/ce9002278de6d6d5f4fa69aa251fa211\",\"name\":\"Thorsten Gro\u00df\",\"url\":\"http:\\\/\\\/sc-weisse-dame.de\\\/v3\\\/author\\\/thorsten_gross\\\/\"}]}<\/script>\n<!-- \/ Yoast SEO plugin. -->","yoast_head_json":{"title":"Gr\u00fc\u00dfe von der U8-Meisterschaft in Sebnitz - SC Weisse Dame e. V.","robots":{"index":"index","follow":"follow","max-snippet":"max-snippet:-1","max-image-preview":"max-image-preview:large","max-video-preview":"max-video-preview:-1"},"canonical":"http:\/\/sc-weisse-dame.de\/v3\/2022\/10\/gruesse-von-der-u8-meisterschaft-in-sebnitz\/","og_locale":"de_DE","og_type":"article","og_title":"Gr\u00fc\u00dfe von der U8-Meisterschaft in Sebnitz - SC Weisse Dame e. V.","og_description":"Der Veranstaltungsort Nach 2019 ist &#8211; wegen der g\u00fcnstig gelegenen Herbstferien &#8211; in diesem Jahr wieder eine gr\u00f6\u00dfere Berliner Delegation zur &#8222;Internationalen U8-Meisterschaft&#8220; in die Seidenblumenstadt Sebnitz gereist. F\u00fcr alle &hellip; Gr\u00fc\u00dfe von der U8-Meisterschaft in Sebnitz weiterlesen &rarr;","og_url":"http:\/\/sc-weisse-dame.de\/v3\/2022\/10\/gruesse-von-der-u8-meisterschaft-in-sebnitz\/","og_site_name":"SC Weisse Dame e. V.","article_published_time":"2022-10-28T22:00:54+00:00","article_modified_time":"2023-09-17T15:33:26+00:00","og_image":[{"url":"http:\/\/sc-weisse-dame.de\/v3\/wp-content\/uploads\/2022\/10\/IEM-u8-Sebnitz-2022.jpg","type":"","width":"","height":""}],"author":"Thorsten Gro\u00df, Hendrik M\u00f6ller","twitter_card":"summary_large_image","twitter_misc":{"Verfasst von":"Thorsten Gro\u00df","Gesch\u00e4tzte Lesezeit":"2\u00a0Minuten","Written by":"Thorsten Gro\u00df, Hendrik M\u00f6ller"},"schema":{"@context":"https:\/\/schema.org","@graph":[{"@type":"Article","@id":"http:\/\/sc-weisse-dame.de\/v3\/2022\/10\/gruesse-von-der-u8-meisterschaft-in-sebnitz\/#article","isPartOf":{"@id":"http:\/\/sc-weisse-dame.de\/v3\/2022\/10\/gruesse-von-der-u8-meisterschaft-in-sebnitz\/"},"author":{"name":"Thorsten Gro\u00df","@id":"http:\/\/sc-weisse-dame.de\/v3\/#\/schema\/person\/ce9002278de6d6d5f4fa69aa251fa211"},"headline":"Gr\u00fc\u00dfe von der U8-Meisterschaft in Sebnitz","datePublished":"2022-10-28T22:00:54+00:00","dateModified":"2023-09-17T15:33:26+00:00","mainEntityOfPage":{"@id":"http:\/\/sc-weisse-dame.de\/v3\/2022\/10\/gruesse-von-der-u8-meisterschaft-in-sebnitz\/"},"wordCount":222,"commentCount":0,"image":{"@id":"http:\/\/sc-weisse-dame.de\/v3\/2022\/10\/gruesse-von-der-u8-meisterschaft-in-sebnitz\/#primaryimage"},"thumbnailUrl":"http:\/\/sc-weisse-dame.de\/v3\/wp-content\/uploads\/2022\/10\/IEM-u8-Sebnitz-2022.jpg","articleSection":["Jugend","Jugend unterwegs"],"inLanguage":"de","potentialAction":[{"@type":"CommentAction","name":"Comment","target":["http:\/\/sc-weisse-dame.de\/v3\/2022\/10\/gruesse-von-der-u8-meisterschaft-in-sebnitz\/#respond"]}]},{"@type":"WebPage","@id":"http:\/\/sc-weisse-dame.de\/v3\/2022\/10\/gruesse-von-der-u8-meisterschaft-in-sebnitz\/","url":"http:\/\/sc-weisse-dame.de\/v3\/2022\/10\/gruesse-von-der-u8-meisterschaft-in-sebnitz\/","name":"Gr\u00fc\u00dfe von der U8-Meisterschaft in Sebnitz - SC Weisse Dame e. V.","isPartOf":{"@id":"http:\/\/sc-weisse-dame.de\/v3\/#website"},"primaryImageOfPage":{"@id":"http:\/\/sc-weisse-dame.de\/v3\/2022\/10\/gruesse-von-der-u8-meisterschaft-in-sebnitz\/#primaryimage"},"image":{"@id":"http:\/\/sc-weisse-dame.de\/v3\/2022\/10\/gruesse-von-der-u8-meisterschaft-in-sebnitz\/#primaryimage"},"thumbnailUrl":"http:\/\/sc-weisse-dame.de\/v3\/wp-content\/uploads\/2022\/10\/IEM-u8-Sebnitz-2022.jpg","datePublished":"2022-10-28T22:00:54+00:00","dateModified":"2023-09-17T15:33:26+00:00","author":{"@id":"http:\/\/sc-weisse-dame.de\/v3\/#\/schema\/person\/ce9002278de6d6d5f4fa69aa251fa211"},"breadcrumb":{"@id":"http:\/\/sc-weisse-dame.de\/v3\/2022\/10\/gruesse-von-der-u8-meisterschaft-in-sebnitz\/#breadcrumb"},"inLanguage":"de","potentialAction":[{"@type":"ReadAction","target":["http:\/\/sc-weisse-dame.de\/v3\/2022\/10\/gruesse-von-der-u8-meisterschaft-in-sebnitz\/"]}]},{"@type":"ImageObject","inLanguage":"de","@id":"http:\/\/sc-weisse-dame.de\/v3\/2022\/10\/gruesse-von-der-u8-meisterschaft-in-sebnitz\/#primaryimage","url":"http:\/\/sc-weisse-dame.de\/v3\/wp-content\/uploads\/2022\/10\/IEM-u8-Sebnitz-2022.jpg","contentUrl":"http:\/\/sc-weisse-dame.de\/v3\/wp-content\/uploads\/2022\/10\/IEM-u8-Sebnitz-2022.jpg","width":2048,"height":1536},{"@type":"BreadcrumbList","@id":"http:\/\/sc-weisse-dame.de\/v3\/2022\/10\/gruesse-von-der-u8-meisterschaft-in-sebnitz\/#breadcrumb","itemListElement":[{"@type":"ListItem","position":1,"name":"Startseite","item":"http:\/\/sc-weisse-dame.de\/v3\/"},{"@type":"ListItem","position":2,"name":"Gr\u00fc\u00dfe von der U8-Meisterschaft in Sebnitz"}]},{"@type":"WebSite","@id":"http:\/\/sc-weisse-dame.de\/v3\/#website","url":"http:\/\/sc-weisse-dame.de\/v3\/","name":"SC Weisse Dame e. V.","description":"Herzlich Willkommen!","potentialAction":[{"@type":"SearchAction","target":{"@type":"EntryPoint","urlTemplate":"http:\/\/sc-weisse-dame.de\/v3\/?s={search_term_string}"},"query-input":{"@type":"PropertyValueSpecification","valueRequired":true,"valueName":"search_term_string"}}],"inLanguage":"de"},{"@type":"Person","@id":"http:\/\/sc-weisse-dame.de\/v3\/#\/schema\/person\/ce9002278de6d6d5f4fa69aa251fa211","name":"Thorsten Gro\u00df","url":"http:\/\/sc-weisse-dame.de\/v3\/author\/thorsten_gross\/"}]}},"_links":{"self":[{"href":"http:\/\/sc-weisse-dame.de\/v3\/wp-json\/wp\/v2\/posts\/25599","targetHints":{"allow":["GET"]}}],"collection":[{"href":"http:\/\/sc-weisse-dame.de\/v3\/wp-json\/wp\/v2\/posts"}],"about":[{"href":"http:\/\/sc-weisse-dame.de\/v3\/wp-json\/wp\/v2\/types\/post"}],"author":[{"embeddable":true,"href":"http:\/\/sc-weisse-dame.de\/v3\/wp-json\/wp\/v2\/users\/3"}],"replies":[{"embeddable":true,"href":"http:\/\/sc-weisse-dame.de\/v3\/wp-json\/wp\/v2\/comments?post=25599"}],"version-history":[{"count":10,"href":"http:\/\/sc-weisse-dame.de\/v3\/wp-json\/wp\/v2\/posts\/25599\/revisions"}],"predecessor-version":[{"id":27818,"href":"http:\/\/sc-weisse-dame.de\/v3\/wp-json\/wp\/v2\/posts\/25599\/revisions\/27818"}],"wp:attachment":[{"href":"http:\/\/sc-weisse-dame.de\/v3\/wp-json\/wp\/v2\/media?parent=25599"}],"wp:term":[{"taxonomy":"category","embeddable":true,"href":"http:\/\/sc-weisse-dame.de\/v3\/wp-json\/wp\/v2\/categories?post=25599"},{"taxonomy":"post_tag","embeddable":true,"href":"http:\/\/sc-weisse-dame.de\/v3\/wp-json\/wp\/v2\/tags?post=25599"},{"taxonomy":"author","embeddable":true,"href":"http:\/\/sc-weisse-dame.de\/v3\/wp-json\/wp\/v2\/coauthors?post=25599"}],"curies":[{"name":"wp","href":"https:\/\/api.w.org\/{rel}","templated":true}]}}