{"id":23695,"date":"2022-06-16T23:05:31","date_gmt":"2022-06-16T21:05:31","guid":{"rendered":"http:\/\/sc-weisse-dame.de\/v3\/?p=23695"},"modified":"2022-06-16T23:05:36","modified_gmt":"2022-06-16T21:05:36","slug":"freitag-17-06-jahreshauptversammlung","status":"publish","type":"post","link":"http:\/\/sc-weisse-dame.de\/v3\/2022\/06\/freitag-17-06-jahreshauptversammlung\/","title":{"rendered":"Freitag, 17.06. &#8211; Jahreshauptversammlung"},"content":{"rendered":"<p>Liebe Mitglieder des SC Weisse Dame e.V., <\/p>\n<p>wie angek\u00fcndigt findet die diesj\u00e4hrige <b>Jahreshauptversammlung <\/b>am<b> 17.06.22 um 19:30 Uhr im Haus am Lietzensee<\/b> statt. Alle Mitglieder sind aufgerufen und herzlich eingeladen, daran teilzunehmen.<\/p>\n<p>Folgende Dokumente wurden vorab \u00fcber den Internen Verteiler per Mail versandt:<\/p>\n<ul>\n<li>Tagesordnung und weitere Informationen zur JHV<\/li>\n<li>Protokoll zur au\u00dferordentlichen MV vom 20.08.21<\/li>\n<\/ul>\n<p>Au\u00dferdem folgende Berichte:<\/p>\n<ul>\n<li>1. Vorsitzender Kai-Gerrit Venske und (als Anlage) der Mitgliederverwaltung (Cord Wischh\u00f6fer)<\/li>\n<li>2. Vorsitzenden Uwe Lazik<\/li>\n<li>Kassierer Carsten Miemietz (inkl. Finanzplan)<\/li>\n<li>Jugendwart Johannes St\u00f6ckel<\/li>\n<li>Beisitzer Heinz Uhl<\/li>\n<\/ul>\n<p>Sollte ein Mitglied diese nicht erhalten haben und bestimmte Dokumente vorab w\u00fcnschen, so kann man mir eine Mail schicken <a href=\"mailto:1.vorsitzender@sc-weisse-dame.de\">&#8212;&gt; E-Mail<\/a>; ich sende dann die jeweiligen gew\u00fcnschten Dokumente zu.<\/p>\n<p>Das vorab f\u00fcr den 17.6. angek\u00fcndigte Grillfest mussten wir jedoch, wie ebenfalls bereits \u00fcber den internen Mailverteiler kommuniziert, aus organisatorischen Gr\u00fcnden leider verschieben. Dieses werden wir &#8211; entsprechende Wetterverh\u00e4ltnisse vorausgesetzt &#8211; am Abend des 19.8. nachholen. Wir bitten hierf\u00fcr nochmals um Verst\u00e4ndnis.<\/p>\n<p>Wir freuen uns \u00fcber zahlreiches Erscheinen zur Jahreshauptversammlung, bei der selbstverst\u00e4ndlich f\u00fcr Bewirtung &#8211; und dies diesmal aus Freude des Wiedersehens unentgeltlich &#8211;\u00a0 gesorgt sein wird.<\/p>\n<p>F\u00fcr den Vorstand des SC Weisse Dame e.V.<\/p>\n<p>Kai-Gerrit Venske<br \/>\n(1. Vorsitzender)<\/p>\n","protected":false},"excerpt":{"rendered":"<p>Liebe Mitglieder des SC Weisse Dame e.V., wie angek\u00fcndigt findet die diesj\u00e4hrige Jahreshauptversammlung am 17.06.22 um 19:30 Uhr im Haus am Lietzensee statt. Alle Mitglieder sind aufgerufen und herzlich eingeladen, &hellip; <a href=\"http:\/\/sc-weisse-dame.de\/v3\/2022\/06\/freitag-17-06-jahreshauptversammlung\/\" class=\"more-link\"><span class=\"screen-reader-text\">Freitag, 17.06. &#8211; Jahreshauptversammlung<\/span> weiterlesen <span class=\"meta-nav\">&rarr;<\/span><\/a><\/p>\n","protected":false},"author":19,"featured_media":0,"comment_status":"open","ping_status":"closed","sticky":false,"template":"","format":"standard","meta":{"_price":"","_stock":"","_tribe_ticket_header":"","_tribe_default_ticket_provider":"","_tribe_ticket_capacity":"0","_ticket_start_date":"","_ticket_end_date":"","_tribe_ticket_show_description":"","_tribe_ticket_show_not_going":false,"_tribe_ticket_use_global_stock":"","_tribe_ticket_global_stock_level":"","_global_stock_mode":"","_global_stock_cap":"","_tribe_rsvp_for_event":"","_tribe_ticket_going_count":"","_tribe_ticket_not_going_count":"","_tribe_tickets_list":"[]","_tribe_ticket_has_attendee_info_fields":false,"footnotes":""},"categories":[1,77],"tags":[],"coauthors":[64],"class_list":["post-23695","post","type-post","status-publish","format-standard","hentry","category-allgemein","category-organisatorisches"],"yoast_head":"<!-- This site is optimized with the Yoast SEO plugin v27.4 - https:\/\/yoast.com\/product\/yoast-seo-wordpress\/ -->\n<title>Freitag, 17.06. - Jahreshauptversammlung - SC Weisse Dame e. V.<\/title>\n<meta name=\"robots\" content=\"index, follow, max-snippet:-1, max-image-preview:large, max-video-preview:-1\" \/>\n<link rel=\"canonical\" href=\"http:\/\/sc-weisse-dame.de\/v3\/2022\/06\/freitag-17-06-jahreshauptversammlung\/\" \/>\n<meta property=\"og:locale\" content=\"de_DE\" \/>\n<meta property=\"og:type\" content=\"article\" \/>\n<meta property=\"og:title\" content=\"Freitag, 17.06. - Jahreshauptversammlung - SC Weisse Dame e. V.\" \/>\n<meta property=\"og:description\" content=\"Liebe Mitglieder des SC Weisse Dame e.V., wie angek\u00fcndigt findet die diesj\u00e4hrige Jahreshauptversammlung am 17.06.22 um 19:30 Uhr im Haus am Lietzensee statt. Alle Mitglieder sind aufgerufen und herzlich eingeladen, &hellip; Freitag, 17.06. &#8211; Jahreshauptversammlung weiterlesen &rarr;\" \/>\n<meta property=\"og:url\" content=\"http:\/\/sc-weisse-dame.de\/v3\/2022\/06\/freitag-17-06-jahreshauptversammlung\/\" \/>\n<meta property=\"og:site_name\" content=\"SC Weisse Dame e. V.\" \/>\n<meta property=\"article:published_time\" content=\"2022-06-16T21:05:31+00:00\" \/>\n<meta property=\"article:modified_time\" content=\"2022-06-16T21:05:36+00:00\" \/>\n<meta name=\"author\" content=\"Kai-Gerrit Venske\" \/>\n<meta name=\"twitter:card\" content=\"summary_large_image\" \/>\n<meta name=\"twitter:label1\" content=\"Verfasst von\" \/>\n\t<meta name=\"twitter:data1\" content=\"Kai-Gerrit Venske\" \/>\n\t<meta name=\"twitter:label2\" content=\"Gesch\u00e4tzte Lesezeit\" \/>\n\t<meta name=\"twitter:data2\" content=\"2\u00a0Minuten\" \/>\n\t<meta name=\"twitter:label3\" content=\"Written by\" \/>\n\t<meta name=\"twitter:data3\" content=\"Kai-Gerrit Venske\" \/>\n<script type=\"application\/ld+json\" class=\"yoast-schema-graph\">{\"@context\":\"https:\\\/\\\/schema.org\",\"@graph\":[{\"@type\":\"Article\",\"@id\":\"http:\\\/\\\/sc-weisse-dame.de\\\/v3\\\/2022\\\/06\\\/freitag-17-06-jahreshauptversammlung\\\/#article\",\"isPartOf\":{\"@id\":\"http:\\\/\\\/sc-weisse-dame.de\\\/v3\\\/2022\\\/06\\\/freitag-17-06-jahreshauptversammlung\\\/\"},\"author\":{\"name\":\"Kai-Gerrit Venske\",\"@id\":\"http:\\\/\\\/sc-weisse-dame.de\\\/v3\\\/#\\\/schema\\\/person\\\/d0bb0bc1ba7dbf44e2387b92ba199b43\"},\"headline\":\"Freitag, 17.06. &#8211; Jahreshauptversammlung\",\"datePublished\":\"2022-06-16T21:05:31+00:00\",\"dateModified\":\"2022-06-16T21:05:36+00:00\",\"mainEntityOfPage\":{\"@id\":\"http:\\\/\\\/sc-weisse-dame.de\\\/v3\\\/2022\\\/06\\\/freitag-17-06-jahreshauptversammlung\\\/\"},\"wordCount\":208,\"commentCount\":0,\"articleSection\":{\"1\":\"Organisatorisches\"},\"inLanguage\":\"de\",\"potentialAction\":[{\"@type\":\"CommentAction\",\"name\":\"Comment\",\"target\":[\"http:\\\/\\\/sc-weisse-dame.de\\\/v3\\\/2022\\\/06\\\/freitag-17-06-jahreshauptversammlung\\\/#respond\"]}]},{\"@type\":\"WebPage\",\"@id\":\"http:\\\/\\\/sc-weisse-dame.de\\\/v3\\\/2022\\\/06\\\/freitag-17-06-jahreshauptversammlung\\\/\",\"url\":\"http:\\\/\\\/sc-weisse-dame.de\\\/v3\\\/2022\\\/06\\\/freitag-17-06-jahreshauptversammlung\\\/\",\"name\":\"Freitag, 17.06. - Jahreshauptversammlung - SC Weisse Dame e. V.\",\"isPartOf\":{\"@id\":\"http:\\\/\\\/sc-weisse-dame.de\\\/v3\\\/#website\"},\"datePublished\":\"2022-06-16T21:05:31+00:00\",\"dateModified\":\"2022-06-16T21:05:36+00:00\",\"author\":{\"@id\":\"http:\\\/\\\/sc-weisse-dame.de\\\/v3\\\/#\\\/schema\\\/person\\\/d0bb0bc1ba7dbf44e2387b92ba199b43\"},\"breadcrumb\":{\"@id\":\"http:\\\/\\\/sc-weisse-dame.de\\\/v3\\\/2022\\\/06\\\/freitag-17-06-jahreshauptversammlung\\\/#breadcrumb\"},\"inLanguage\":\"de\",\"potentialAction\":[{\"@type\":\"ReadAction\",\"target\":[\"http:\\\/\\\/sc-weisse-dame.de\\\/v3\\\/2022\\\/06\\\/freitag-17-06-jahreshauptversammlung\\\/\"]}]},{\"@type\":\"BreadcrumbList\",\"@id\":\"http:\\\/\\\/sc-weisse-dame.de\\\/v3\\\/2022\\\/06\\\/freitag-17-06-jahreshauptversammlung\\\/#breadcrumb\",\"itemListElement\":[{\"@type\":\"ListItem\",\"position\":1,\"name\":\"Startseite\",\"item\":\"http:\\\/\\\/sc-weisse-dame.de\\\/v3\\\/\"},{\"@type\":\"ListItem\",\"position\":2,\"name\":\"Freitag, 17.06. &#8211; Jahreshauptversammlung\"}]},{\"@type\":\"WebSite\",\"@id\":\"http:\\\/\\\/sc-weisse-dame.de\\\/v3\\\/#website\",\"url\":\"http:\\\/\\\/sc-weisse-dame.de\\\/v3\\\/\",\"name\":\"SC Weisse Dame e. V.\",\"description\":\"Herzlich Willkommen!\",\"potentialAction\":[{\"@type\":\"SearchAction\",\"target\":{\"@type\":\"EntryPoint\",\"urlTemplate\":\"http:\\\/\\\/sc-weisse-dame.de\\\/v3\\\/?s={search_term_string}\"},\"query-input\":{\"@type\":\"PropertyValueSpecification\",\"valueRequired\":true,\"valueName\":\"search_term_string\"}}],\"inLanguage\":\"de\"},{\"@type\":\"Person\",\"@id\":\"http:\\\/\\\/sc-weisse-dame.de\\\/v3\\\/#\\\/schema\\\/person\\\/d0bb0bc1ba7dbf44e2387b92ba199b43\",\"name\":\"Kai-Gerrit Venske\",\"url\":\"http:\\\/\\\/sc-weisse-dame.de\\\/v3\\\/author\\\/kai_gerrit_venske\\\/\"}]}<\/script>\n<!-- \/ Yoast SEO plugin. -->","yoast_head_json":{"title":"Freitag, 17.06. - Jahreshauptversammlung - SC Weisse Dame e. V.","robots":{"index":"index","follow":"follow","max-snippet":"max-snippet:-1","max-image-preview":"max-image-preview:large","max-video-preview":"max-video-preview:-1"},"canonical":"http:\/\/sc-weisse-dame.de\/v3\/2022\/06\/freitag-17-06-jahreshauptversammlung\/","og_locale":"de_DE","og_type":"article","og_title":"Freitag, 17.06. - Jahreshauptversammlung - SC Weisse Dame e. V.","og_description":"Liebe Mitglieder des SC Weisse Dame e.V., wie angek\u00fcndigt findet die diesj\u00e4hrige Jahreshauptversammlung am 17.06.22 um 19:30 Uhr im Haus am Lietzensee statt. Alle Mitglieder sind aufgerufen und herzlich eingeladen, &hellip; Freitag, 17.06. &#8211; Jahreshauptversammlung weiterlesen &rarr;","og_url":"http:\/\/sc-weisse-dame.de\/v3\/2022\/06\/freitag-17-06-jahreshauptversammlung\/","og_site_name":"SC Weisse Dame e. V.","article_published_time":"2022-06-16T21:05:31+00:00","article_modified_time":"2022-06-16T21:05:36+00:00","author":"Kai-Gerrit Venske","twitter_card":"summary_large_image","twitter_misc":{"Verfasst von":"Kai-Gerrit Venske","Gesch\u00e4tzte Lesezeit":"2\u00a0Minuten","Written by":"Kai-Gerrit Venske"},"schema":{"@context":"https:\/\/schema.org","@graph":[{"@type":"Article","@id":"http:\/\/sc-weisse-dame.de\/v3\/2022\/06\/freitag-17-06-jahreshauptversammlung\/#article","isPartOf":{"@id":"http:\/\/sc-weisse-dame.de\/v3\/2022\/06\/freitag-17-06-jahreshauptversammlung\/"},"author":{"name":"Kai-Gerrit Venske","@id":"http:\/\/sc-weisse-dame.de\/v3\/#\/schema\/person\/d0bb0bc1ba7dbf44e2387b92ba199b43"},"headline":"Freitag, 17.06. &#8211; Jahreshauptversammlung","datePublished":"2022-06-16T21:05:31+00:00","dateModified":"2022-06-16T21:05:36+00:00","mainEntityOfPage":{"@id":"http:\/\/sc-weisse-dame.de\/v3\/2022\/06\/freitag-17-06-jahreshauptversammlung\/"},"wordCount":208,"commentCount":0,"articleSection":{"1":"Organisatorisches"},"inLanguage":"de","potentialAction":[{"@type":"CommentAction","name":"Comment","target":["http:\/\/sc-weisse-dame.de\/v3\/2022\/06\/freitag-17-06-jahreshauptversammlung\/#respond"]}]},{"@type":"WebPage","@id":"http:\/\/sc-weisse-dame.de\/v3\/2022\/06\/freitag-17-06-jahreshauptversammlung\/","url":"http:\/\/sc-weisse-dame.de\/v3\/2022\/06\/freitag-17-06-jahreshauptversammlung\/","name":"Freitag, 17.06. - Jahreshauptversammlung - SC Weisse Dame e. V.","isPartOf":{"@id":"http:\/\/sc-weisse-dame.de\/v3\/#website"},"datePublished":"2022-06-16T21:05:31+00:00","dateModified":"2022-06-16T21:05:36+00:00","author":{"@id":"http:\/\/sc-weisse-dame.de\/v3\/#\/schema\/person\/d0bb0bc1ba7dbf44e2387b92ba199b43"},"breadcrumb":{"@id":"http:\/\/sc-weisse-dame.de\/v3\/2022\/06\/freitag-17-06-jahreshauptversammlung\/#breadcrumb"},"inLanguage":"de","potentialAction":[{"@type":"ReadAction","target":["http:\/\/sc-weisse-dame.de\/v3\/2022\/06\/freitag-17-06-jahreshauptversammlung\/"]}]},{"@type":"BreadcrumbList","@id":"http:\/\/sc-weisse-dame.de\/v3\/2022\/06\/freitag-17-06-jahreshauptversammlung\/#breadcrumb","itemListElement":[{"@type":"ListItem","position":1,"name":"Startseite","item":"http:\/\/sc-weisse-dame.de\/v3\/"},{"@type":"ListItem","position":2,"name":"Freitag, 17.06. &#8211; Jahreshauptversammlung"}]},{"@type":"WebSite","@id":"http:\/\/sc-weisse-dame.de\/v3\/#website","url":"http:\/\/sc-weisse-dame.de\/v3\/","name":"SC Weisse Dame e. V.","description":"Herzlich Willkommen!","potentialAction":[{"@type":"SearchAction","target":{"@type":"EntryPoint","urlTemplate":"http:\/\/sc-weisse-dame.de\/v3\/?s={search_term_string}"},"query-input":{"@type":"PropertyValueSpecification","valueRequired":true,"valueName":"search_term_string"}}],"inLanguage":"de"},{"@type":"Person","@id":"http:\/\/sc-weisse-dame.de\/v3\/#\/schema\/person\/d0bb0bc1ba7dbf44e2387b92ba199b43","name":"Kai-Gerrit Venske","url":"http:\/\/sc-weisse-dame.de\/v3\/author\/kai_gerrit_venske\/"}]}},"_links":{"self":[{"href":"http:\/\/sc-weisse-dame.de\/v3\/wp-json\/wp\/v2\/posts\/23695","targetHints":{"allow":["GET"]}}],"collection":[{"href":"http:\/\/sc-weisse-dame.de\/v3\/wp-json\/wp\/v2\/posts"}],"about":[{"href":"http:\/\/sc-weisse-dame.de\/v3\/wp-json\/wp\/v2\/types\/post"}],"author":[{"embeddable":true,"href":"http:\/\/sc-weisse-dame.de\/v3\/wp-json\/wp\/v2\/users\/19"}],"replies":[{"embeddable":true,"href":"http:\/\/sc-weisse-dame.de\/v3\/wp-json\/wp\/v2\/comments?post=23695"}],"version-history":[{"count":5,"href":"http:\/\/sc-weisse-dame.de\/v3\/wp-json\/wp\/v2\/posts\/23695\/revisions"}],"predecessor-version":[{"id":23712,"href":"http:\/\/sc-weisse-dame.de\/v3\/wp-json\/wp\/v2\/posts\/23695\/revisions\/23712"}],"wp:attachment":[{"href":"http:\/\/sc-weisse-dame.de\/v3\/wp-json\/wp\/v2\/media?parent=23695"}],"wp:term":[{"taxonomy":"category","embeddable":true,"href":"http:\/\/sc-weisse-dame.de\/v3\/wp-json\/wp\/v2\/categories?post=23695"},{"taxonomy":"post_tag","embeddable":true,"href":"http:\/\/sc-weisse-dame.de\/v3\/wp-json\/wp\/v2\/tags?post=23695"},{"taxonomy":"author","embeddable":true,"href":"http:\/\/sc-weisse-dame.de\/v3\/wp-json\/wp\/v2\/coauthors?post=23695"}],"curies":[{"name":"wp","href":"https:\/\/api.w.org\/{rel}","templated":true}]}}