{"id":21261,"date":"2021-09-27T03:00:29","date_gmt":"2021-09-27T01:00:29","guid":{"rendered":"http:\/\/sc-weisse-dame.de\/v3\/?p=21261"},"modified":"2021-10-01T13:11:31","modified_gmt":"2021-10-01T11:11:31","slug":"q-liga-r152","status":"publish","type":"post","link":"http:\/\/sc-weisse-dame.de\/v3\/2021\/09\/q-liga-r152\/","title":{"rendered":"Lichess-Q-Liga (R152): &#8222;Wer die Wahl hat, hat die Qual!&#8220; Die WeDa hat sich f\u00fcr die 6. Liga entschieden &#8230;"},"content":{"rendered":"<p><span style=\"color: #808080;\"><strong><span style=\"color: #0000ff;\">Lichess-Q-Liga (R153):<\/span><span style=\"color: #ff0000;\"> Donnerstag<\/span><\/strong><\/span><span style=\"color: #808080;\"><strong><span style=\"color: #ff0000;\">, 30.09.2021, 20:01 &#8211; 21:41 Uhr<\/span><span style=\"color: #000000;\"> (5 min + 0 sec)<\/span><span style=\"color: #008000;\"> &#8211; <a href=\"https:\/\/lichess.org\/tournament\/2e3Fewdn\"><span style=\"text-decoration: underline;\"><span style=\"color: #008000; text-decoration: underline;\">Hier geht&#8217;s zum Turnier<\/span><\/span><\/a><\/span><\/strong><\/span><\/p>\n<hr \/>\n<p>&nbsp;<\/p>\n<p><span style=\"color: #0000ff;\"><span style=\"text-decoration: underline;\"><strong>Q-Liga-Bericht (R152):<\/strong><\/span><\/span>\u00a0 \u00a0<span style=\"color: #008000;\">\ud83d\ude09<\/span><\/p>\n<p style=\"text-align: justify;\">F\u00fcr eine politisch fundierte Bewertung dieser \u00e4u\u00dferst knappen Entscheidung der WeDa-Spieler:innen (101 : 100) ist es eindeutig noch zu fr\u00fch. Allerdings ist die WeDa nicht in der komfortablen Situation bis Weihnachten warten zu k\u00f6nnen, um endg\u00fcltige Entscheidungen zu treffen. Bereits am kommenden Donnerstag sind alle erforderlichen Sondierungsgespr\u00e4che beendet. Dann steht die Frage an: <span style=\"color: #333399;\"><em>&#8222;Wollen wir in die 5. Liga zur\u00fcck, oder nicht?&#8220;<\/em><\/span><\/p>\n<p style=\"text-align: justify;\">Die Frage, wie die <span style=\"color: #0000ff;\"><strong>Weisse Dame<\/strong><\/span> \u00fcberhaupt in diese missliche Situation kommen konnte, ist von f\u00fchrenden Wahlexperten schnell und eindeutig beantwortet worden. Wer bei einer Superwahl in Berlin zu viele Wahlhelfer abstellt, muss zwangsl\u00e4ufig leiden &#8211; und zwar in jeder Hinsicht. <span style=\"color: #333399;\"><em>&#8222;Wenn dann auch noch Jugendschachveranstaltungen hinzukommen, hast Du im Grunde genommen nicht die Spur einer Chance.&#8220;<\/em><\/span>, so der renommierte Wahlkampfanalyst Prof. Dr. Dr. A. B. Stieg. Umso ehrenwerter ist der Einsatz der Aktiven, die sich bis zur Selbstaufgabe in einen ungleichen Kampf geworfen haben.<\/p>\n<p>\ud83d\ude09<\/p>\n<hr \/>\n<p><!--more--><\/p>\n<p>&nbsp;<\/p>\n<p><span style=\"color: #808080;\"><strong>Lichess-Q-Liga (R152): Sonntag<\/strong><strong>, 26.09.2021, 20:01 &#8211; 21:41 Uhr (3 min + 2 sec) &#8211; <a style=\"color: #808080;\" href=\"https:\/\/lichess.org\/tournament\/dzulCaO3\"><span style=\"text-decoration: underline;\">Hier geht&#8217;s zum Turnier<\/span><\/a><\/strong><\/span><\/p>\n<p><img loading=\"lazy\" decoding=\"async\" class=\"aligncenter wp-image-21311\" src=\"http:\/\/sc-weisse-dame.de\/v3\/wp-content\/uploads\/2021\/09\/Q-Liga-R152-Schlusstabelle.jpg\" alt=\"\" width=\"1000\" height=\"487\" srcset=\"http:\/\/sc-weisse-dame.de\/v3\/wp-content\/uploads\/2021\/09\/Q-Liga-R152-Schlusstabelle.jpg 1734w, http:\/\/sc-weisse-dame.de\/v3\/wp-content\/uploads\/2021\/09\/Q-Liga-R152-Schlusstabelle-600x292.jpg 600w, http:\/\/sc-weisse-dame.de\/v3\/wp-content\/uploads\/2021\/09\/Q-Liga-R152-Schlusstabelle-1536x749.jpg 1536w\" sizes=\"auto, (max-width: 1000px) 100vw, 1000px\" \/><\/p>\n","protected":false},"excerpt":{"rendered":"<p>Lichess-Q-Liga (R153): Donnerstag, 30.09.2021, 20:01 &#8211; 21:41 Uhr (5 min + 0 sec) &#8211; Hier geht&#8217;s zum Turnier &nbsp; Q-Liga-Bericht (R152):\u00a0 \u00a0\ud83d\ude09 F\u00fcr eine politisch fundierte Bewertung dieser \u00e4u\u00dferst knappen &hellip; <a href=\"http:\/\/sc-weisse-dame.de\/v3\/2021\/09\/q-liga-r152\/\" class=\"more-link\"><span class=\"screen-reader-text\">Lichess-Q-Liga (R152): &#8222;Wer die Wahl hat, hat die Qual!&#8220; Die WeDa hat sich f\u00fcr die 6. Liga entschieden &#8230;<\/span> weiterlesen <span class=\"meta-nav\">&rarr;<\/span><\/a><\/p>\n","protected":false},"author":5,"featured_media":0,"comment_status":"open","ping_status":"closed","sticky":false,"template":"","format":"standard","meta":{"_price":"","_stock":"","_tribe_ticket_header":"","_tribe_default_ticket_provider":"","_tribe_ticket_capacity":"0","_ticket_start_date":"","_ticket_end_date":"","_tribe_ticket_show_description":"","_tribe_ticket_show_not_going":false,"_tribe_ticket_use_global_stock":"","_tribe_ticket_global_stock_level":"","_global_stock_mode":"","_global_stock_cap":"","_tribe_rsvp_for_event":"","_tribe_ticket_going_count":"","_tribe_ticket_not_going_count":"","_tribe_tickets_list":"[]","_tribe_ticket_has_attendee_info_fields":false,"footnotes":""},"categories":[156],"tags":[],"coauthors":[50,49],"class_list":["post-21261","post","type-post","status-publish","format-standard","hentry","category-q-liga"],"yoast_head":"<!-- This site is optimized with the Yoast SEO plugin v27.4 - https:\/\/yoast.com\/product\/yoast-seo-wordpress\/ -->\n<title>Lichess-Q-Liga (R152): &quot;Wer die Wahl hat, hat die Qual!&quot; Die WeDa hat sich f\u00fcr die 6. Liga entschieden ... - SC Weisse Dame e. V.<\/title>\n<meta name=\"robots\" content=\"index, follow, max-snippet:-1, max-image-preview:large, max-video-preview:-1\" \/>\n<link rel=\"canonical\" href=\"http:\/\/sc-weisse-dame.de\/v3\/2021\/09\/q-liga-r152\/\" \/>\n<meta property=\"og:locale\" content=\"de_DE\" \/>\n<meta property=\"og:type\" content=\"article\" \/>\n<meta property=\"og:title\" content=\"Lichess-Q-Liga (R152): &quot;Wer die Wahl hat, hat die Qual!&quot; Die WeDa hat sich f\u00fcr die 6. Liga entschieden ... - SC Weisse Dame e. V.\" \/>\n<meta property=\"og:description\" content=\"Lichess-Q-Liga (R153): Donnerstag, 30.09.2021, 20:01 &#8211; 21:41 Uhr (5 min + 0 sec) &#8211; Hier geht&#8217;s zum Turnier &nbsp; Q-Liga-Bericht (R152):\u00a0 \u00a0\ud83d\ude09 F\u00fcr eine politisch fundierte Bewertung dieser \u00e4u\u00dferst knappen &hellip; Lichess-Q-Liga (R152): &#8222;Wer die Wahl hat, hat die Qual!&#8220; Die WeDa hat sich f\u00fcr die 6. Liga entschieden &#8230; weiterlesen &rarr;\" \/>\n<meta property=\"og:url\" content=\"http:\/\/sc-weisse-dame.de\/v3\/2021\/09\/q-liga-r152\/\" \/>\n<meta property=\"og:site_name\" content=\"SC Weisse Dame e. V.\" \/>\n<meta property=\"article:published_time\" content=\"2021-09-27T01:00:29+00:00\" \/>\n<meta property=\"article:modified_time\" content=\"2021-10-01T11:11:31+00:00\" \/>\n<meta property=\"og:image\" content=\"http:\/\/sc-weisse-dame.de\/v3\/wp-content\/uploads\/2021\/09\/Q-Liga-R152-Schlusstabelle.jpg\" \/>\n<meta name=\"author\" content=\"Christian Greiser, Thorsten Gro\u00df\" \/>\n<meta name=\"twitter:card\" content=\"summary_large_image\" \/>\n<meta name=\"twitter:label1\" content=\"Verfasst von\" \/>\n\t<meta name=\"twitter:data1\" content=\"Christian Greiser\" \/>\n\t<meta name=\"twitter:label2\" content=\"Gesch\u00e4tzte Lesezeit\" \/>\n\t<meta name=\"twitter:data2\" content=\"1\u00a0Minute\" \/>\n\t<meta name=\"twitter:label3\" content=\"Written by\" \/>\n\t<meta name=\"twitter:data3\" content=\"Christian Greiser, Thorsten Gro\u00df\" \/>\n<script type=\"application\/ld+json\" class=\"yoast-schema-graph\">{\"@context\":\"https:\\\/\\\/schema.org\",\"@graph\":[{\"@type\":\"Article\",\"@id\":\"http:\\\/\\\/sc-weisse-dame.de\\\/v3\\\/2021\\\/09\\\/q-liga-r152\\\/#article\",\"isPartOf\":{\"@id\":\"http:\\\/\\\/sc-weisse-dame.de\\\/v3\\\/2021\\\/09\\\/q-liga-r152\\\/\"},\"author\":{\"name\":\"Christian Greiser\",\"@id\":\"http:\\\/\\\/sc-weisse-dame.de\\\/v3\\\/#\\\/schema\\\/person\\\/c262da3a19176713e7a6632f64caa946\"},\"headline\":\"Lichess-Q-Liga (R152): &#8222;Wer die Wahl hat, hat die Qual!&#8220; Die WeDa hat sich f\u00fcr die 6. Liga entschieden &#8230;\",\"datePublished\":\"2021-09-27T01:00:29+00:00\",\"dateModified\":\"2021-10-01T11:11:31+00:00\",\"mainEntityOfPage\":{\"@id\":\"http:\\\/\\\/sc-weisse-dame.de\\\/v3\\\/2021\\\/09\\\/q-liga-r152\\\/\"},\"wordCount\":203,\"commentCount\":0,\"image\":{\"@id\":\"http:\\\/\\\/sc-weisse-dame.de\\\/v3\\\/2021\\\/09\\\/q-liga-r152\\\/#primaryimage\"},\"thumbnailUrl\":\"http:\\\/\\\/sc-weisse-dame.de\\\/v3\\\/wp-content\\\/uploads\\\/2021\\\/09\\\/Q-Liga-R152-Schlusstabelle.jpg\",\"articleSection\":[\"Q-Liga\"],\"inLanguage\":\"de\",\"potentialAction\":[{\"@type\":\"CommentAction\",\"name\":\"Comment\",\"target\":[\"http:\\\/\\\/sc-weisse-dame.de\\\/v3\\\/2021\\\/09\\\/q-liga-r152\\\/#respond\"]}]},{\"@type\":\"WebPage\",\"@id\":\"http:\\\/\\\/sc-weisse-dame.de\\\/v3\\\/2021\\\/09\\\/q-liga-r152\\\/\",\"url\":\"http:\\\/\\\/sc-weisse-dame.de\\\/v3\\\/2021\\\/09\\\/q-liga-r152\\\/\",\"name\":\"Lichess-Q-Liga (R152): \\\"Wer die Wahl hat, hat die Qual!\\\" Die WeDa hat sich f\u00fcr die 6. Liga entschieden ... - SC Weisse Dame e. V.\",\"isPartOf\":{\"@id\":\"http:\\\/\\\/sc-weisse-dame.de\\\/v3\\\/#website\"},\"primaryImageOfPage\":{\"@id\":\"http:\\\/\\\/sc-weisse-dame.de\\\/v3\\\/2021\\\/09\\\/q-liga-r152\\\/#primaryimage\"},\"image\":{\"@id\":\"http:\\\/\\\/sc-weisse-dame.de\\\/v3\\\/2021\\\/09\\\/q-liga-r152\\\/#primaryimage\"},\"thumbnailUrl\":\"http:\\\/\\\/sc-weisse-dame.de\\\/v3\\\/wp-content\\\/uploads\\\/2021\\\/09\\\/Q-Liga-R152-Schlusstabelle.jpg\",\"datePublished\":\"2021-09-27T01:00:29+00:00\",\"dateModified\":\"2021-10-01T11:11:31+00:00\",\"author\":{\"@id\":\"http:\\\/\\\/sc-weisse-dame.de\\\/v3\\\/#\\\/schema\\\/person\\\/c262da3a19176713e7a6632f64caa946\"},\"breadcrumb\":{\"@id\":\"http:\\\/\\\/sc-weisse-dame.de\\\/v3\\\/2021\\\/09\\\/q-liga-r152\\\/#breadcrumb\"},\"inLanguage\":\"de\",\"potentialAction\":[{\"@type\":\"ReadAction\",\"target\":[\"http:\\\/\\\/sc-weisse-dame.de\\\/v3\\\/2021\\\/09\\\/q-liga-r152\\\/\"]}]},{\"@type\":\"ImageObject\",\"inLanguage\":\"de\",\"@id\":\"http:\\\/\\\/sc-weisse-dame.de\\\/v3\\\/2021\\\/09\\\/q-liga-r152\\\/#primaryimage\",\"url\":\"http:\\\/\\\/sc-weisse-dame.de\\\/v3\\\/wp-content\\\/uploads\\\/2021\\\/09\\\/Q-Liga-R152-Schlusstabelle.jpg\",\"contentUrl\":\"http:\\\/\\\/sc-weisse-dame.de\\\/v3\\\/wp-content\\\/uploads\\\/2021\\\/09\\\/Q-Liga-R152-Schlusstabelle.jpg\",\"width\":1734,\"height\":845},{\"@type\":\"BreadcrumbList\",\"@id\":\"http:\\\/\\\/sc-weisse-dame.de\\\/v3\\\/2021\\\/09\\\/q-liga-r152\\\/#breadcrumb\",\"itemListElement\":[{\"@type\":\"ListItem\",\"position\":1,\"name\":\"Startseite\",\"item\":\"http:\\\/\\\/sc-weisse-dame.de\\\/v3\\\/\"},{\"@type\":\"ListItem\",\"position\":2,\"name\":\"Lichess-Q-Liga (R152): &#8222;Wer die Wahl hat, hat die Qual!&#8220; Die WeDa hat sich f\u00fcr die 6. Liga entschieden &#8230;\"}]},{\"@type\":\"WebSite\",\"@id\":\"http:\\\/\\\/sc-weisse-dame.de\\\/v3\\\/#website\",\"url\":\"http:\\\/\\\/sc-weisse-dame.de\\\/v3\\\/\",\"name\":\"SC Weisse Dame e. V.\",\"description\":\"Herzlich Willkommen!\",\"potentialAction\":[{\"@type\":\"SearchAction\",\"target\":{\"@type\":\"EntryPoint\",\"urlTemplate\":\"http:\\\/\\\/sc-weisse-dame.de\\\/v3\\\/?s={search_term_string}\"},\"query-input\":{\"@type\":\"PropertyValueSpecification\",\"valueRequired\":true,\"valueName\":\"search_term_string\"}}],\"inLanguage\":\"de\"},{\"@type\":\"Person\",\"@id\":\"http:\\\/\\\/sc-weisse-dame.de\\\/v3\\\/#\\\/schema\\\/person\\\/c262da3a19176713e7a6632f64caa946\",\"name\":\"Christian Greiser\",\"url\":\"http:\\\/\\\/sc-weisse-dame.de\\\/v3\\\/author\\\/christian_greiser\\\/\"}]}<\/script>\n<!-- \/ Yoast SEO plugin. -->","yoast_head_json":{"title":"Lichess-Q-Liga (R152): \"Wer die Wahl hat, hat die Qual!\" Die WeDa hat sich f\u00fcr die 6. Liga entschieden ... - SC Weisse Dame e. V.","robots":{"index":"index","follow":"follow","max-snippet":"max-snippet:-1","max-image-preview":"max-image-preview:large","max-video-preview":"max-video-preview:-1"},"canonical":"http:\/\/sc-weisse-dame.de\/v3\/2021\/09\/q-liga-r152\/","og_locale":"de_DE","og_type":"article","og_title":"Lichess-Q-Liga (R152): \"Wer die Wahl hat, hat die Qual!\" Die WeDa hat sich f\u00fcr die 6. Liga entschieden ... - SC Weisse Dame e. V.","og_description":"Lichess-Q-Liga (R153): Donnerstag, 30.09.2021, 20:01 &#8211; 21:41 Uhr (5 min + 0 sec) &#8211; Hier geht&#8217;s zum Turnier &nbsp; Q-Liga-Bericht (R152):\u00a0 \u00a0\ud83d\ude09 F\u00fcr eine politisch fundierte Bewertung dieser \u00e4u\u00dferst knappen &hellip; Lichess-Q-Liga (R152): &#8222;Wer die Wahl hat, hat die Qual!&#8220; Die WeDa hat sich f\u00fcr die 6. Liga entschieden &#8230; weiterlesen &rarr;","og_url":"http:\/\/sc-weisse-dame.de\/v3\/2021\/09\/q-liga-r152\/","og_site_name":"SC Weisse Dame e. V.","article_published_time":"2021-09-27T01:00:29+00:00","article_modified_time":"2021-10-01T11:11:31+00:00","og_image":[{"url":"http:\/\/sc-weisse-dame.de\/v3\/wp-content\/uploads\/2021\/09\/Q-Liga-R152-Schlusstabelle.jpg","type":"","width":"","height":""}],"author":"Christian Greiser, Thorsten Gro\u00df","twitter_card":"summary_large_image","twitter_misc":{"Verfasst von":"Christian Greiser","Gesch\u00e4tzte Lesezeit":"1\u00a0Minute","Written by":"Christian Greiser, Thorsten Gro\u00df"},"schema":{"@context":"https:\/\/schema.org","@graph":[{"@type":"Article","@id":"http:\/\/sc-weisse-dame.de\/v3\/2021\/09\/q-liga-r152\/#article","isPartOf":{"@id":"http:\/\/sc-weisse-dame.de\/v3\/2021\/09\/q-liga-r152\/"},"author":{"name":"Christian Greiser","@id":"http:\/\/sc-weisse-dame.de\/v3\/#\/schema\/person\/c262da3a19176713e7a6632f64caa946"},"headline":"Lichess-Q-Liga (R152): &#8222;Wer die Wahl hat, hat die Qual!&#8220; Die WeDa hat sich f\u00fcr die 6. Liga entschieden &#8230;","datePublished":"2021-09-27T01:00:29+00:00","dateModified":"2021-10-01T11:11:31+00:00","mainEntityOfPage":{"@id":"http:\/\/sc-weisse-dame.de\/v3\/2021\/09\/q-liga-r152\/"},"wordCount":203,"commentCount":0,"image":{"@id":"http:\/\/sc-weisse-dame.de\/v3\/2021\/09\/q-liga-r152\/#primaryimage"},"thumbnailUrl":"http:\/\/sc-weisse-dame.de\/v3\/wp-content\/uploads\/2021\/09\/Q-Liga-R152-Schlusstabelle.jpg","articleSection":["Q-Liga"],"inLanguage":"de","potentialAction":[{"@type":"CommentAction","name":"Comment","target":["http:\/\/sc-weisse-dame.de\/v3\/2021\/09\/q-liga-r152\/#respond"]}]},{"@type":"WebPage","@id":"http:\/\/sc-weisse-dame.de\/v3\/2021\/09\/q-liga-r152\/","url":"http:\/\/sc-weisse-dame.de\/v3\/2021\/09\/q-liga-r152\/","name":"Lichess-Q-Liga (R152): \"Wer die Wahl hat, hat die Qual!\" Die WeDa hat sich f\u00fcr die 6. Liga entschieden ... - SC Weisse Dame e. V.","isPartOf":{"@id":"http:\/\/sc-weisse-dame.de\/v3\/#website"},"primaryImageOfPage":{"@id":"http:\/\/sc-weisse-dame.de\/v3\/2021\/09\/q-liga-r152\/#primaryimage"},"image":{"@id":"http:\/\/sc-weisse-dame.de\/v3\/2021\/09\/q-liga-r152\/#primaryimage"},"thumbnailUrl":"http:\/\/sc-weisse-dame.de\/v3\/wp-content\/uploads\/2021\/09\/Q-Liga-R152-Schlusstabelle.jpg","datePublished":"2021-09-27T01:00:29+00:00","dateModified":"2021-10-01T11:11:31+00:00","author":{"@id":"http:\/\/sc-weisse-dame.de\/v3\/#\/schema\/person\/c262da3a19176713e7a6632f64caa946"},"breadcrumb":{"@id":"http:\/\/sc-weisse-dame.de\/v3\/2021\/09\/q-liga-r152\/#breadcrumb"},"inLanguage":"de","potentialAction":[{"@type":"ReadAction","target":["http:\/\/sc-weisse-dame.de\/v3\/2021\/09\/q-liga-r152\/"]}]},{"@type":"ImageObject","inLanguage":"de","@id":"http:\/\/sc-weisse-dame.de\/v3\/2021\/09\/q-liga-r152\/#primaryimage","url":"http:\/\/sc-weisse-dame.de\/v3\/wp-content\/uploads\/2021\/09\/Q-Liga-R152-Schlusstabelle.jpg","contentUrl":"http:\/\/sc-weisse-dame.de\/v3\/wp-content\/uploads\/2021\/09\/Q-Liga-R152-Schlusstabelle.jpg","width":1734,"height":845},{"@type":"BreadcrumbList","@id":"http:\/\/sc-weisse-dame.de\/v3\/2021\/09\/q-liga-r152\/#breadcrumb","itemListElement":[{"@type":"ListItem","position":1,"name":"Startseite","item":"http:\/\/sc-weisse-dame.de\/v3\/"},{"@type":"ListItem","position":2,"name":"Lichess-Q-Liga (R152): &#8222;Wer die Wahl hat, hat die Qual!&#8220; Die WeDa hat sich f\u00fcr die 6. Liga entschieden &#8230;"}]},{"@type":"WebSite","@id":"http:\/\/sc-weisse-dame.de\/v3\/#website","url":"http:\/\/sc-weisse-dame.de\/v3\/","name":"SC Weisse Dame e. V.","description":"Herzlich Willkommen!","potentialAction":[{"@type":"SearchAction","target":{"@type":"EntryPoint","urlTemplate":"http:\/\/sc-weisse-dame.de\/v3\/?s={search_term_string}"},"query-input":{"@type":"PropertyValueSpecification","valueRequired":true,"valueName":"search_term_string"}}],"inLanguage":"de"},{"@type":"Person","@id":"http:\/\/sc-weisse-dame.de\/v3\/#\/schema\/person\/c262da3a19176713e7a6632f64caa946","name":"Christian Greiser","url":"http:\/\/sc-weisse-dame.de\/v3\/author\/christian_greiser\/"}]}},"_links":{"self":[{"href":"http:\/\/sc-weisse-dame.de\/v3\/wp-json\/wp\/v2\/posts\/21261","targetHints":{"allow":["GET"]}}],"collection":[{"href":"http:\/\/sc-weisse-dame.de\/v3\/wp-json\/wp\/v2\/posts"}],"about":[{"href":"http:\/\/sc-weisse-dame.de\/v3\/wp-json\/wp\/v2\/types\/post"}],"author":[{"embeddable":true,"href":"http:\/\/sc-weisse-dame.de\/v3\/wp-json\/wp\/v2\/users\/5"}],"replies":[{"embeddable":true,"href":"http:\/\/sc-weisse-dame.de\/v3\/wp-json\/wp\/v2\/comments?post=21261"}],"version-history":[{"count":10,"href":"http:\/\/sc-weisse-dame.de\/v3\/wp-json\/wp\/v2\/posts\/21261\/revisions"}],"predecessor-version":[{"id":21370,"href":"http:\/\/sc-weisse-dame.de\/v3\/wp-json\/wp\/v2\/posts\/21261\/revisions\/21370"}],"wp:attachment":[{"href":"http:\/\/sc-weisse-dame.de\/v3\/wp-json\/wp\/v2\/media?parent=21261"}],"wp:term":[{"taxonomy":"category","embeddable":true,"href":"http:\/\/sc-weisse-dame.de\/v3\/wp-json\/wp\/v2\/categories?post=21261"},{"taxonomy":"post_tag","embeddable":true,"href":"http:\/\/sc-weisse-dame.de\/v3\/wp-json\/wp\/v2\/tags?post=21261"},{"taxonomy":"author","embeddable":true,"href":"http:\/\/sc-weisse-dame.de\/v3\/wp-json\/wp\/v2\/coauthors?post=21261"}],"curies":[{"name":"wp","href":"https:\/\/api.w.org\/{rel}","templated":true}]}}