{"id":18019,"date":"2020-11-19T03:33:33","date_gmt":"2020-11-19T02:33:33","guid":{"rendered":"http:\/\/sc-weisse-dame.de\/v3\/?p=18019"},"modified":"2021-02-06T15:47:35","modified_gmt":"2021-02-06T14:47:35","slug":"freitag-der-13-pech-gehabt-2","status":"publish","type":"post","link":"http:\/\/sc-weisse-dame.de\/v3\/2020\/11\/freitag-der-13-pech-gehabt-2\/","title":{"rendered":"Pausenf\u00fcller (14): Freitag, der 13., &#8211; Pech gehabt !? Oder war es vielleicht doch: &#8222;Die Rache der Weissen Dame&#8220;!?"},"content":{"rendered":"<p style=\"text-align: justify;\">In seiner Ank\u00fcndigung <span style=\"color: #0000ff;\"><em>&#8222;<span style=\"text-decoration: underline;\"><a href=\"http:\/\/sc-weisse-dame.de\/v3\/2020\/11\/freitag-der-13-findet-statt\/\"><span style=\"color: #0000ff; text-decoration: underline;\">Freitag, der 13., &#8211; ? findet statt!<\/span><\/a><\/span>&#8222;<\/em><\/span> erw\u00e4hnt Autor Johannes St\u00f6ckel, dass n\u00e4mliches Turnier <span style=\"color: #ff0000;\"><em>&#8222;&#8230; zur Feier des Tages &#8230;&#8220;<\/em> <\/span>organisiert werden wird.<\/p>\n<p style=\"text-align: justify;\">Warum wurde dann aber im weiteren Verlauf der Aktivit\u00e4ten nie wieder von dieser omin\u00f6sen Feier berichtet; siehe den Beitrag <span style=\"color: #0000ff;\"><em>&#8222;<span style=\"text-decoration: underline; color: #0000ff;\"><a style=\"color: #0000ff; text-decoration: underline;\" href=\"http:\/\/sc-weisse-dame.de\/v3\/2020\/11\/freitag-der-13-pech-gehabt\/\">Freitag, der 13., Pech gehabt !?<\/a><\/span>&#8222;<\/em><\/span> Lag es daran, dass die Feier in Pandemiezeiten stattgefunden hat? War sie gar &#8211; illegal?<\/p>\n<p style=\"text-align: justify;\">Fragen \u00fcber Fragen, denen ein weltweit agierender Verbund investigativer Journalisten unter Federf\u00fchrung von Onkel Chrischan aus L\u00fcttenrade bei Berlin akribisch nachgegangen ist. Und es ist ihnen tats\u00e4chlich gelungen den Grund f\u00fcr diese Feier ausfindig zu machen und das abgrundtiefe Geheimnis der Verschwiegenheit rund um dieses Mysterium zu ergr\u00fcnden.<\/p>\n<hr \/>\n<p><!--more--><\/p>\n<p>&nbsp;<\/p>\n<p style=\"text-align: justify;\">Die Weisse Dame feierte am <em>&#8222;Freitag, den 13.&#8220;<\/em> ihren 69. Geburtstag &#8211; und alle haben es vergessen! Alle? Nein! Ein von unbeugsamen Silver-Agern bev\u00f6lkerter, gleichnamiger Chatroom h\u00f6rt nicht auf ein in diesem Zusammenhang mittlerweile nur noch sehr selten aufgef\u00fchrtes Ritual unter Einnahme eines sinnenerweiternden Geheimtranks stilecht zu zelebrieren &#8211; in der Hoffnung dadurch die <em>&#8222;Weisse Dame&#8220;<\/em> (immer wieder) gn\u00e4dig zu stimmen.<\/p>\n<hr \/>\n<p style=\"text-align: justify;\">\u00a0<\/p>\n<p style=\"text-align: justify;\">Die geneigten Leser:innen kennen nun des Pudels Kern und in einer der n\u00e4chsten <span style=\"color: #008000;\"><em>&#8222;<span style=\"text-decoration: underline; color: #008000;\"><a style=\"color: #008000; text-decoration: underline;\" href=\"http:\/\/sc-weisse-dame.de\/v3\/category\/pausenfueller\/\">Pausenf\u00fcller<\/a><\/span>&#8222;<\/em><\/span>-Ausgaben wird aufgedeckt werden, um wessen Pudel es sich hierbei handelt und was Johann Wolfgang von Goethe damit zu tun haben k\u00f6nnte, &#8230;<\/p>\n<hr \/>\n<p>&nbsp;<\/p>\n<p>&#8230; und welche Rituale stattgefunden haben, an denen insbesondere Troubadix seine hellste Freude gehabt h\u00e4tte, &#8230;<\/p>\n<hr \/>\n<p>&nbsp;<\/p>\n<p>&#8230; und wie die Rezeptur des Geheimtranks entdeckt wurde &#8211; und alsbald wieder verloren ging, &#8230;<\/p>\n<hr \/>\n<p>&nbsp;<\/p>\n<p>&#8230;<\/p>\n","protected":false},"excerpt":{"rendered":"<p>In seiner Ank\u00fcndigung &#8222;Freitag, der 13., &#8211; ? findet statt!&#8222; erw\u00e4hnt Autor Johannes St\u00f6ckel, dass n\u00e4mliches Turnier &#8222;&#8230; zur Feier des Tages &#8230;&#8220; organisiert werden wird. Warum wurde dann aber &hellip; <a href=\"http:\/\/sc-weisse-dame.de\/v3\/2020\/11\/freitag-der-13-pech-gehabt-2\/\" class=\"more-link\"><span class=\"screen-reader-text\">Pausenf\u00fcller (14): Freitag, der 13., &#8211; Pech gehabt !? Oder war es vielleicht doch: &#8222;Die Rache der Weissen Dame&#8220;!?<\/span> weiterlesen <span class=\"meta-nav\">&rarr;<\/span><\/a><\/p>\n","protected":false},"author":9,"featured_media":0,"comment_status":"open","ping_status":"closed","sticky":false,"template":"","format":"standard","meta":{"_price":"","_stock":"","_tribe_ticket_header":"","_tribe_default_ticket_provider":"","_tribe_ticket_capacity":"0","_ticket_start_date":"","_ticket_end_date":"","_tribe_ticket_show_description":"","_tribe_ticket_show_not_going":false,"_tribe_ticket_use_global_stock":"","_tribe_ticket_global_stock_level":"","_global_stock_mode":"","_global_stock_cap":"","_tribe_rsvp_for_event":"","_tribe_ticket_going_count":"","_tribe_ticket_not_going_count":"","_tribe_tickets_list":"[]","_tribe_ticket_has_attendee_info_fields":false,"footnotes":""},"categories":[159],"tags":[],"coauthors":[38],"class_list":["post-18019","post","type-post","status-publish","format-standard","hentry","category-pausenfueller"],"yoast_head":"<!-- This site is optimized with the Yoast SEO plugin v27.4 - https:\/\/yoast.com\/product\/yoast-seo-wordpress\/ -->\n<title>Pausenf\u00fcller (14): Freitag, der 13., - Pech gehabt !? Oder war es vielleicht doch: &quot;Die Rache der Weissen Dame&quot;!? - SC Weisse Dame e. V.<\/title>\n<meta name=\"robots\" content=\"index, follow, max-snippet:-1, max-image-preview:large, max-video-preview:-1\" \/>\n<link rel=\"canonical\" href=\"http:\/\/sc-weisse-dame.de\/v3\/2020\/11\/freitag-der-13-pech-gehabt-2\/\" \/>\n<meta property=\"og:locale\" content=\"de_DE\" \/>\n<meta property=\"og:type\" content=\"article\" \/>\n<meta property=\"og:title\" content=\"Pausenf\u00fcller (14): Freitag, der 13., - Pech gehabt !? Oder war es vielleicht doch: &quot;Die Rache der Weissen Dame&quot;!? - SC Weisse Dame e. V.\" \/>\n<meta property=\"og:description\" content=\"In seiner Ank\u00fcndigung &#8222;Freitag, der 13., &#8211; ? findet statt!&#8222; erw\u00e4hnt Autor Johannes St\u00f6ckel, dass n\u00e4mliches Turnier &#8222;&#8230; zur Feier des Tages &#8230;&#8220; organisiert werden wird. Warum wurde dann aber &hellip; Pausenf\u00fcller (14): Freitag, der 13., &#8211; Pech gehabt !? Oder war es vielleicht doch: &#8222;Die Rache der Weissen Dame&#8220;!? weiterlesen &rarr;\" \/>\n<meta property=\"og:url\" content=\"http:\/\/sc-weisse-dame.de\/v3\/2020\/11\/freitag-der-13-pech-gehabt-2\/\" \/>\n<meta property=\"og:site_name\" content=\"SC Weisse Dame e. V.\" \/>\n<meta property=\"article:published_time\" content=\"2020-11-19T02:33:33+00:00\" \/>\n<meta property=\"article:modified_time\" content=\"2021-02-06T14:47:35+00:00\" \/>\n<meta name=\"author\" content=\"Onkel Krischan\" \/>\n<meta name=\"twitter:card\" content=\"summary_large_image\" \/>\n<meta name=\"twitter:label1\" content=\"Verfasst von\" \/>\n\t<meta name=\"twitter:data1\" content=\"Johannes St\u00f6ckel\" \/>\n\t<meta name=\"twitter:label2\" content=\"Gesch\u00e4tzte Lesezeit\" \/>\n\t<meta name=\"twitter:data2\" content=\"1\u00a0Minute\" \/>\n\t<meta name=\"twitter:label3\" content=\"Written by\" \/>\n\t<meta name=\"twitter:data3\" content=\"Onkel Krischan\" \/>\n<script type=\"application\/ld+json\" class=\"yoast-schema-graph\">{\"@context\":\"https:\\\/\\\/schema.org\",\"@graph\":[{\"@type\":\"Article\",\"@id\":\"http:\\\/\\\/sc-weisse-dame.de\\\/v3\\\/2020\\\/11\\\/freitag-der-13-pech-gehabt-2\\\/#article\",\"isPartOf\":{\"@id\":\"http:\\\/\\\/sc-weisse-dame.de\\\/v3\\\/2020\\\/11\\\/freitag-der-13-pech-gehabt-2\\\/\"},\"author\":{\"name\":\"Johannes St\u00f6ckel\",\"@id\":\"http:\\\/\\\/sc-weisse-dame.de\\\/v3\\\/#\\\/schema\\\/person\\\/e7debd41bc2fbc0a04cf16fd0894bc69\"},\"headline\":\"Pausenf\u00fcller (14): Freitag, der 13., &#8211; Pech gehabt !? Oder war es vielleicht doch: &#8222;Die Rache der Weissen Dame&#8220;!?\",\"datePublished\":\"2020-11-19T02:33:33+00:00\",\"dateModified\":\"2021-02-06T14:47:35+00:00\",\"mainEntityOfPage\":{\"@id\":\"http:\\\/\\\/sc-weisse-dame.de\\\/v3\\\/2020\\\/11\\\/freitag-der-13-pech-gehabt-2\\\/\"},\"wordCount\":272,\"commentCount\":0,\"articleSection\":[\"Pausenf\u00fcller\"],\"inLanguage\":\"de\",\"potentialAction\":[{\"@type\":\"CommentAction\",\"name\":\"Comment\",\"target\":[\"http:\\\/\\\/sc-weisse-dame.de\\\/v3\\\/2020\\\/11\\\/freitag-der-13-pech-gehabt-2\\\/#respond\"]}]},{\"@type\":\"WebPage\",\"@id\":\"http:\\\/\\\/sc-weisse-dame.de\\\/v3\\\/2020\\\/11\\\/freitag-der-13-pech-gehabt-2\\\/\",\"url\":\"http:\\\/\\\/sc-weisse-dame.de\\\/v3\\\/2020\\\/11\\\/freitag-der-13-pech-gehabt-2\\\/\",\"name\":\"Pausenf\u00fcller (14): Freitag, der 13., - Pech gehabt !? Oder war es vielleicht doch: \\\"Die Rache der Weissen Dame\\\"!? - SC Weisse Dame e. V.\",\"isPartOf\":{\"@id\":\"http:\\\/\\\/sc-weisse-dame.de\\\/v3\\\/#website\"},\"datePublished\":\"2020-11-19T02:33:33+00:00\",\"dateModified\":\"2021-02-06T14:47:35+00:00\",\"author\":{\"@id\":\"http:\\\/\\\/sc-weisse-dame.de\\\/v3\\\/#\\\/schema\\\/person\\\/e7debd41bc2fbc0a04cf16fd0894bc69\"},\"breadcrumb\":{\"@id\":\"http:\\\/\\\/sc-weisse-dame.de\\\/v3\\\/2020\\\/11\\\/freitag-der-13-pech-gehabt-2\\\/#breadcrumb\"},\"inLanguage\":\"de\",\"potentialAction\":[{\"@type\":\"ReadAction\",\"target\":[\"http:\\\/\\\/sc-weisse-dame.de\\\/v3\\\/2020\\\/11\\\/freitag-der-13-pech-gehabt-2\\\/\"]}]},{\"@type\":\"BreadcrumbList\",\"@id\":\"http:\\\/\\\/sc-weisse-dame.de\\\/v3\\\/2020\\\/11\\\/freitag-der-13-pech-gehabt-2\\\/#breadcrumb\",\"itemListElement\":[{\"@type\":\"ListItem\",\"position\":1,\"name\":\"Startseite\",\"item\":\"http:\\\/\\\/sc-weisse-dame.de\\\/v3\\\/\"},{\"@type\":\"ListItem\",\"position\":2,\"name\":\"Pausenf\u00fcller (14): Freitag, der 13., &#8211; Pech gehabt !? Oder war es vielleicht doch: &#8222;Die Rache der Weissen Dame&#8220;!?\"}]},{\"@type\":\"WebSite\",\"@id\":\"http:\\\/\\\/sc-weisse-dame.de\\\/v3\\\/#website\",\"url\":\"http:\\\/\\\/sc-weisse-dame.de\\\/v3\\\/\",\"name\":\"SC Weisse Dame e. V.\",\"description\":\"Herzlich Willkommen!\",\"potentialAction\":[{\"@type\":\"SearchAction\",\"target\":{\"@type\":\"EntryPoint\",\"urlTemplate\":\"http:\\\/\\\/sc-weisse-dame.de\\\/v3\\\/?s={search_term_string}\"},\"query-input\":{\"@type\":\"PropertyValueSpecification\",\"valueRequired\":true,\"valueName\":\"search_term_string\"}}],\"inLanguage\":\"de\"},{\"@type\":\"Person\",\"@id\":\"http:\\\/\\\/sc-weisse-dame.de\\\/v3\\\/#\\\/schema\\\/person\\\/e7debd41bc2fbc0a04cf16fd0894bc69\",\"name\":\"Johannes St\u00f6ckel\",\"url\":\"http:\\\/\\\/sc-weisse-dame.de\\\/v3\\\/author\\\/johannes_stoeckel\\\/\"}]}<\/script>\n<!-- \/ Yoast SEO plugin. -->","yoast_head_json":{"title":"Pausenf\u00fcller (14): Freitag, der 13., - Pech gehabt !? Oder war es vielleicht doch: \"Die Rache der Weissen Dame\"!? - SC Weisse Dame e. V.","robots":{"index":"index","follow":"follow","max-snippet":"max-snippet:-1","max-image-preview":"max-image-preview:large","max-video-preview":"max-video-preview:-1"},"canonical":"http:\/\/sc-weisse-dame.de\/v3\/2020\/11\/freitag-der-13-pech-gehabt-2\/","og_locale":"de_DE","og_type":"article","og_title":"Pausenf\u00fcller (14): Freitag, der 13., - Pech gehabt !? Oder war es vielleicht doch: \"Die Rache der Weissen Dame\"!? - SC Weisse Dame e. V.","og_description":"In seiner Ank\u00fcndigung &#8222;Freitag, der 13., &#8211; ? findet statt!&#8222; erw\u00e4hnt Autor Johannes St\u00f6ckel, dass n\u00e4mliches Turnier &#8222;&#8230; zur Feier des Tages &#8230;&#8220; organisiert werden wird. Warum wurde dann aber &hellip; Pausenf\u00fcller (14): Freitag, der 13., &#8211; Pech gehabt !? Oder war es vielleicht doch: &#8222;Die Rache der Weissen Dame&#8220;!? weiterlesen &rarr;","og_url":"http:\/\/sc-weisse-dame.de\/v3\/2020\/11\/freitag-der-13-pech-gehabt-2\/","og_site_name":"SC Weisse Dame e. V.","article_published_time":"2020-11-19T02:33:33+00:00","article_modified_time":"2021-02-06T14:47:35+00:00","author":"Onkel Krischan","twitter_card":"summary_large_image","twitter_misc":{"Verfasst von":"Johannes St\u00f6ckel","Gesch\u00e4tzte Lesezeit":"1\u00a0Minute","Written by":"Onkel Krischan"},"schema":{"@context":"https:\/\/schema.org","@graph":[{"@type":"Article","@id":"http:\/\/sc-weisse-dame.de\/v3\/2020\/11\/freitag-der-13-pech-gehabt-2\/#article","isPartOf":{"@id":"http:\/\/sc-weisse-dame.de\/v3\/2020\/11\/freitag-der-13-pech-gehabt-2\/"},"author":{"name":"Johannes St\u00f6ckel","@id":"http:\/\/sc-weisse-dame.de\/v3\/#\/schema\/person\/e7debd41bc2fbc0a04cf16fd0894bc69"},"headline":"Pausenf\u00fcller (14): Freitag, der 13., &#8211; Pech gehabt !? Oder war es vielleicht doch: &#8222;Die Rache der Weissen Dame&#8220;!?","datePublished":"2020-11-19T02:33:33+00:00","dateModified":"2021-02-06T14:47:35+00:00","mainEntityOfPage":{"@id":"http:\/\/sc-weisse-dame.de\/v3\/2020\/11\/freitag-der-13-pech-gehabt-2\/"},"wordCount":272,"commentCount":0,"articleSection":["Pausenf\u00fcller"],"inLanguage":"de","potentialAction":[{"@type":"CommentAction","name":"Comment","target":["http:\/\/sc-weisse-dame.de\/v3\/2020\/11\/freitag-der-13-pech-gehabt-2\/#respond"]}]},{"@type":"WebPage","@id":"http:\/\/sc-weisse-dame.de\/v3\/2020\/11\/freitag-der-13-pech-gehabt-2\/","url":"http:\/\/sc-weisse-dame.de\/v3\/2020\/11\/freitag-der-13-pech-gehabt-2\/","name":"Pausenf\u00fcller (14): Freitag, der 13., - Pech gehabt !? Oder war es vielleicht doch: \"Die Rache der Weissen Dame\"!? - SC Weisse Dame e. V.","isPartOf":{"@id":"http:\/\/sc-weisse-dame.de\/v3\/#website"},"datePublished":"2020-11-19T02:33:33+00:00","dateModified":"2021-02-06T14:47:35+00:00","author":{"@id":"http:\/\/sc-weisse-dame.de\/v3\/#\/schema\/person\/e7debd41bc2fbc0a04cf16fd0894bc69"},"breadcrumb":{"@id":"http:\/\/sc-weisse-dame.de\/v3\/2020\/11\/freitag-der-13-pech-gehabt-2\/#breadcrumb"},"inLanguage":"de","potentialAction":[{"@type":"ReadAction","target":["http:\/\/sc-weisse-dame.de\/v3\/2020\/11\/freitag-der-13-pech-gehabt-2\/"]}]},{"@type":"BreadcrumbList","@id":"http:\/\/sc-weisse-dame.de\/v3\/2020\/11\/freitag-der-13-pech-gehabt-2\/#breadcrumb","itemListElement":[{"@type":"ListItem","position":1,"name":"Startseite","item":"http:\/\/sc-weisse-dame.de\/v3\/"},{"@type":"ListItem","position":2,"name":"Pausenf\u00fcller (14): Freitag, der 13., &#8211; Pech gehabt !? Oder war es vielleicht doch: &#8222;Die Rache der Weissen Dame&#8220;!?"}]},{"@type":"WebSite","@id":"http:\/\/sc-weisse-dame.de\/v3\/#website","url":"http:\/\/sc-weisse-dame.de\/v3\/","name":"SC Weisse Dame e. V.","description":"Herzlich Willkommen!","potentialAction":[{"@type":"SearchAction","target":{"@type":"EntryPoint","urlTemplate":"http:\/\/sc-weisse-dame.de\/v3\/?s={search_term_string}"},"query-input":{"@type":"PropertyValueSpecification","valueRequired":true,"valueName":"search_term_string"}}],"inLanguage":"de"},{"@type":"Person","@id":"http:\/\/sc-weisse-dame.de\/v3\/#\/schema\/person\/e7debd41bc2fbc0a04cf16fd0894bc69","name":"Johannes St\u00f6ckel","url":"http:\/\/sc-weisse-dame.de\/v3\/author\/johannes_stoeckel\/"}]}},"_links":{"self":[{"href":"http:\/\/sc-weisse-dame.de\/v3\/wp-json\/wp\/v2\/posts\/18019","targetHints":{"allow":["GET"]}}],"collection":[{"href":"http:\/\/sc-weisse-dame.de\/v3\/wp-json\/wp\/v2\/posts"}],"about":[{"href":"http:\/\/sc-weisse-dame.de\/v3\/wp-json\/wp\/v2\/types\/post"}],"author":[{"embeddable":true,"href":"http:\/\/sc-weisse-dame.de\/v3\/wp-json\/wp\/v2\/users\/9"}],"replies":[{"embeddable":true,"href":"http:\/\/sc-weisse-dame.de\/v3\/wp-json\/wp\/v2\/comments?post=18019"}],"version-history":[{"count":10,"href":"http:\/\/sc-weisse-dame.de\/v3\/wp-json\/wp\/v2\/posts\/18019\/revisions"}],"predecessor-version":[{"id":18040,"href":"http:\/\/sc-weisse-dame.de\/v3\/wp-json\/wp\/v2\/posts\/18019\/revisions\/18040"}],"wp:attachment":[{"href":"http:\/\/sc-weisse-dame.de\/v3\/wp-json\/wp\/v2\/media?parent=18019"}],"wp:term":[{"taxonomy":"category","embeddable":true,"href":"http:\/\/sc-weisse-dame.de\/v3\/wp-json\/wp\/v2\/categories?post=18019"},{"taxonomy":"post_tag","embeddable":true,"href":"http:\/\/sc-weisse-dame.de\/v3\/wp-json\/wp\/v2\/tags?post=18019"},{"taxonomy":"author","embeddable":true,"href":"http:\/\/sc-weisse-dame.de\/v3\/wp-json\/wp\/v2\/coauthors?post=18019"}],"curies":[{"name":"wp","href":"https:\/\/api.w.org\/{rel}","templated":true}]}}