{"id":17388,"date":"2020-09-21T19:25:52","date_gmt":"2020-09-21T17:25:52","guid":{"rendered":"http:\/\/sc-weisse-dame.de\/v3\/?p=17388"},"modified":"2021-02-06T15:17:32","modified_gmt":"2021-02-06T14:17:32","slug":"bericht-ueber-das-2-seminar-mit-gm-wahls-das-eroeffnungsstudium","status":"publish","type":"post","link":"http:\/\/sc-weisse-dame.de\/v3\/2020\/09\/bericht-ueber-das-2-seminar-mit-gm-wahls-das-eroeffnungsstudium\/","title":{"rendered":"Bericht \u00fcber das 2. Seminar mit GM Wahls: Das Er\u00f6ffnungsstudium"},"content":{"rendered":"<p style=\"text-align: justify;\">Kurz vor dem Corona-Lockdown des Clubs fand am 29. Februar \/ 1. M\u00e4rz 2020 das erste Wahls-Seminar in den R\u00e4umen des Haus am Lietzensee (HaL) statt. Am 12. M\u00e4rz beschloss der Vorstand den Pr\u00e4senzspielbetrieb einzustellen und sagte das Turnier \u201eFreitag der 13.\u201c am 13. M\u00e4rz ab. Nach <u>genau <\/u>sechs Monaten haben wir wieder begonnen das HaL zu nutzen &#8211; erneut mit einem GM-Seminar.<\/p>\n<p>&nbsp;<\/p>\n<figure id=\"attachment_17442\" aria-describedby=\"caption-attachment-17442\" style=\"width: 1881px\" class=\"wp-caption aligncenter\"><img loading=\"lazy\" decoding=\"async\" class=\"wp-image-17442 size-full\" src=\"http:\/\/sc-weisse-dame.de\/v3\/wp-content\/uploads\/2020\/09\/IMG_20200913_170342269-GM-Wahls-heller-kontra-1.jpg\" alt=\"\" width=\"1881\" height=\"1467\" srcset=\"http:\/\/sc-weisse-dame.de\/v3\/wp-content\/uploads\/2020\/09\/IMG_20200913_170342269-GM-Wahls-heller-kontra-1.jpg 1881w, http:\/\/sc-weisse-dame.de\/v3\/wp-content\/uploads\/2020\/09\/IMG_20200913_170342269-GM-Wahls-heller-kontra-1-600x468.jpg 600w, http:\/\/sc-weisse-dame.de\/v3\/wp-content\/uploads\/2020\/09\/IMG_20200913_170342269-GM-Wahls-heller-kontra-1-1536x1198.jpg 1536w\" sizes=\"auto, (max-width: 1881px) 100vw, 1881px\" \/><figcaption id=\"caption-attachment-17442\" class=\"wp-caption-text\">Gro\u00dfmeister Wahls bei seinem Vortrag<span style=\"color: #999999;\"> (Foto: Thorsten Gro\u00df)<\/span><\/figcaption><\/figure>\n<p>&nbsp;<\/p>\n<p style=\"text-align: justify;\">Dieses Mal f\u00fchrte uns GM Wahls durch das weite Feld des Er\u00f6ffnungsstudiums. Ich werde nicht alle Punkte des sehr vielseitigen und inhaltsreichen Seminars wiedergeben. Wichtige theoretische und eben auch praktische Fragen des Er\u00f6ffnungslernens und \u2013anwendens sprach Matthias Wahls durch:<\/p>\n<p style=\"text-align: justify;\"><!--more--><\/p>\n<ul style=\"text-align: justify;\">\n<li>Wieviel Zeit habe ich zum Lernen?<\/li>\n<li>Was will ich erreichen?<\/li>\n<li>Welche Er\u00f6ffnung passt zu meinem Spielstil?<\/li>\n<li>Was ist meine Motivation zum Schachspielen?<\/li>\n<li>Wie viel Energie kann ich einsetzen?<\/li>\n<li>Was sind meine Probleme beim Lernen der Zusammenh\u00e4nge und Memorieren der Varianten?<\/li>\n<li>Welche typischen Fehler kann man beim Studium machen?<\/li>\n<li>Wie setze ich Schachdatenbanken zum Aufbau meines Repertoires ein?<\/li>\n<\/ul>\n<p style=\"text-align: justify;\">Auch eine Reihe wichtiger Er\u00f6ffnungsvarianten aus Caro-Kann, Londoner System, Englisch und Igel behandelten wir in dem Seminar. Eine ganze Reihe von praktischen Gewinnideen f\u00fcr Schwarz in der Caro-Kann-Hauptvariante mit kurzer Rochade haben sich nun in die K\u00f6pfe von einem Dutzend Berliner Schachspieler eingegraben und werden ihren mit Wei\u00df spielenden Gegnern pr\u00e4sentiert werden. Viel Gl\u00fcck dabei!\u00a0\u00a0 \ud83d\ude09<\/p>\n<p style=\"text-align: justify;\">Auch im Londoner System stellte Matthias eine interessante Spielweise gegen diesen Modeaufbau vor. Das Londoner System wird von Spielern angewendet, die sich bewusst oder unbewusst f\u00fcr ein solides Schmalspur-Er\u00f6ffnungsrepertoire mit Wei\u00df entscheiden haben. <span style=\"color: #333333;\"><em>&#8222;Die Vielfalt der Er\u00f6ffnungen und des Schachs allgemein leidet unter einer solchen aus praktischen \u00dcberlegungen erfolgenden Beschr\u00e4nkung.&#8220;<\/em><\/span> , finde ich. Aber das muss jeder selbst wissen.<\/p>\n<p style=\"text-align: justify;\"><strong>Fazit:<\/strong> Das Seminar war sowohl vom Schachpraktischen als auch vom \u2013theoretischen sehr interessant, was von allen Teilnehmen best\u00e4tigt wurde, mit denen ich im Nachgang sprach. Es hat sich gelohnt, ein Wochenende (ca. 14 Stunden netto Schachlernen) f\u00fcr Caissa zu opfern! Wir werden 2021 sicher wieder mit Matthias Wahls Weiterbildung f\u00fcr Berliner Schachfreunde anbieten. Macht mit, es lohnt sich!<\/p>\n<p style=\"text-align: justify;\">Eine Anmerkung noch zur Corona-Situation: Im gro\u00dfen Saal k\u00f6nnen wir nach Hygienekonzept mit bis zu 20 Spielern spielen. Im Blauen Salon d\u00fcrfen 12 Personen gleichzeitig anwesend sein. Mehr als 32 Spieler kommen an den allermeisten Freitagen nicht ins Hal.<\/p>\n<p style=\"text-align: justify;\">Am Seminar im Gro\u00dfen Saal nahmen insgesamt 12 Sch\u00e4cher teil. Der Abstand konnte gut gewahrt werden und die Teilnehmer waren sehr diszipliniert. Die Bereitstellung von Desinfektionsmitteln und, falls vom Spieler vergessen, auch Schnutenpullis (Mund-Nase-Masken) sorgt f\u00fcr die Einhaltung der Sicherheitsregeln. Der Spielbetrieb am Freitagabend kann meiner Meinung nach bei Einhaltung der Regeln bald wieder starten. Einige Kinder und Jugendlichen haben bereits am 18. September wieder mit dem Pr\u00e4senztraining im HaL begonnnen.<\/p>\n<p style=\"text-align: justify;\">Das Schachleben bl\u00fcht im Herbst langsam wieder auf, nachdem es im Fr\u00fchling verwelkte. Zurzeit ist halt alles anders als sonst. Aber die Weisse Dame wird (bekanntlich und nat\u00fcrlich) nicht untergeh\u2019n!<\/p>\n","protected":false},"excerpt":{"rendered":"<p>Kurz vor dem Corona-Lockdown des Clubs fand am 29. Februar \/ 1. M\u00e4rz 2020 das erste Wahls-Seminar in den R\u00e4umen des Haus am Lietzensee (HaL) statt. Am 12. M\u00e4rz beschloss &hellip; <a href=\"http:\/\/sc-weisse-dame.de\/v3\/2020\/09\/bericht-ueber-das-2-seminar-mit-gm-wahls-das-eroeffnungsstudium\/\" class=\"more-link\"><span class=\"screen-reader-text\">Bericht \u00fcber das 2. Seminar mit GM Wahls: Das Er\u00f6ffnungsstudium<\/span> weiterlesen <span class=\"meta-nav\">&rarr;<\/span><\/a><\/p>\n","protected":false},"author":16,"featured_media":0,"comment_status":"open","ping_status":"closed","sticky":false,"template":"","format":"standard","meta":{"_price":"","_stock":"","_tribe_ticket_header":"","_tribe_default_ticket_provider":"","_tribe_ticket_capacity":"0","_ticket_start_date":"","_ticket_end_date":"","_tribe_ticket_show_description":"","_tribe_ticket_show_not_going":false,"_tribe_ticket_use_global_stock":"","_tribe_ticket_global_stock_level":"","_global_stock_mode":"","_global_stock_cap":"","_tribe_rsvp_for_event":"","_tribe_ticket_going_count":"","_tribe_ticket_not_going_count":"","_tribe_tickets_list":"[]","_tribe_ticket_has_attendee_info_fields":false,"footnotes":""},"categories":[12],"tags":[],"coauthors":[62,49],"class_list":["post-17388","post","type-post","status-publish","format-standard","hentry","category-training"],"yoast_head":"<!-- This site is optimized with the Yoast SEO plugin v27.4 - https:\/\/yoast.com\/product\/yoast-seo-wordpress\/ -->\n<title>Bericht \u00fcber das 2. Seminar mit GM Wahls: Das Er\u00f6ffnungsstudium - SC Weisse Dame e. V.<\/title>\n<meta name=\"robots\" content=\"index, follow, max-snippet:-1, max-image-preview:large, max-video-preview:-1\" \/>\n<link rel=\"canonical\" href=\"http:\/\/sc-weisse-dame.de\/v3\/2020\/09\/bericht-ueber-das-2-seminar-mit-gm-wahls-das-eroeffnungsstudium\/\" \/>\n<meta property=\"og:locale\" content=\"de_DE\" \/>\n<meta property=\"og:type\" content=\"article\" \/>\n<meta property=\"og:title\" content=\"Bericht \u00fcber das 2. Seminar mit GM Wahls: Das Er\u00f6ffnungsstudium - SC Weisse Dame e. V.\" \/>\n<meta property=\"og:description\" content=\"Kurz vor dem Corona-Lockdown des Clubs fand am 29. Februar \/ 1. M\u00e4rz 2020 das erste Wahls-Seminar in den R\u00e4umen des Haus am Lietzensee (HaL) statt. Am 12. M\u00e4rz beschloss &hellip; Bericht \u00fcber das 2. Seminar mit GM Wahls: Das Er\u00f6ffnungsstudium weiterlesen &rarr;\" \/>\n<meta property=\"og:url\" content=\"http:\/\/sc-weisse-dame.de\/v3\/2020\/09\/bericht-ueber-das-2-seminar-mit-gm-wahls-das-eroeffnungsstudium\/\" \/>\n<meta property=\"og:site_name\" content=\"SC Weisse Dame e. V.\" \/>\n<meta property=\"article:published_time\" content=\"2020-09-21T17:25:52+00:00\" \/>\n<meta property=\"article:modified_time\" content=\"2021-02-06T14:17:32+00:00\" \/>\n<meta property=\"og:image\" content=\"http:\/\/sc-weisse-dame.de\/v3\/wp-content\/uploads\/2020\/09\/IMG_20200913_170342269-GM-Wahls-heller-kontra-1.jpg\" \/>\n<meta name=\"author\" content=\"Cord Wischh\u00f6fer, Thorsten Gro\u00df\" \/>\n<meta name=\"twitter:card\" content=\"summary_large_image\" \/>\n<meta name=\"twitter:label1\" content=\"Verfasst von\" \/>\n\t<meta name=\"twitter:data1\" content=\"Cord Wischh\u00f6fer\" \/>\n\t<meta name=\"twitter:label2\" content=\"Gesch\u00e4tzte Lesezeit\" \/>\n\t<meta name=\"twitter:data2\" content=\"3\u00a0Minuten\" \/>\n\t<meta name=\"twitter:label3\" content=\"Written by\" \/>\n\t<meta name=\"twitter:data3\" content=\"Cord Wischh\u00f6fer, Thorsten Gro\u00df\" \/>\n<script type=\"application\/ld+json\" class=\"yoast-schema-graph\">{\"@context\":\"https:\\\/\\\/schema.org\",\"@graph\":[{\"@type\":\"Article\",\"@id\":\"http:\\\/\\\/sc-weisse-dame.de\\\/v3\\\/2020\\\/09\\\/bericht-ueber-das-2-seminar-mit-gm-wahls-das-eroeffnungsstudium\\\/#article\",\"isPartOf\":{\"@id\":\"http:\\\/\\\/sc-weisse-dame.de\\\/v3\\\/2020\\\/09\\\/bericht-ueber-das-2-seminar-mit-gm-wahls-das-eroeffnungsstudium\\\/\"},\"author\":{\"name\":\"Cord Wischh\u00f6fer\",\"@id\":\"http:\\\/\\\/sc-weisse-dame.de\\\/v3\\\/#\\\/schema\\\/person\\\/22d8290f4966126d469fedd8ded0d5d5\"},\"headline\":\"Bericht \u00fcber das 2. Seminar mit GM Wahls: Das Er\u00f6ffnungsstudium\",\"datePublished\":\"2020-09-21T17:25:52+00:00\",\"dateModified\":\"2021-02-06T14:17:32+00:00\",\"mainEntityOfPage\":{\"@id\":\"http:\\\/\\\/sc-weisse-dame.de\\\/v3\\\/2020\\\/09\\\/bericht-ueber-das-2-seminar-mit-gm-wahls-das-eroeffnungsstudium\\\/\"},\"wordCount\":518,\"commentCount\":0,\"image\":{\"@id\":\"http:\\\/\\\/sc-weisse-dame.de\\\/v3\\\/2020\\\/09\\\/bericht-ueber-das-2-seminar-mit-gm-wahls-das-eroeffnungsstudium\\\/#primaryimage\"},\"thumbnailUrl\":\"http:\\\/\\\/sc-weisse-dame.de\\\/v3\\\/wp-content\\\/uploads\\\/2020\\\/09\\\/IMG_20200913_170342269-GM-Wahls-heller-kontra-1.jpg\",\"articleSection\":[\"Training\"],\"inLanguage\":\"de\",\"potentialAction\":[{\"@type\":\"CommentAction\",\"name\":\"Comment\",\"target\":[\"http:\\\/\\\/sc-weisse-dame.de\\\/v3\\\/2020\\\/09\\\/bericht-ueber-das-2-seminar-mit-gm-wahls-das-eroeffnungsstudium\\\/#respond\"]}]},{\"@type\":\"WebPage\",\"@id\":\"http:\\\/\\\/sc-weisse-dame.de\\\/v3\\\/2020\\\/09\\\/bericht-ueber-das-2-seminar-mit-gm-wahls-das-eroeffnungsstudium\\\/\",\"url\":\"http:\\\/\\\/sc-weisse-dame.de\\\/v3\\\/2020\\\/09\\\/bericht-ueber-das-2-seminar-mit-gm-wahls-das-eroeffnungsstudium\\\/\",\"name\":\"Bericht \u00fcber das 2. Seminar mit GM Wahls: Das Er\u00f6ffnungsstudium - SC Weisse Dame e. V.\",\"isPartOf\":{\"@id\":\"http:\\\/\\\/sc-weisse-dame.de\\\/v3\\\/#website\"},\"primaryImageOfPage\":{\"@id\":\"http:\\\/\\\/sc-weisse-dame.de\\\/v3\\\/2020\\\/09\\\/bericht-ueber-das-2-seminar-mit-gm-wahls-das-eroeffnungsstudium\\\/#primaryimage\"},\"image\":{\"@id\":\"http:\\\/\\\/sc-weisse-dame.de\\\/v3\\\/2020\\\/09\\\/bericht-ueber-das-2-seminar-mit-gm-wahls-das-eroeffnungsstudium\\\/#primaryimage\"},\"thumbnailUrl\":\"http:\\\/\\\/sc-weisse-dame.de\\\/v3\\\/wp-content\\\/uploads\\\/2020\\\/09\\\/IMG_20200913_170342269-GM-Wahls-heller-kontra-1.jpg\",\"datePublished\":\"2020-09-21T17:25:52+00:00\",\"dateModified\":\"2021-02-06T14:17:32+00:00\",\"author\":{\"@id\":\"http:\\\/\\\/sc-weisse-dame.de\\\/v3\\\/#\\\/schema\\\/person\\\/22d8290f4966126d469fedd8ded0d5d5\"},\"breadcrumb\":{\"@id\":\"http:\\\/\\\/sc-weisse-dame.de\\\/v3\\\/2020\\\/09\\\/bericht-ueber-das-2-seminar-mit-gm-wahls-das-eroeffnungsstudium\\\/#breadcrumb\"},\"inLanguage\":\"de\",\"potentialAction\":[{\"@type\":\"ReadAction\",\"target\":[\"http:\\\/\\\/sc-weisse-dame.de\\\/v3\\\/2020\\\/09\\\/bericht-ueber-das-2-seminar-mit-gm-wahls-das-eroeffnungsstudium\\\/\"]}]},{\"@type\":\"ImageObject\",\"inLanguage\":\"de\",\"@id\":\"http:\\\/\\\/sc-weisse-dame.de\\\/v3\\\/2020\\\/09\\\/bericht-ueber-das-2-seminar-mit-gm-wahls-das-eroeffnungsstudium\\\/#primaryimage\",\"url\":\"http:\\\/\\\/sc-weisse-dame.de\\\/v3\\\/wp-content\\\/uploads\\\/2020\\\/09\\\/IMG_20200913_170342269-GM-Wahls-heller-kontra-1.jpg\",\"contentUrl\":\"http:\\\/\\\/sc-weisse-dame.de\\\/v3\\\/wp-content\\\/uploads\\\/2020\\\/09\\\/IMG_20200913_170342269-GM-Wahls-heller-kontra-1.jpg\",\"width\":1881,\"height\":1467},{\"@type\":\"BreadcrumbList\",\"@id\":\"http:\\\/\\\/sc-weisse-dame.de\\\/v3\\\/2020\\\/09\\\/bericht-ueber-das-2-seminar-mit-gm-wahls-das-eroeffnungsstudium\\\/#breadcrumb\",\"itemListElement\":[{\"@type\":\"ListItem\",\"position\":1,\"name\":\"Startseite\",\"item\":\"http:\\\/\\\/sc-weisse-dame.de\\\/v3\\\/\"},{\"@type\":\"ListItem\",\"position\":2,\"name\":\"Bericht \u00fcber das 2. Seminar mit GM Wahls: Das Er\u00f6ffnungsstudium\"}]},{\"@type\":\"WebSite\",\"@id\":\"http:\\\/\\\/sc-weisse-dame.de\\\/v3\\\/#website\",\"url\":\"http:\\\/\\\/sc-weisse-dame.de\\\/v3\\\/\",\"name\":\"SC Weisse Dame e. V.\",\"description\":\"Herzlich Willkommen!\",\"potentialAction\":[{\"@type\":\"SearchAction\",\"target\":{\"@type\":\"EntryPoint\",\"urlTemplate\":\"http:\\\/\\\/sc-weisse-dame.de\\\/v3\\\/?s={search_term_string}\"},\"query-input\":{\"@type\":\"PropertyValueSpecification\",\"valueRequired\":true,\"valueName\":\"search_term_string\"}}],\"inLanguage\":\"de\"},{\"@type\":\"Person\",\"@id\":\"http:\\\/\\\/sc-weisse-dame.de\\\/v3\\\/#\\\/schema\\\/person\\\/22d8290f4966126d469fedd8ded0d5d5\",\"name\":\"Cord Wischh\u00f6fer\",\"url\":\"http:\\\/\\\/sc-weisse-dame.de\\\/v3\\\/author\\\/cord_wischhoefer\\\/\"}]}<\/script>\n<!-- \/ Yoast SEO plugin. -->","yoast_head_json":{"title":"Bericht \u00fcber das 2. Seminar mit GM Wahls: Das Er\u00f6ffnungsstudium - SC Weisse Dame e. V.","robots":{"index":"index","follow":"follow","max-snippet":"max-snippet:-1","max-image-preview":"max-image-preview:large","max-video-preview":"max-video-preview:-1"},"canonical":"http:\/\/sc-weisse-dame.de\/v3\/2020\/09\/bericht-ueber-das-2-seminar-mit-gm-wahls-das-eroeffnungsstudium\/","og_locale":"de_DE","og_type":"article","og_title":"Bericht \u00fcber das 2. Seminar mit GM Wahls: Das Er\u00f6ffnungsstudium - SC Weisse Dame e. V.","og_description":"Kurz vor dem Corona-Lockdown des Clubs fand am 29. Februar \/ 1. M\u00e4rz 2020 das erste Wahls-Seminar in den R\u00e4umen des Haus am Lietzensee (HaL) statt. Am 12. M\u00e4rz beschloss &hellip; Bericht \u00fcber das 2. Seminar mit GM Wahls: Das Er\u00f6ffnungsstudium weiterlesen &rarr;","og_url":"http:\/\/sc-weisse-dame.de\/v3\/2020\/09\/bericht-ueber-das-2-seminar-mit-gm-wahls-das-eroeffnungsstudium\/","og_site_name":"SC Weisse Dame e. V.","article_published_time":"2020-09-21T17:25:52+00:00","article_modified_time":"2021-02-06T14:17:32+00:00","og_image":[{"url":"http:\/\/sc-weisse-dame.de\/v3\/wp-content\/uploads\/2020\/09\/IMG_20200913_170342269-GM-Wahls-heller-kontra-1.jpg","type":"","width":"","height":""}],"author":"Cord Wischh\u00f6fer, Thorsten Gro\u00df","twitter_card":"summary_large_image","twitter_misc":{"Verfasst von":"Cord Wischh\u00f6fer","Gesch\u00e4tzte Lesezeit":"3\u00a0Minuten","Written by":"Cord Wischh\u00f6fer, Thorsten Gro\u00df"},"schema":{"@context":"https:\/\/schema.org","@graph":[{"@type":"Article","@id":"http:\/\/sc-weisse-dame.de\/v3\/2020\/09\/bericht-ueber-das-2-seminar-mit-gm-wahls-das-eroeffnungsstudium\/#article","isPartOf":{"@id":"http:\/\/sc-weisse-dame.de\/v3\/2020\/09\/bericht-ueber-das-2-seminar-mit-gm-wahls-das-eroeffnungsstudium\/"},"author":{"name":"Cord Wischh\u00f6fer","@id":"http:\/\/sc-weisse-dame.de\/v3\/#\/schema\/person\/22d8290f4966126d469fedd8ded0d5d5"},"headline":"Bericht \u00fcber das 2. Seminar mit GM Wahls: Das Er\u00f6ffnungsstudium","datePublished":"2020-09-21T17:25:52+00:00","dateModified":"2021-02-06T14:17:32+00:00","mainEntityOfPage":{"@id":"http:\/\/sc-weisse-dame.de\/v3\/2020\/09\/bericht-ueber-das-2-seminar-mit-gm-wahls-das-eroeffnungsstudium\/"},"wordCount":518,"commentCount":0,"image":{"@id":"http:\/\/sc-weisse-dame.de\/v3\/2020\/09\/bericht-ueber-das-2-seminar-mit-gm-wahls-das-eroeffnungsstudium\/#primaryimage"},"thumbnailUrl":"http:\/\/sc-weisse-dame.de\/v3\/wp-content\/uploads\/2020\/09\/IMG_20200913_170342269-GM-Wahls-heller-kontra-1.jpg","articleSection":["Training"],"inLanguage":"de","potentialAction":[{"@type":"CommentAction","name":"Comment","target":["http:\/\/sc-weisse-dame.de\/v3\/2020\/09\/bericht-ueber-das-2-seminar-mit-gm-wahls-das-eroeffnungsstudium\/#respond"]}]},{"@type":"WebPage","@id":"http:\/\/sc-weisse-dame.de\/v3\/2020\/09\/bericht-ueber-das-2-seminar-mit-gm-wahls-das-eroeffnungsstudium\/","url":"http:\/\/sc-weisse-dame.de\/v3\/2020\/09\/bericht-ueber-das-2-seminar-mit-gm-wahls-das-eroeffnungsstudium\/","name":"Bericht \u00fcber das 2. Seminar mit GM Wahls: Das Er\u00f6ffnungsstudium - SC Weisse Dame e. V.","isPartOf":{"@id":"http:\/\/sc-weisse-dame.de\/v3\/#website"},"primaryImageOfPage":{"@id":"http:\/\/sc-weisse-dame.de\/v3\/2020\/09\/bericht-ueber-das-2-seminar-mit-gm-wahls-das-eroeffnungsstudium\/#primaryimage"},"image":{"@id":"http:\/\/sc-weisse-dame.de\/v3\/2020\/09\/bericht-ueber-das-2-seminar-mit-gm-wahls-das-eroeffnungsstudium\/#primaryimage"},"thumbnailUrl":"http:\/\/sc-weisse-dame.de\/v3\/wp-content\/uploads\/2020\/09\/IMG_20200913_170342269-GM-Wahls-heller-kontra-1.jpg","datePublished":"2020-09-21T17:25:52+00:00","dateModified":"2021-02-06T14:17:32+00:00","author":{"@id":"http:\/\/sc-weisse-dame.de\/v3\/#\/schema\/person\/22d8290f4966126d469fedd8ded0d5d5"},"breadcrumb":{"@id":"http:\/\/sc-weisse-dame.de\/v3\/2020\/09\/bericht-ueber-das-2-seminar-mit-gm-wahls-das-eroeffnungsstudium\/#breadcrumb"},"inLanguage":"de","potentialAction":[{"@type":"ReadAction","target":["http:\/\/sc-weisse-dame.de\/v3\/2020\/09\/bericht-ueber-das-2-seminar-mit-gm-wahls-das-eroeffnungsstudium\/"]}]},{"@type":"ImageObject","inLanguage":"de","@id":"http:\/\/sc-weisse-dame.de\/v3\/2020\/09\/bericht-ueber-das-2-seminar-mit-gm-wahls-das-eroeffnungsstudium\/#primaryimage","url":"http:\/\/sc-weisse-dame.de\/v3\/wp-content\/uploads\/2020\/09\/IMG_20200913_170342269-GM-Wahls-heller-kontra-1.jpg","contentUrl":"http:\/\/sc-weisse-dame.de\/v3\/wp-content\/uploads\/2020\/09\/IMG_20200913_170342269-GM-Wahls-heller-kontra-1.jpg","width":1881,"height":1467},{"@type":"BreadcrumbList","@id":"http:\/\/sc-weisse-dame.de\/v3\/2020\/09\/bericht-ueber-das-2-seminar-mit-gm-wahls-das-eroeffnungsstudium\/#breadcrumb","itemListElement":[{"@type":"ListItem","position":1,"name":"Startseite","item":"http:\/\/sc-weisse-dame.de\/v3\/"},{"@type":"ListItem","position":2,"name":"Bericht \u00fcber das 2. Seminar mit GM Wahls: Das Er\u00f6ffnungsstudium"}]},{"@type":"WebSite","@id":"http:\/\/sc-weisse-dame.de\/v3\/#website","url":"http:\/\/sc-weisse-dame.de\/v3\/","name":"SC Weisse Dame e. V.","description":"Herzlich Willkommen!","potentialAction":[{"@type":"SearchAction","target":{"@type":"EntryPoint","urlTemplate":"http:\/\/sc-weisse-dame.de\/v3\/?s={search_term_string}"},"query-input":{"@type":"PropertyValueSpecification","valueRequired":true,"valueName":"search_term_string"}}],"inLanguage":"de"},{"@type":"Person","@id":"http:\/\/sc-weisse-dame.de\/v3\/#\/schema\/person\/22d8290f4966126d469fedd8ded0d5d5","name":"Cord Wischh\u00f6fer","url":"http:\/\/sc-weisse-dame.de\/v3\/author\/cord_wischhoefer\/"}]}},"_links":{"self":[{"href":"http:\/\/sc-weisse-dame.de\/v3\/wp-json\/wp\/v2\/posts\/17388","targetHints":{"allow":["GET"]}}],"collection":[{"href":"http:\/\/sc-weisse-dame.de\/v3\/wp-json\/wp\/v2\/posts"}],"about":[{"href":"http:\/\/sc-weisse-dame.de\/v3\/wp-json\/wp\/v2\/types\/post"}],"author":[{"embeddable":true,"href":"http:\/\/sc-weisse-dame.de\/v3\/wp-json\/wp\/v2\/users\/16"}],"replies":[{"embeddable":true,"href":"http:\/\/sc-weisse-dame.de\/v3\/wp-json\/wp\/v2\/comments?post=17388"}],"version-history":[{"count":7,"href":"http:\/\/sc-weisse-dame.de\/v3\/wp-json\/wp\/v2\/posts\/17388\/revisions"}],"predecessor-version":[{"id":17443,"href":"http:\/\/sc-weisse-dame.de\/v3\/wp-json\/wp\/v2\/posts\/17388\/revisions\/17443"}],"wp:attachment":[{"href":"http:\/\/sc-weisse-dame.de\/v3\/wp-json\/wp\/v2\/media?parent=17388"}],"wp:term":[{"taxonomy":"category","embeddable":true,"href":"http:\/\/sc-weisse-dame.de\/v3\/wp-json\/wp\/v2\/categories?post=17388"},{"taxonomy":"post_tag","embeddable":true,"href":"http:\/\/sc-weisse-dame.de\/v3\/wp-json\/wp\/v2\/tags?post=17388"},{"taxonomy":"author","embeddable":true,"href":"http:\/\/sc-weisse-dame.de\/v3\/wp-json\/wp\/v2\/coauthors?post=17388"}],"curies":[{"name":"wp","href":"https:\/\/api.w.org\/{rel}","templated":true}]}}