{"id":1667,"date":"2016-09-05T23:30:16","date_gmt":"2016-09-05T21:30:16","guid":{"rendered":"http:\/\/sc-weisse-dame.de\/v3\/?p=1667"},"modified":"2016-09-10T04:52:58","modified_gmt":"2016-09-10T02:52:58","slug":"6-schachfest-im-berliner-hbf","status":"publish","type":"post","link":"http:\/\/sc-weisse-dame.de\/v3\/2016\/09\/6-schachfest-im-berliner-hbf\/","title":{"rendered":"6. Schachfest im Berliner Hbf."},"content":{"rendered":"<p style=\"text-align: justify;\">Am vergangenen Wochenende (03.\/04. 09.) fand das <strong>6. Schachfest der Emanuel-Lasker-Gesellschaft (ELG) im Berliner Hauptbahnhof<\/strong> statt. Die ELG bot an zwei Tagen ein umfangreiches Programm &#8211; u.a. wurden zwei Simultanveranstaltungen mit <strong>GM Alexander Donchenko<\/strong> und <strong>WIM Josefine Heinemann<\/strong> angeboten und ein Schnell- bzw. ein Blitzschachturnier durchgef\u00fchrt.<\/p>\n<p style=\"text-align: justify;\">An den o.g. Veranstaltungen nahmen auch Vereinsmitglieder sowohl aus dem Jugend- als auch aus dem Erwachsenenbereich teil. <!--more--><\/p>\n<p style=\"text-align: justify;\">Im siebenrundigen <strong>Schnellschachturnier<\/strong> mit 42 Teilnehmern am Samstag belegte <strong>Thorsten Gro\u00df<\/strong> mit 5.0 Punkten den 7. Platz, nur einen halben Punkt Vorsprung vor <strong>Josef Gelman<\/strong>, der mit 4.5 Punkten 11. wurde. In der vorletzten Runde trafen beide aufeinander und &#8211; wie der Gro\u00dfe Vorsitzende berichtete &#8211; nur ein Trick in verlorener Stellung verhinderte Josefs Sieg und beide trennten sich unentschieden. Den Grundstein f\u00fcr seine sehr gute Platzierung legte Josef \u00fcbrigens mit Siegen gegen die nicht ganz unbekannten Stephan Bethe und Adis Artukovic. Mit noch einem halben Punkt weniger, d.h. 4.0 Punkten, belegte <strong>Thomas Heerde<\/strong> den 19. Platz. Nach drei Niederlagen in Folge in den Runden 2-4 &#8211; davon eine gegen den sp\u00e4teren Turniersieger <strong>GM Jakob Meister<\/strong> &#8211; legte er mit drei Siegen in Folge doch noch einen nach und sicherte sich den Platz unter den besten 20. Mit <strong>Hakob Kostanyan<\/strong> nahm ein weiterer Jugendlicher teil, der mit insgesamt 3.0 Punkten auf dem 30. Platz landete und immerhin nur gegen st\u00e4rkere Spieler verlor. Erg\u00e4nzend dazu ist Benjamin <strong>Artukovic<\/strong>s Vater <strong>Adis<\/strong> mit 4.0 Punkten 16. geworden.<\/p>\n<p style=\"text-align: justify;\">Am Sonntag spielte <strong>Finn Edlich<\/strong> gemeinsam mit seinem Vater im <strong>Simultan<\/strong> gegen <strong>WIM Josefine Heinemann<\/strong>. An 19 Brettern gewann Josefine 14 Partien, gab 4 Unentschieden ab und musste sich nur einmal geschlagen geben. Leider z\u00e4hlten weder Finn noch sein Vater zu denjenigen, die der Internationalen Meisterin einen Punkt abnehmen konnten.<\/p>\n<p style=\"text-align: justify;\">Ebenfalls am Sonntag fand das elfrundige <strong>Blitztunier<\/strong> unter Beteiligung von drei WeDa-Jugendlichen statt: <strong>Hakob Kostanyan<\/strong> war dabei am erfolgreichsten; er landete mit 6.0 Punkten auf dem 14. Platz. Auch die Geschwister <strong>Laeticia<\/strong> und <strong>Lionel Kr\u00fcger<\/strong> versuchten sich das erste Mal an einem externen Blitzturnier: Lionel holte am Ende 2.0 Punkte und landete auf Platz 32. Dabei gewann er u.a. gegen seine j\u00fcngere Schwester. Laeticia kam am Ende auf einen Punkt &#8211; f\u00fcr sie war es eines der ersten &#8222;richtigen&#8220; Turniere. Auch beim Blitzen nahm <strong>Adis Artukovic<\/strong> teil; mit 7.0 Punkten landete er auf dem 6. Platz.<\/p>\n<p style=\"text-align: justify;\">Die vollst\u00e4ndigen Abschlusstabellen und alle weiteren Ergebnisse und Informationen (u.a. Einzelergebnisse der Simultans, Ansetzungen\/Ergebnisse bei Blitz- und Schnellschach) k\u00f6nnen auf der <a href=\"http:\/\/www.fvschach.de\/2016_17\/elg_zug_um_zug_2016.htm\">Turnierseite<\/a> nachgelesen werden.<\/p>\n","protected":false},"excerpt":{"rendered":"<p>Am vergangenen Wochenende (03.\/04. 09.) fand das 6. Schachfest der Emanuel-Lasker-Gesellschaft (ELG) im Berliner Hauptbahnhof statt. Die ELG bot an zwei Tagen ein umfangreiches Programm &#8211; u.a. wurden zwei Simultanveranstaltungen &hellip; <a href=\"http:\/\/sc-weisse-dame.de\/v3\/2016\/09\/6-schachfest-im-berliner-hbf\/\" class=\"more-link\"><span class=\"screen-reader-text\">6. Schachfest im Berliner Hbf.<\/span> weiterlesen <span class=\"meta-nav\">&rarr;<\/span><\/a><\/p>\n","protected":false},"author":2,"featured_media":0,"comment_status":"closed","ping_status":"closed","sticky":false,"template":"","format":"standard","meta":{"_price":"","_stock":"","_tribe_ticket_header":"","_tribe_default_ticket_provider":"","_tribe_ticket_capacity":"0","_ticket_start_date":"","_ticket_end_date":"","_tribe_ticket_show_description":"","_tribe_ticket_show_not_going":false,"_tribe_ticket_use_global_stock":"","_tribe_ticket_global_stock_level":"","_global_stock_mode":"","_global_stock_cap":"","_tribe_rsvp_for_event":"","_tribe_ticket_going_count":"","_tribe_ticket_not_going_count":"","_tribe_tickets_list":"[]","_tribe_ticket_has_attendee_info_fields":false,"footnotes":""},"categories":[20,32],"tags":[],"coauthors":[47],"class_list":["post-1667","post","type-post","status-publish","format-standard","hentry","category-jugend","category-weda-unterwegs"],"yoast_head":"<!-- This site is optimized with the Yoast SEO plugin v27.4 - https:\/\/yoast.com\/product\/yoast-seo-wordpress\/ -->\n<title>6. Schachfest im Berliner Hbf. - SC Weisse Dame e. V.<\/title>\n<meta name=\"robots\" content=\"index, follow, max-snippet:-1, max-image-preview:large, max-video-preview:-1\" \/>\n<link rel=\"canonical\" href=\"http:\/\/sc-weisse-dame.de\/v3\/2016\/09\/6-schachfest-im-berliner-hbf\/\" \/>\n<meta property=\"og:locale\" content=\"de_DE\" \/>\n<meta property=\"og:type\" content=\"article\" \/>\n<meta property=\"og:title\" content=\"6. Schachfest im Berliner Hbf. - SC Weisse Dame e. V.\" \/>\n<meta property=\"og:description\" content=\"Am vergangenen Wochenende (03.\/04. 09.) fand das 6. Schachfest der Emanuel-Lasker-Gesellschaft (ELG) im Berliner Hauptbahnhof statt. Die ELG bot an zwei Tagen ein umfangreiches Programm &#8211; u.a. wurden zwei Simultanveranstaltungen &hellip; 6. Schachfest im Berliner Hbf. weiterlesen &rarr;\" \/>\n<meta property=\"og:url\" content=\"http:\/\/sc-weisse-dame.de\/v3\/2016\/09\/6-schachfest-im-berliner-hbf\/\" \/>\n<meta property=\"og:site_name\" content=\"SC Weisse Dame e. V.\" \/>\n<meta property=\"article:published_time\" content=\"2016-09-05T21:30:16+00:00\" \/>\n<meta property=\"article:modified_time\" content=\"2016-09-10T02:52:58+00:00\" \/>\n<meta name=\"author\" content=\"Claudia M\u00fcnstermann\" \/>\n<meta name=\"twitter:card\" content=\"summary_large_image\" \/>\n<meta name=\"twitter:label1\" content=\"Verfasst von\" \/>\n\t<meta name=\"twitter:data1\" content=\"Claudia M\u00fcnstermann\" \/>\n\t<meta name=\"twitter:label2\" content=\"Gesch\u00e4tzte Lesezeit\" \/>\n\t<meta name=\"twitter:data2\" content=\"2\u00a0Minuten\" \/>\n\t<meta name=\"twitter:label3\" content=\"Written by\" \/>\n\t<meta name=\"twitter:data3\" content=\"Claudia M\u00fcnstermann\" \/>\n<script type=\"application\/ld+json\" class=\"yoast-schema-graph\">{\"@context\":\"https:\\\/\\\/schema.org\",\"@graph\":[{\"@type\":\"Article\",\"@id\":\"http:\\\/\\\/sc-weisse-dame.de\\\/v3\\\/2016\\\/09\\\/6-schachfest-im-berliner-hbf\\\/#article\",\"isPartOf\":{\"@id\":\"http:\\\/\\\/sc-weisse-dame.de\\\/v3\\\/2016\\\/09\\\/6-schachfest-im-berliner-hbf\\\/\"},\"author\":{\"name\":\"Claudia M\u00fcnstermann\",\"@id\":\"http:\\\/\\\/sc-weisse-dame.de\\\/v3\\\/#\\\/schema\\\/person\\\/1703a3cc46301ab8345eabbe22b28f8a\"},\"headline\":\"6. Schachfest im Berliner Hbf.\",\"datePublished\":\"2016-09-05T21:30:16+00:00\",\"dateModified\":\"2016-09-10T02:52:58+00:00\",\"mainEntityOfPage\":{\"@id\":\"http:\\\/\\\/sc-weisse-dame.de\\\/v3\\\/2016\\\/09\\\/6-schachfest-im-berliner-hbf\\\/\"},\"wordCount\":405,\"articleSection\":[\"Jugend\",\"WeDa unterwegs\"],\"inLanguage\":\"de\"},{\"@type\":\"WebPage\",\"@id\":\"http:\\\/\\\/sc-weisse-dame.de\\\/v3\\\/2016\\\/09\\\/6-schachfest-im-berliner-hbf\\\/\",\"url\":\"http:\\\/\\\/sc-weisse-dame.de\\\/v3\\\/2016\\\/09\\\/6-schachfest-im-berliner-hbf\\\/\",\"name\":\"6. Schachfest im Berliner Hbf. - SC Weisse Dame e. V.\",\"isPartOf\":{\"@id\":\"http:\\\/\\\/sc-weisse-dame.de\\\/v3\\\/#website\"},\"datePublished\":\"2016-09-05T21:30:16+00:00\",\"dateModified\":\"2016-09-10T02:52:58+00:00\",\"author\":{\"@id\":\"http:\\\/\\\/sc-weisse-dame.de\\\/v3\\\/#\\\/schema\\\/person\\\/1703a3cc46301ab8345eabbe22b28f8a\"},\"breadcrumb\":{\"@id\":\"http:\\\/\\\/sc-weisse-dame.de\\\/v3\\\/2016\\\/09\\\/6-schachfest-im-berliner-hbf\\\/#breadcrumb\"},\"inLanguage\":\"de\",\"potentialAction\":[{\"@type\":\"ReadAction\",\"target\":[\"http:\\\/\\\/sc-weisse-dame.de\\\/v3\\\/2016\\\/09\\\/6-schachfest-im-berliner-hbf\\\/\"]}]},{\"@type\":\"BreadcrumbList\",\"@id\":\"http:\\\/\\\/sc-weisse-dame.de\\\/v3\\\/2016\\\/09\\\/6-schachfest-im-berliner-hbf\\\/#breadcrumb\",\"itemListElement\":[{\"@type\":\"ListItem\",\"position\":1,\"name\":\"Startseite\",\"item\":\"http:\\\/\\\/sc-weisse-dame.de\\\/v3\\\/\"},{\"@type\":\"ListItem\",\"position\":2,\"name\":\"6. Schachfest im Berliner Hbf.\"}]},{\"@type\":\"WebSite\",\"@id\":\"http:\\\/\\\/sc-weisse-dame.de\\\/v3\\\/#website\",\"url\":\"http:\\\/\\\/sc-weisse-dame.de\\\/v3\\\/\",\"name\":\"SC Weisse Dame e. V.\",\"description\":\"Herzlich Willkommen!\",\"potentialAction\":[{\"@type\":\"SearchAction\",\"target\":{\"@type\":\"EntryPoint\",\"urlTemplate\":\"http:\\\/\\\/sc-weisse-dame.de\\\/v3\\\/?s={search_term_string}\"},\"query-input\":{\"@type\":\"PropertyValueSpecification\",\"valueRequired\":true,\"valueName\":\"search_term_string\"}}],\"inLanguage\":\"de\"},{\"@type\":\"Person\",\"@id\":\"http:\\\/\\\/sc-weisse-dame.de\\\/v3\\\/#\\\/schema\\\/person\\\/1703a3cc46301ab8345eabbe22b28f8a\",\"name\":\"Claudia M\u00fcnstermann\",\"url\":\"http:\\\/\\\/sc-weisse-dame.de\\\/v3\\\/author\\\/claudia_muenstermann\\\/\"}]}<\/script>\n<!-- \/ Yoast SEO plugin. -->","yoast_head_json":{"title":"6. Schachfest im Berliner Hbf. - SC Weisse Dame e. V.","robots":{"index":"index","follow":"follow","max-snippet":"max-snippet:-1","max-image-preview":"max-image-preview:large","max-video-preview":"max-video-preview:-1"},"canonical":"http:\/\/sc-weisse-dame.de\/v3\/2016\/09\/6-schachfest-im-berliner-hbf\/","og_locale":"de_DE","og_type":"article","og_title":"6. Schachfest im Berliner Hbf. - SC Weisse Dame e. V.","og_description":"Am vergangenen Wochenende (03.\/04. 09.) fand das 6. Schachfest der Emanuel-Lasker-Gesellschaft (ELG) im Berliner Hauptbahnhof statt. Die ELG bot an zwei Tagen ein umfangreiches Programm &#8211; u.a. wurden zwei Simultanveranstaltungen &hellip; 6. Schachfest im Berliner Hbf. weiterlesen &rarr;","og_url":"http:\/\/sc-weisse-dame.de\/v3\/2016\/09\/6-schachfest-im-berliner-hbf\/","og_site_name":"SC Weisse Dame e. V.","article_published_time":"2016-09-05T21:30:16+00:00","article_modified_time":"2016-09-10T02:52:58+00:00","author":"Claudia M\u00fcnstermann","twitter_card":"summary_large_image","twitter_misc":{"Verfasst von":"Claudia M\u00fcnstermann","Gesch\u00e4tzte Lesezeit":"2\u00a0Minuten","Written by":"Claudia M\u00fcnstermann"},"schema":{"@context":"https:\/\/schema.org","@graph":[{"@type":"Article","@id":"http:\/\/sc-weisse-dame.de\/v3\/2016\/09\/6-schachfest-im-berliner-hbf\/#article","isPartOf":{"@id":"http:\/\/sc-weisse-dame.de\/v3\/2016\/09\/6-schachfest-im-berliner-hbf\/"},"author":{"name":"Claudia M\u00fcnstermann","@id":"http:\/\/sc-weisse-dame.de\/v3\/#\/schema\/person\/1703a3cc46301ab8345eabbe22b28f8a"},"headline":"6. Schachfest im Berliner Hbf.","datePublished":"2016-09-05T21:30:16+00:00","dateModified":"2016-09-10T02:52:58+00:00","mainEntityOfPage":{"@id":"http:\/\/sc-weisse-dame.de\/v3\/2016\/09\/6-schachfest-im-berliner-hbf\/"},"wordCount":405,"articleSection":["Jugend","WeDa unterwegs"],"inLanguage":"de"},{"@type":"WebPage","@id":"http:\/\/sc-weisse-dame.de\/v3\/2016\/09\/6-schachfest-im-berliner-hbf\/","url":"http:\/\/sc-weisse-dame.de\/v3\/2016\/09\/6-schachfest-im-berliner-hbf\/","name":"6. Schachfest im Berliner Hbf. - SC Weisse Dame e. V.","isPartOf":{"@id":"http:\/\/sc-weisse-dame.de\/v3\/#website"},"datePublished":"2016-09-05T21:30:16+00:00","dateModified":"2016-09-10T02:52:58+00:00","author":{"@id":"http:\/\/sc-weisse-dame.de\/v3\/#\/schema\/person\/1703a3cc46301ab8345eabbe22b28f8a"},"breadcrumb":{"@id":"http:\/\/sc-weisse-dame.de\/v3\/2016\/09\/6-schachfest-im-berliner-hbf\/#breadcrumb"},"inLanguage":"de","potentialAction":[{"@type":"ReadAction","target":["http:\/\/sc-weisse-dame.de\/v3\/2016\/09\/6-schachfest-im-berliner-hbf\/"]}]},{"@type":"BreadcrumbList","@id":"http:\/\/sc-weisse-dame.de\/v3\/2016\/09\/6-schachfest-im-berliner-hbf\/#breadcrumb","itemListElement":[{"@type":"ListItem","position":1,"name":"Startseite","item":"http:\/\/sc-weisse-dame.de\/v3\/"},{"@type":"ListItem","position":2,"name":"6. Schachfest im Berliner Hbf."}]},{"@type":"WebSite","@id":"http:\/\/sc-weisse-dame.de\/v3\/#website","url":"http:\/\/sc-weisse-dame.de\/v3\/","name":"SC Weisse Dame e. V.","description":"Herzlich Willkommen!","potentialAction":[{"@type":"SearchAction","target":{"@type":"EntryPoint","urlTemplate":"http:\/\/sc-weisse-dame.de\/v3\/?s={search_term_string}"},"query-input":{"@type":"PropertyValueSpecification","valueRequired":true,"valueName":"search_term_string"}}],"inLanguage":"de"},{"@type":"Person","@id":"http:\/\/sc-weisse-dame.de\/v3\/#\/schema\/person\/1703a3cc46301ab8345eabbe22b28f8a","name":"Claudia M\u00fcnstermann","url":"http:\/\/sc-weisse-dame.de\/v3\/author\/claudia_muenstermann\/"}]}},"_links":{"self":[{"href":"http:\/\/sc-weisse-dame.de\/v3\/wp-json\/wp\/v2\/posts\/1667","targetHints":{"allow":["GET"]}}],"collection":[{"href":"http:\/\/sc-weisse-dame.de\/v3\/wp-json\/wp\/v2\/posts"}],"about":[{"href":"http:\/\/sc-weisse-dame.de\/v3\/wp-json\/wp\/v2\/types\/post"}],"author":[{"embeddable":true,"href":"http:\/\/sc-weisse-dame.de\/v3\/wp-json\/wp\/v2\/users\/2"}],"replies":[{"embeddable":true,"href":"http:\/\/sc-weisse-dame.de\/v3\/wp-json\/wp\/v2\/comments?post=1667"}],"version-history":[{"count":4,"href":"http:\/\/sc-weisse-dame.de\/v3\/wp-json\/wp\/v2\/posts\/1667\/revisions"}],"predecessor-version":[{"id":1672,"href":"http:\/\/sc-weisse-dame.de\/v3\/wp-json\/wp\/v2\/posts\/1667\/revisions\/1672"}],"wp:attachment":[{"href":"http:\/\/sc-weisse-dame.de\/v3\/wp-json\/wp\/v2\/media?parent=1667"}],"wp:term":[{"taxonomy":"category","embeddable":true,"href":"http:\/\/sc-weisse-dame.de\/v3\/wp-json\/wp\/v2\/categories?post=1667"},{"taxonomy":"post_tag","embeddable":true,"href":"http:\/\/sc-weisse-dame.de\/v3\/wp-json\/wp\/v2\/tags?post=1667"},{"taxonomy":"author","embeddable":true,"href":"http:\/\/sc-weisse-dame.de\/v3\/wp-json\/wp\/v2\/coauthors?post=1667"}],"curies":[{"name":"wp","href":"https:\/\/api.w.org\/{rel}","templated":true}]}}