{"id":16499,"date":"2020-07-12T18:00:30","date_gmt":"2020-07-12T16:00:30","guid":{"rendered":"http:\/\/sc-weisse-dame.de\/v3\/?p=16499"},"modified":"2021-02-06T12:23:00","modified_gmt":"2021-02-06T11:23:00","slug":"q-liga-r20-3-2-2-2-2-2","status":"publish","type":"post","link":"http:\/\/sc-weisse-dame.de\/v3\/2020\/07\/q-liga-r20-3-2-2-2-2-2\/","title":{"rendered":"Q-Liga (R28) &#8211; &#8222;Die R\u00fcckkehr in die 4. Liga&#8220;: Teil 1"},"content":{"rendered":"<p><span style=\"text-decoration: underline;\"><span style=\"color: #0000ff;\"><strong>Q-Liga-Bericht (R28)<\/strong><\/span><\/span><\/p>\n<p style=\"text-align: justify;\">Beinah reflexartig erfolgt nach einem Abstieg der Wunsch die Schmach sofort zu tilgen. Sehr verst\u00e4ndlich &#8211; das Ganze. Aber die Konkurrenz hatte auch noch ein W\u00f6rtchen mitzureden und verweigerte sich unterst\u00fctzender Ma\u00dfnahmen. Dabei sah es mit dem grandiosen Auftritt von <span style=\"color: #0000ff;\"><strong>jka<\/strong> <\/span>(Turnierleistung 2482 &#8211; 57 Punkte &#8211; Platz 2 in der Tageswertung) ganz deutlich nach H\u00f6herem aus, allerdings fehlte der letzte Kick. Auch der erste Einsatz des kurzzeitig in unsere Reihen aufgenommenen \u00f6sterreichischen Freundes von J\u00f6rg &#8222;<em>Jogi<\/em>&#8220; Francke, <span style=\"color: #0000ff;\"><strong>steiraman57<\/strong><\/span>, konnte nicht verhindern, dass das erhoffte Ziel &#8211; letztlich deutlich &#8211; verfehlt wurde. Im \u00dcbrigen bleibt es dabei, dass <span style=\"color: #0000ff;\"><strong>Albertas Klimawiszys<\/strong><\/span> die Zuverl\u00e4ssigkeit schlechthin verk\u00f6rpert und der zweite Anzug\u00a0 &#8211; auch wie immer &#8211; ganz passabel sitzt. Besonderer Erw\u00e4hnung bedarf noch &#8222;<em>Sieben-auf-einen-Streich<\/em>&#8222;-<span style=\"color: #0000ff;\"><strong>Carina_Yasmin_Smith<\/strong><\/span>, der damit die l\u00e4ngste WeDa-Siegesreihe des Tages gelang.<\/p>\n<p style=\"text-align: justify;\">Unsere <strong>Biberacher Freunde<\/strong> konnten wir \u00fcbrigens knapp hinter uns lassen, wobei diese auch gute Endspurtqualit\u00e4ten zeigten, denn zwischenzeitlich musste man schon Sorgen haben, dass hier der Klassenerhalt verfehlt werden k\u00f6nnte. Wurde aber nicht &#8230;<\/p>\n<p style=\"text-align: justify;\">Damit d\u00fcrfen wir uns auf den 2. Anlauf in Richtung 4. Liga freuen, der am kommenden Donnerstag stattfindet:<\/p>\n<p style=\"text-align: justify;\"><span style=\"color: #808080;\"><a href=\"https:\/\/lichess.org\/tournament\/Dg1Gbrww\"><strong><span style=\"color: #0000ff;\">Q-Liga (R29): Donnerstag<\/span>, <span style=\"color: #ff0000;\">16.07.,20:01 \u2013 22:01 Uhr (3 min + 2 sec)<\/span> \u2013 <\/strong><\/a><a href=\"https:\/\/lichess.org\/tournament\/qSMMYHAq\"><span style=\"color: #008000;\"><strong><span style=\"text-decoration: underline;\">Hier geht\u2019s zum Turnier!<\/span><\/strong><\/span><\/a><\/span><\/p>\n<hr \/>\n<p style=\"text-align: justify;\"><!--more--><\/p>\n<p>&nbsp;<\/p>\n<p style=\"text-align: left;\"><span style=\"color: #808080;\"><strong>Q-Liga (R28): Sonntag, 11.07.,<\/strong> <strong>20:01 \u2013 22:01 Uhr (3 min + 0 sec)<\/strong> \u2013 <a style=\"color: #808080;\" href=\"https:\/\/lichess.org\/tournament\/WxTe7vKI\"><span style=\"text-decoration: underline;\"><strong>Hier geht\u2019s zum Turnier!<\/strong><\/span><\/a><\/span><\/p>\n<p><img loading=\"lazy\" decoding=\"async\" class=\"aligncenter wp-image-16507\" src=\"http:\/\/sc-weisse-dame.de\/v3\/wp-content\/uploads\/2020\/07\/Q-Liga-R28-Schlusstabelle.jpg\" alt=\"\" width=\"1000\" height=\"649\" srcset=\"http:\/\/sc-weisse-dame.de\/v3\/wp-content\/uploads\/2020\/07\/Q-Liga-R28-Schlusstabelle.jpg 1349w, http:\/\/sc-weisse-dame.de\/v3\/wp-content\/uploads\/2020\/07\/Q-Liga-R28-Schlusstabelle-600x390.jpg 600w\" sizes=\"auto, (max-width: 1000px) 100vw, 1000px\" \/><\/p>\n","protected":false},"excerpt":{"rendered":"<p>Q-Liga-Bericht (R28) Beinah reflexartig erfolgt nach einem Abstieg der Wunsch die Schmach sofort zu tilgen. Sehr verst\u00e4ndlich &#8211; das Ganze. Aber die Konkurrenz hatte auch noch ein W\u00f6rtchen mitzureden und &hellip; <a href=\"http:\/\/sc-weisse-dame.de\/v3\/2020\/07\/q-liga-r20-3-2-2-2-2-2\/\" class=\"more-link\"><span class=\"screen-reader-text\">Q-Liga (R28) &#8211; &#8222;Die R\u00fcckkehr in die 4. Liga&#8220;: Teil 1<\/span> weiterlesen <span class=\"meta-nav\">&rarr;<\/span><\/a><\/p>\n","protected":false},"author":2,"featured_media":0,"comment_status":"open","ping_status":"closed","sticky":false,"template":"","format":"standard","meta":{"_price":"","_stock":"","_tribe_ticket_header":"","_tribe_default_ticket_provider":"","_tribe_ticket_capacity":"0","_ticket_start_date":"","_ticket_end_date":"","_tribe_ticket_show_description":"","_tribe_ticket_show_not_going":false,"_tribe_ticket_use_global_stock":"","_tribe_ticket_global_stock_level":"","_global_stock_mode":"","_global_stock_cap":"","_tribe_rsvp_for_event":"","_tribe_ticket_going_count":"","_tribe_ticket_not_going_count":"","_tribe_tickets_list":"[]","_tribe_ticket_has_attendee_info_fields":false,"footnotes":""},"categories":[156],"tags":[],"coauthors":[47,49,50],"class_list":["post-16499","post","type-post","status-publish","format-standard","hentry","category-q-liga"],"yoast_head":"<!-- This site is optimized with the Yoast SEO plugin v27.4 - https:\/\/yoast.com\/product\/yoast-seo-wordpress\/ -->\n<title>Q-Liga (R28) - &quot;Die R\u00fcckkehr in die 4. Liga&quot;: Teil 1 - SC Weisse Dame e. V.<\/title>\n<meta name=\"robots\" content=\"index, follow, max-snippet:-1, max-image-preview:large, max-video-preview:-1\" \/>\n<link rel=\"canonical\" href=\"http:\/\/sc-weisse-dame.de\/v3\/2020\/07\/q-liga-r20-3-2-2-2-2-2\/\" \/>\n<meta property=\"og:locale\" content=\"de_DE\" \/>\n<meta property=\"og:type\" content=\"article\" \/>\n<meta property=\"og:title\" content=\"Q-Liga (R28) - &quot;Die R\u00fcckkehr in die 4. Liga&quot;: Teil 1 - SC Weisse Dame e. V.\" \/>\n<meta property=\"og:description\" content=\"Q-Liga-Bericht (R28) Beinah reflexartig erfolgt nach einem Abstieg der Wunsch die Schmach sofort zu tilgen. Sehr verst\u00e4ndlich &#8211; das Ganze. Aber die Konkurrenz hatte auch noch ein W\u00f6rtchen mitzureden und &hellip; Q-Liga (R28) &#8211; &#8222;Die R\u00fcckkehr in die 4. Liga&#8220;: Teil 1 weiterlesen &rarr;\" \/>\n<meta property=\"og:url\" content=\"http:\/\/sc-weisse-dame.de\/v3\/2020\/07\/q-liga-r20-3-2-2-2-2-2\/\" \/>\n<meta property=\"og:site_name\" content=\"SC Weisse Dame e. V.\" \/>\n<meta property=\"article:published_time\" content=\"2020-07-12T16:00:30+00:00\" \/>\n<meta property=\"article:modified_time\" content=\"2021-02-06T11:23:00+00:00\" \/>\n<meta property=\"og:image\" content=\"http:\/\/sc-weisse-dame.de\/v3\/wp-content\/uploads\/2020\/07\/Q-Liga-R28-Schlusstabelle.jpg\" \/>\n<meta name=\"author\" content=\"Claudia M\u00fcnstermann, Thorsten Gro\u00df, Christian Greiser\" \/>\n<meta name=\"twitter:card\" content=\"summary_large_image\" \/>\n<meta name=\"twitter:label1\" content=\"Verfasst von\" \/>\n\t<meta name=\"twitter:data1\" content=\"Claudia M\u00fcnstermann\" \/>\n\t<meta name=\"twitter:label2\" content=\"Gesch\u00e4tzte Lesezeit\" \/>\n\t<meta name=\"twitter:data2\" content=\"2\u00a0Minuten\" \/>\n\t<meta name=\"twitter:label3\" content=\"Written by\" \/>\n\t<meta name=\"twitter:data3\" content=\"Claudia M\u00fcnstermann, Thorsten Gro\u00df, Christian Greiser\" \/>\n<script type=\"application\/ld+json\" class=\"yoast-schema-graph\">{\"@context\":\"https:\\\/\\\/schema.org\",\"@graph\":[{\"@type\":\"Article\",\"@id\":\"http:\\\/\\\/sc-weisse-dame.de\\\/v3\\\/2020\\\/07\\\/q-liga-r20-3-2-2-2-2-2\\\/#article\",\"isPartOf\":{\"@id\":\"http:\\\/\\\/sc-weisse-dame.de\\\/v3\\\/2020\\\/07\\\/q-liga-r20-3-2-2-2-2-2\\\/\"},\"author\":{\"name\":\"Claudia M\u00fcnstermann\",\"@id\":\"http:\\\/\\\/sc-weisse-dame.de\\\/v3\\\/#\\\/schema\\\/person\\\/1703a3cc46301ab8345eabbe22b28f8a\"},\"headline\":\"Q-Liga (R28) &#8211; &#8222;Die R\u00fcckkehr in die 4. Liga&#8220;: Teil 1\",\"datePublished\":\"2020-07-12T16:00:30+00:00\",\"dateModified\":\"2021-02-06T11:23:00+00:00\",\"mainEntityOfPage\":{\"@id\":\"http:\\\/\\\/sc-weisse-dame.de\\\/v3\\\/2020\\\/07\\\/q-liga-r20-3-2-2-2-2-2\\\/\"},\"wordCount\":227,\"commentCount\":0,\"image\":{\"@id\":\"http:\\\/\\\/sc-weisse-dame.de\\\/v3\\\/2020\\\/07\\\/q-liga-r20-3-2-2-2-2-2\\\/#primaryimage\"},\"thumbnailUrl\":\"http:\\\/\\\/sc-weisse-dame.de\\\/v3\\\/wp-content\\\/uploads\\\/2020\\\/07\\\/Q-Liga-R28-Schlusstabelle.jpg\",\"articleSection\":[\"Q-Liga\"],\"inLanguage\":\"de\",\"potentialAction\":[{\"@type\":\"CommentAction\",\"name\":\"Comment\",\"target\":[\"http:\\\/\\\/sc-weisse-dame.de\\\/v3\\\/2020\\\/07\\\/q-liga-r20-3-2-2-2-2-2\\\/#respond\"]}]},{\"@type\":\"WebPage\",\"@id\":\"http:\\\/\\\/sc-weisse-dame.de\\\/v3\\\/2020\\\/07\\\/q-liga-r20-3-2-2-2-2-2\\\/\",\"url\":\"http:\\\/\\\/sc-weisse-dame.de\\\/v3\\\/2020\\\/07\\\/q-liga-r20-3-2-2-2-2-2\\\/\",\"name\":\"Q-Liga (R28) - \\\"Die R\u00fcckkehr in die 4. Liga\\\": Teil 1 - SC Weisse Dame e. V.\",\"isPartOf\":{\"@id\":\"http:\\\/\\\/sc-weisse-dame.de\\\/v3\\\/#website\"},\"primaryImageOfPage\":{\"@id\":\"http:\\\/\\\/sc-weisse-dame.de\\\/v3\\\/2020\\\/07\\\/q-liga-r20-3-2-2-2-2-2\\\/#primaryimage\"},\"image\":{\"@id\":\"http:\\\/\\\/sc-weisse-dame.de\\\/v3\\\/2020\\\/07\\\/q-liga-r20-3-2-2-2-2-2\\\/#primaryimage\"},\"thumbnailUrl\":\"http:\\\/\\\/sc-weisse-dame.de\\\/v3\\\/wp-content\\\/uploads\\\/2020\\\/07\\\/Q-Liga-R28-Schlusstabelle.jpg\",\"datePublished\":\"2020-07-12T16:00:30+00:00\",\"dateModified\":\"2021-02-06T11:23:00+00:00\",\"author\":{\"@id\":\"http:\\\/\\\/sc-weisse-dame.de\\\/v3\\\/#\\\/schema\\\/person\\\/1703a3cc46301ab8345eabbe22b28f8a\"},\"breadcrumb\":{\"@id\":\"http:\\\/\\\/sc-weisse-dame.de\\\/v3\\\/2020\\\/07\\\/q-liga-r20-3-2-2-2-2-2\\\/#breadcrumb\"},\"inLanguage\":\"de\",\"potentialAction\":[{\"@type\":\"ReadAction\",\"target\":[\"http:\\\/\\\/sc-weisse-dame.de\\\/v3\\\/2020\\\/07\\\/q-liga-r20-3-2-2-2-2-2\\\/\"]}]},{\"@type\":\"ImageObject\",\"inLanguage\":\"de\",\"@id\":\"http:\\\/\\\/sc-weisse-dame.de\\\/v3\\\/2020\\\/07\\\/q-liga-r20-3-2-2-2-2-2\\\/#primaryimage\",\"url\":\"http:\\\/\\\/sc-weisse-dame.de\\\/v3\\\/wp-content\\\/uploads\\\/2020\\\/07\\\/Q-Liga-R28-Schlusstabelle.jpg\",\"contentUrl\":\"http:\\\/\\\/sc-weisse-dame.de\\\/v3\\\/wp-content\\\/uploads\\\/2020\\\/07\\\/Q-Liga-R28-Schlusstabelle.jpg\",\"width\":1349,\"height\":876},{\"@type\":\"BreadcrumbList\",\"@id\":\"http:\\\/\\\/sc-weisse-dame.de\\\/v3\\\/2020\\\/07\\\/q-liga-r20-3-2-2-2-2-2\\\/#breadcrumb\",\"itemListElement\":[{\"@type\":\"ListItem\",\"position\":1,\"name\":\"Startseite\",\"item\":\"http:\\\/\\\/sc-weisse-dame.de\\\/v3\\\/\"},{\"@type\":\"ListItem\",\"position\":2,\"name\":\"Q-Liga (R28) &#8211; &#8222;Die R\u00fcckkehr in die 4. Liga&#8220;: Teil 1\"}]},{\"@type\":\"WebSite\",\"@id\":\"http:\\\/\\\/sc-weisse-dame.de\\\/v3\\\/#website\",\"url\":\"http:\\\/\\\/sc-weisse-dame.de\\\/v3\\\/\",\"name\":\"SC Weisse Dame e. V.\",\"description\":\"Herzlich Willkommen!\",\"potentialAction\":[{\"@type\":\"SearchAction\",\"target\":{\"@type\":\"EntryPoint\",\"urlTemplate\":\"http:\\\/\\\/sc-weisse-dame.de\\\/v3\\\/?s={search_term_string}\"},\"query-input\":{\"@type\":\"PropertyValueSpecification\",\"valueRequired\":true,\"valueName\":\"search_term_string\"}}],\"inLanguage\":\"de\"},{\"@type\":\"Person\",\"@id\":\"http:\\\/\\\/sc-weisse-dame.de\\\/v3\\\/#\\\/schema\\\/person\\\/1703a3cc46301ab8345eabbe22b28f8a\",\"name\":\"Claudia M\u00fcnstermann\",\"url\":\"http:\\\/\\\/sc-weisse-dame.de\\\/v3\\\/author\\\/claudia_muenstermann\\\/\"}]}<\/script>\n<!-- \/ Yoast SEO plugin. -->","yoast_head_json":{"title":"Q-Liga (R28) - \"Die R\u00fcckkehr in die 4. Liga\": Teil 1 - SC Weisse Dame e. V.","robots":{"index":"index","follow":"follow","max-snippet":"max-snippet:-1","max-image-preview":"max-image-preview:large","max-video-preview":"max-video-preview:-1"},"canonical":"http:\/\/sc-weisse-dame.de\/v3\/2020\/07\/q-liga-r20-3-2-2-2-2-2\/","og_locale":"de_DE","og_type":"article","og_title":"Q-Liga (R28) - \"Die R\u00fcckkehr in die 4. Liga\": Teil 1 - SC Weisse Dame e. V.","og_description":"Q-Liga-Bericht (R28) Beinah reflexartig erfolgt nach einem Abstieg der Wunsch die Schmach sofort zu tilgen. Sehr verst\u00e4ndlich &#8211; das Ganze. Aber die Konkurrenz hatte auch noch ein W\u00f6rtchen mitzureden und &hellip; Q-Liga (R28) &#8211; &#8222;Die R\u00fcckkehr in die 4. Liga&#8220;: Teil 1 weiterlesen &rarr;","og_url":"http:\/\/sc-weisse-dame.de\/v3\/2020\/07\/q-liga-r20-3-2-2-2-2-2\/","og_site_name":"SC Weisse Dame e. V.","article_published_time":"2020-07-12T16:00:30+00:00","article_modified_time":"2021-02-06T11:23:00+00:00","og_image":[{"url":"http:\/\/sc-weisse-dame.de\/v3\/wp-content\/uploads\/2020\/07\/Q-Liga-R28-Schlusstabelle.jpg","type":"","width":"","height":""}],"author":"Claudia M\u00fcnstermann, Thorsten Gro\u00df, Christian Greiser","twitter_card":"summary_large_image","twitter_misc":{"Verfasst von":"Claudia M\u00fcnstermann","Gesch\u00e4tzte Lesezeit":"2\u00a0Minuten","Written by":"Claudia M\u00fcnstermann, Thorsten Gro\u00df, Christian Greiser"},"schema":{"@context":"https:\/\/schema.org","@graph":[{"@type":"Article","@id":"http:\/\/sc-weisse-dame.de\/v3\/2020\/07\/q-liga-r20-3-2-2-2-2-2\/#article","isPartOf":{"@id":"http:\/\/sc-weisse-dame.de\/v3\/2020\/07\/q-liga-r20-3-2-2-2-2-2\/"},"author":{"name":"Claudia M\u00fcnstermann","@id":"http:\/\/sc-weisse-dame.de\/v3\/#\/schema\/person\/1703a3cc46301ab8345eabbe22b28f8a"},"headline":"Q-Liga (R28) &#8211; &#8222;Die R\u00fcckkehr in die 4. Liga&#8220;: Teil 1","datePublished":"2020-07-12T16:00:30+00:00","dateModified":"2021-02-06T11:23:00+00:00","mainEntityOfPage":{"@id":"http:\/\/sc-weisse-dame.de\/v3\/2020\/07\/q-liga-r20-3-2-2-2-2-2\/"},"wordCount":227,"commentCount":0,"image":{"@id":"http:\/\/sc-weisse-dame.de\/v3\/2020\/07\/q-liga-r20-3-2-2-2-2-2\/#primaryimage"},"thumbnailUrl":"http:\/\/sc-weisse-dame.de\/v3\/wp-content\/uploads\/2020\/07\/Q-Liga-R28-Schlusstabelle.jpg","articleSection":["Q-Liga"],"inLanguage":"de","potentialAction":[{"@type":"CommentAction","name":"Comment","target":["http:\/\/sc-weisse-dame.de\/v3\/2020\/07\/q-liga-r20-3-2-2-2-2-2\/#respond"]}]},{"@type":"WebPage","@id":"http:\/\/sc-weisse-dame.de\/v3\/2020\/07\/q-liga-r20-3-2-2-2-2-2\/","url":"http:\/\/sc-weisse-dame.de\/v3\/2020\/07\/q-liga-r20-3-2-2-2-2-2\/","name":"Q-Liga (R28) - \"Die R\u00fcckkehr in die 4. Liga\": Teil 1 - SC Weisse Dame e. V.","isPartOf":{"@id":"http:\/\/sc-weisse-dame.de\/v3\/#website"},"primaryImageOfPage":{"@id":"http:\/\/sc-weisse-dame.de\/v3\/2020\/07\/q-liga-r20-3-2-2-2-2-2\/#primaryimage"},"image":{"@id":"http:\/\/sc-weisse-dame.de\/v3\/2020\/07\/q-liga-r20-3-2-2-2-2-2\/#primaryimage"},"thumbnailUrl":"http:\/\/sc-weisse-dame.de\/v3\/wp-content\/uploads\/2020\/07\/Q-Liga-R28-Schlusstabelle.jpg","datePublished":"2020-07-12T16:00:30+00:00","dateModified":"2021-02-06T11:23:00+00:00","author":{"@id":"http:\/\/sc-weisse-dame.de\/v3\/#\/schema\/person\/1703a3cc46301ab8345eabbe22b28f8a"},"breadcrumb":{"@id":"http:\/\/sc-weisse-dame.de\/v3\/2020\/07\/q-liga-r20-3-2-2-2-2-2\/#breadcrumb"},"inLanguage":"de","potentialAction":[{"@type":"ReadAction","target":["http:\/\/sc-weisse-dame.de\/v3\/2020\/07\/q-liga-r20-3-2-2-2-2-2\/"]}]},{"@type":"ImageObject","inLanguage":"de","@id":"http:\/\/sc-weisse-dame.de\/v3\/2020\/07\/q-liga-r20-3-2-2-2-2-2\/#primaryimage","url":"http:\/\/sc-weisse-dame.de\/v3\/wp-content\/uploads\/2020\/07\/Q-Liga-R28-Schlusstabelle.jpg","contentUrl":"http:\/\/sc-weisse-dame.de\/v3\/wp-content\/uploads\/2020\/07\/Q-Liga-R28-Schlusstabelle.jpg","width":1349,"height":876},{"@type":"BreadcrumbList","@id":"http:\/\/sc-weisse-dame.de\/v3\/2020\/07\/q-liga-r20-3-2-2-2-2-2\/#breadcrumb","itemListElement":[{"@type":"ListItem","position":1,"name":"Startseite","item":"http:\/\/sc-weisse-dame.de\/v3\/"},{"@type":"ListItem","position":2,"name":"Q-Liga (R28) &#8211; &#8222;Die R\u00fcckkehr in die 4. Liga&#8220;: Teil 1"}]},{"@type":"WebSite","@id":"http:\/\/sc-weisse-dame.de\/v3\/#website","url":"http:\/\/sc-weisse-dame.de\/v3\/","name":"SC Weisse Dame e. V.","description":"Herzlich Willkommen!","potentialAction":[{"@type":"SearchAction","target":{"@type":"EntryPoint","urlTemplate":"http:\/\/sc-weisse-dame.de\/v3\/?s={search_term_string}"},"query-input":{"@type":"PropertyValueSpecification","valueRequired":true,"valueName":"search_term_string"}}],"inLanguage":"de"},{"@type":"Person","@id":"http:\/\/sc-weisse-dame.de\/v3\/#\/schema\/person\/1703a3cc46301ab8345eabbe22b28f8a","name":"Claudia M\u00fcnstermann","url":"http:\/\/sc-weisse-dame.de\/v3\/author\/claudia_muenstermann\/"}]}},"_links":{"self":[{"href":"http:\/\/sc-weisse-dame.de\/v3\/wp-json\/wp\/v2\/posts\/16499","targetHints":{"allow":["GET"]}}],"collection":[{"href":"http:\/\/sc-weisse-dame.de\/v3\/wp-json\/wp\/v2\/posts"}],"about":[{"href":"http:\/\/sc-weisse-dame.de\/v3\/wp-json\/wp\/v2\/types\/post"}],"author":[{"embeddable":true,"href":"http:\/\/sc-weisse-dame.de\/v3\/wp-json\/wp\/v2\/users\/2"}],"replies":[{"embeddable":true,"href":"http:\/\/sc-weisse-dame.de\/v3\/wp-json\/wp\/v2\/comments?post=16499"}],"version-history":[{"count":9,"href":"http:\/\/sc-weisse-dame.de\/v3\/wp-json\/wp\/v2\/posts\/16499\/revisions"}],"predecessor-version":[{"id":18793,"href":"http:\/\/sc-weisse-dame.de\/v3\/wp-json\/wp\/v2\/posts\/16499\/revisions\/18793"}],"wp:attachment":[{"href":"http:\/\/sc-weisse-dame.de\/v3\/wp-json\/wp\/v2\/media?parent=16499"}],"wp:term":[{"taxonomy":"category","embeddable":true,"href":"http:\/\/sc-weisse-dame.de\/v3\/wp-json\/wp\/v2\/categories?post=16499"},{"taxonomy":"post_tag","embeddable":true,"href":"http:\/\/sc-weisse-dame.de\/v3\/wp-json\/wp\/v2\/tags?post=16499"},{"taxonomy":"author","embeddable":true,"href":"http:\/\/sc-weisse-dame.de\/v3\/wp-json\/wp\/v2\/coauthors?post=16499"}],"curies":[{"name":"wp","href":"https:\/\/api.w.org\/{rel}","templated":true}]}}