{"id":16290,"date":"2020-06-26T09:05:35","date_gmt":"2020-06-26T07:05:35","guid":{"rendered":"http:\/\/sc-weisse-dame.de\/v3\/?p=16290"},"modified":"2020-06-29T15:38:17","modified_gmt":"2020-06-29T13:38:17","slug":"jahreshauptversammlung-des-sc-weisse-dame-e-v","status":"publish","type":"post","link":"http:\/\/sc-weisse-dame.de\/v3\/2020\/06\/jahreshauptversammlung-des-sc-weisse-dame-e-v\/","title":{"rendered":"Freitag, 26.06.2020: Jahreshauptversammlung des SC Weisse Dame e.V. (aktualisiert)"},"content":{"rendered":"<p style=\"text-align: justify;\">Die Jahreshauptversammlung fand am Freitag, den 26.06.2020 in der Zeit von 19:10 bis ca. 23:30 Uhr als Web-Konferenz (Zoom) statt; es waren bis zu 30 Personen w\u00e4hrend der Veranstaltung anwesend.<\/p>\n<p><span style=\"text-decoration: underline;\">Kurzzusammenfassung<\/span><\/p>\n<p>Zum neuen <span style=\"color: #0000ff;\">Kassenwart<\/span> wurde <span style=\"color: #0000ff;\">Carsten Miemietz<\/span> gew\u00e4hlt. Der <span style=\"color: #0000ff;\">Zuschussbeauftragte Uwe Lazik<\/span> wurde wiedergew\u00e4hlt. Keine Kandidaten fanden sich f\u00fcr die \u00c4mter des Jugendwarts und des internen Spielleiters; beide Posten blieben unbesetzt.<\/p>\n<p style=\"text-align: justify;\">Eine \u00e4u\u00dferst lebhafte Diskussion fand zum Antrag auf \u00c4nderung der Schreibweise des Vereinsnamens &#8222;<span style=\"color: #0000ff;\">Weisse Dame<\/span>&#8220; hin zu &#8222;<span style=\"color: #0000ff;\">Wei\u00dfe Dame<\/span>&#8220; statt. Aufgrund des eindeutigen Meinungsbildes zugunsten der bisherigen Schreibweise wurde der Antrag vom Antragsteller im Ergebnis zur\u00fcckgezogen.<\/p>\n<p style=\"text-align: justify;\">Nach 28 Jahren wurde wieder eine <span style=\"color: #0000ff;\">Satzungs\u00e4nderung<\/span> beschlossen, bei der es im Wesentlichen um eine <span style=\"color: #0000ff;\">Flexibilisierung bei den Vorstands\u00e4mtern<\/span> und eine <span style=\"color: #0000ff;\">Anpassung hin zur Verwendung modernerer Kommunikationsmittel<\/span> ging.<\/p>\n<p style=\"text-align: justify;\">Der SF <span style=\"color: #0000ff;\">Christian Greiser<\/span> wurde zum <span style=\"color: #0000ff;\">Ehrenmitglied<\/span> gew\u00e4hlt.<\/p>\n<p style=\"text-align: justify;\">Zum <span style=\"color: #0000ff;\">Pr\u00e4senzspielbetrieb<\/span> sowohl auf Vereins- als auch auf Verbandsebene ergab ein Meinungsbild, dass dieser von einer weit \u00fcberwiegenden Anzahl der anwesenden Mitglieder <span style=\"color: #0000ff;\">gegenw\u00e4rtig nicht gew\u00fcnscht<\/span> wird; <span style=\"color: #0000ff;\">Treffen unter freiem Himmel<\/span> zur Aufrechterhaltung der sozialen Bindung unter den Vereinsmitgliedern sind hingegen f\u00fcr eine Mehrzahl der anwesenden Mitglieder <span style=\"color: #0000ff;\">sehr wohl vorstellbar<\/span>.<\/p>\n","protected":false},"excerpt":{"rendered":"<p>Die Jahreshauptversammlung fand am Freitag, den 26.06.2020 in der Zeit von 19:10 bis ca. 23:30 Uhr als Web-Konferenz (Zoom) statt; es waren bis zu 30 Personen w\u00e4hrend der Veranstaltung anwesend. &hellip; <a href=\"http:\/\/sc-weisse-dame.de\/v3\/2020\/06\/jahreshauptversammlung-des-sc-weisse-dame-e-v\/\" class=\"more-link\"><span class=\"screen-reader-text\">Freitag, 26.06.2020: Jahreshauptversammlung des SC Weisse Dame e.V. (aktualisiert)<\/span> weiterlesen <span class=\"meta-nav\">&rarr;<\/span><\/a><\/p>\n","protected":false},"author":16,"featured_media":0,"comment_status":"open","ping_status":"closed","sticky":false,"template":"","format":"standard","meta":{"_price":"","_stock":"","_tribe_ticket_header":"","_tribe_default_ticket_provider":"","_tribe_ticket_capacity":"0","_ticket_start_date":"","_ticket_end_date":"","_tribe_ticket_show_description":"","_tribe_ticket_show_not_going":false,"_tribe_ticket_use_global_stock":"","_tribe_ticket_global_stock_level":"","_global_stock_mode":"","_global_stock_cap":"","_tribe_rsvp_for_event":"","_tribe_ticket_going_count":"","_tribe_ticket_not_going_count":"","_tribe_tickets_list":"[]","_tribe_ticket_has_attendee_info_fields":false,"footnotes":""},"categories":[77],"tags":[],"coauthors":[62,50],"class_list":["post-16290","post","type-post","status-publish","format-standard","hentry","category-organisatorisches"],"yoast_head":"<!-- This site is optimized with the Yoast SEO plugin v27.4 - https:\/\/yoast.com\/product\/yoast-seo-wordpress\/ -->\n<title>Freitag, 26.06.2020: Jahreshauptversammlung des SC Weisse Dame e.V. (aktualisiert) - SC Weisse Dame e. V.<\/title>\n<meta name=\"robots\" content=\"index, follow, max-snippet:-1, max-image-preview:large, max-video-preview:-1\" \/>\n<link rel=\"canonical\" href=\"http:\/\/sc-weisse-dame.de\/v3\/2020\/06\/jahreshauptversammlung-des-sc-weisse-dame-e-v\/\" \/>\n<meta property=\"og:locale\" content=\"de_DE\" \/>\n<meta property=\"og:type\" content=\"article\" \/>\n<meta property=\"og:title\" content=\"Freitag, 26.06.2020: Jahreshauptversammlung des SC Weisse Dame e.V. (aktualisiert) - SC Weisse Dame e. V.\" \/>\n<meta property=\"og:description\" content=\"Die Jahreshauptversammlung fand am Freitag, den 26.06.2020 in der Zeit von 19:10 bis ca. 23:30 Uhr als Web-Konferenz (Zoom) statt; es waren bis zu 30 Personen w\u00e4hrend der Veranstaltung anwesend. &hellip; Freitag, 26.06.2020: Jahreshauptversammlung des SC Weisse Dame e.V. (aktualisiert) weiterlesen &rarr;\" \/>\n<meta property=\"og:url\" content=\"http:\/\/sc-weisse-dame.de\/v3\/2020\/06\/jahreshauptversammlung-des-sc-weisse-dame-e-v\/\" \/>\n<meta property=\"og:site_name\" content=\"SC Weisse Dame e. V.\" \/>\n<meta property=\"article:published_time\" content=\"2020-06-26T07:05:35+00:00\" \/>\n<meta property=\"article:modified_time\" content=\"2020-06-29T13:38:17+00:00\" \/>\n<meta name=\"author\" content=\"Cord Wischh\u00f6fer, Christian Greiser\" \/>\n<meta name=\"twitter:card\" content=\"summary_large_image\" \/>\n<meta name=\"twitter:label1\" content=\"Verfasst von\" \/>\n\t<meta name=\"twitter:data1\" content=\"Cord Wischh\u00f6fer\" \/>\n\t<meta name=\"twitter:label2\" content=\"Gesch\u00e4tzte Lesezeit\" \/>\n\t<meta name=\"twitter:data2\" content=\"1\u00a0Minute\" \/>\n\t<meta name=\"twitter:label3\" content=\"Written by\" \/>\n\t<meta name=\"twitter:data3\" content=\"Cord Wischh\u00f6fer, Christian Greiser\" \/>\n<script type=\"application\/ld+json\" class=\"yoast-schema-graph\">{\"@context\":\"https:\\\/\\\/schema.org\",\"@graph\":[{\"@type\":\"Article\",\"@id\":\"http:\\\/\\\/sc-weisse-dame.de\\\/v3\\\/2020\\\/06\\\/jahreshauptversammlung-des-sc-weisse-dame-e-v\\\/#article\",\"isPartOf\":{\"@id\":\"http:\\\/\\\/sc-weisse-dame.de\\\/v3\\\/2020\\\/06\\\/jahreshauptversammlung-des-sc-weisse-dame-e-v\\\/\"},\"author\":{\"name\":\"Cord Wischh\u00f6fer\",\"@id\":\"http:\\\/\\\/sc-weisse-dame.de\\\/v3\\\/#\\\/schema\\\/person\\\/22d8290f4966126d469fedd8ded0d5d5\"},\"headline\":\"Freitag, 26.06.2020: Jahreshauptversammlung des SC Weisse Dame e.V. (aktualisiert)\",\"datePublished\":\"2020-06-26T07:05:35+00:00\",\"dateModified\":\"2020-06-29T13:38:17+00:00\",\"mainEntityOfPage\":{\"@id\":\"http:\\\/\\\/sc-weisse-dame.de\\\/v3\\\/2020\\\/06\\\/jahreshauptversammlung-des-sc-weisse-dame-e-v\\\/\"},\"wordCount\":200,\"commentCount\":0,\"articleSection\":[\"Organisatorisches\"],\"inLanguage\":\"de\",\"potentialAction\":[{\"@type\":\"CommentAction\",\"name\":\"Comment\",\"target\":[\"http:\\\/\\\/sc-weisse-dame.de\\\/v3\\\/2020\\\/06\\\/jahreshauptversammlung-des-sc-weisse-dame-e-v\\\/#respond\"]}]},{\"@type\":\"WebPage\",\"@id\":\"http:\\\/\\\/sc-weisse-dame.de\\\/v3\\\/2020\\\/06\\\/jahreshauptversammlung-des-sc-weisse-dame-e-v\\\/\",\"url\":\"http:\\\/\\\/sc-weisse-dame.de\\\/v3\\\/2020\\\/06\\\/jahreshauptversammlung-des-sc-weisse-dame-e-v\\\/\",\"name\":\"Freitag, 26.06.2020: Jahreshauptversammlung des SC Weisse Dame e.V. (aktualisiert) - SC Weisse Dame e. V.\",\"isPartOf\":{\"@id\":\"http:\\\/\\\/sc-weisse-dame.de\\\/v3\\\/#website\"},\"datePublished\":\"2020-06-26T07:05:35+00:00\",\"dateModified\":\"2020-06-29T13:38:17+00:00\",\"author\":{\"@id\":\"http:\\\/\\\/sc-weisse-dame.de\\\/v3\\\/#\\\/schema\\\/person\\\/22d8290f4966126d469fedd8ded0d5d5\"},\"breadcrumb\":{\"@id\":\"http:\\\/\\\/sc-weisse-dame.de\\\/v3\\\/2020\\\/06\\\/jahreshauptversammlung-des-sc-weisse-dame-e-v\\\/#breadcrumb\"},\"inLanguage\":\"de\",\"potentialAction\":[{\"@type\":\"ReadAction\",\"target\":[\"http:\\\/\\\/sc-weisse-dame.de\\\/v3\\\/2020\\\/06\\\/jahreshauptversammlung-des-sc-weisse-dame-e-v\\\/\"]}]},{\"@type\":\"BreadcrumbList\",\"@id\":\"http:\\\/\\\/sc-weisse-dame.de\\\/v3\\\/2020\\\/06\\\/jahreshauptversammlung-des-sc-weisse-dame-e-v\\\/#breadcrumb\",\"itemListElement\":[{\"@type\":\"ListItem\",\"position\":1,\"name\":\"Startseite\",\"item\":\"http:\\\/\\\/sc-weisse-dame.de\\\/v3\\\/\"},{\"@type\":\"ListItem\",\"position\":2,\"name\":\"Freitag, 26.06.2020: Jahreshauptversammlung des SC Weisse Dame e.V. (aktualisiert)\"}]},{\"@type\":\"WebSite\",\"@id\":\"http:\\\/\\\/sc-weisse-dame.de\\\/v3\\\/#website\",\"url\":\"http:\\\/\\\/sc-weisse-dame.de\\\/v3\\\/\",\"name\":\"SC Weisse Dame e. V.\",\"description\":\"Herzlich Willkommen!\",\"potentialAction\":[{\"@type\":\"SearchAction\",\"target\":{\"@type\":\"EntryPoint\",\"urlTemplate\":\"http:\\\/\\\/sc-weisse-dame.de\\\/v3\\\/?s={search_term_string}\"},\"query-input\":{\"@type\":\"PropertyValueSpecification\",\"valueRequired\":true,\"valueName\":\"search_term_string\"}}],\"inLanguage\":\"de\"},{\"@type\":\"Person\",\"@id\":\"http:\\\/\\\/sc-weisse-dame.de\\\/v3\\\/#\\\/schema\\\/person\\\/22d8290f4966126d469fedd8ded0d5d5\",\"name\":\"Cord Wischh\u00f6fer\",\"url\":\"http:\\\/\\\/sc-weisse-dame.de\\\/v3\\\/author\\\/cord_wischhoefer\\\/\"}]}<\/script>\n<!-- \/ Yoast SEO plugin. -->","yoast_head_json":{"title":"Freitag, 26.06.2020: Jahreshauptversammlung des SC Weisse Dame e.V. (aktualisiert) - SC Weisse Dame e. V.","robots":{"index":"index","follow":"follow","max-snippet":"max-snippet:-1","max-image-preview":"max-image-preview:large","max-video-preview":"max-video-preview:-1"},"canonical":"http:\/\/sc-weisse-dame.de\/v3\/2020\/06\/jahreshauptversammlung-des-sc-weisse-dame-e-v\/","og_locale":"de_DE","og_type":"article","og_title":"Freitag, 26.06.2020: Jahreshauptversammlung des SC Weisse Dame e.V. (aktualisiert) - SC Weisse Dame e. V.","og_description":"Die Jahreshauptversammlung fand am Freitag, den 26.06.2020 in der Zeit von 19:10 bis ca. 23:30 Uhr als Web-Konferenz (Zoom) statt; es waren bis zu 30 Personen w\u00e4hrend der Veranstaltung anwesend. &hellip; Freitag, 26.06.2020: Jahreshauptversammlung des SC Weisse Dame e.V. (aktualisiert) weiterlesen &rarr;","og_url":"http:\/\/sc-weisse-dame.de\/v3\/2020\/06\/jahreshauptversammlung-des-sc-weisse-dame-e-v\/","og_site_name":"SC Weisse Dame e. V.","article_published_time":"2020-06-26T07:05:35+00:00","article_modified_time":"2020-06-29T13:38:17+00:00","author":"Cord Wischh\u00f6fer, Christian Greiser","twitter_card":"summary_large_image","twitter_misc":{"Verfasst von":"Cord Wischh\u00f6fer","Gesch\u00e4tzte Lesezeit":"1\u00a0Minute","Written by":"Cord Wischh\u00f6fer, Christian Greiser"},"schema":{"@context":"https:\/\/schema.org","@graph":[{"@type":"Article","@id":"http:\/\/sc-weisse-dame.de\/v3\/2020\/06\/jahreshauptversammlung-des-sc-weisse-dame-e-v\/#article","isPartOf":{"@id":"http:\/\/sc-weisse-dame.de\/v3\/2020\/06\/jahreshauptversammlung-des-sc-weisse-dame-e-v\/"},"author":{"name":"Cord Wischh\u00f6fer","@id":"http:\/\/sc-weisse-dame.de\/v3\/#\/schema\/person\/22d8290f4966126d469fedd8ded0d5d5"},"headline":"Freitag, 26.06.2020: Jahreshauptversammlung des SC Weisse Dame e.V. (aktualisiert)","datePublished":"2020-06-26T07:05:35+00:00","dateModified":"2020-06-29T13:38:17+00:00","mainEntityOfPage":{"@id":"http:\/\/sc-weisse-dame.de\/v3\/2020\/06\/jahreshauptversammlung-des-sc-weisse-dame-e-v\/"},"wordCount":200,"commentCount":0,"articleSection":["Organisatorisches"],"inLanguage":"de","potentialAction":[{"@type":"CommentAction","name":"Comment","target":["http:\/\/sc-weisse-dame.de\/v3\/2020\/06\/jahreshauptversammlung-des-sc-weisse-dame-e-v\/#respond"]}]},{"@type":"WebPage","@id":"http:\/\/sc-weisse-dame.de\/v3\/2020\/06\/jahreshauptversammlung-des-sc-weisse-dame-e-v\/","url":"http:\/\/sc-weisse-dame.de\/v3\/2020\/06\/jahreshauptversammlung-des-sc-weisse-dame-e-v\/","name":"Freitag, 26.06.2020: Jahreshauptversammlung des SC Weisse Dame e.V. (aktualisiert) - SC Weisse Dame e. V.","isPartOf":{"@id":"http:\/\/sc-weisse-dame.de\/v3\/#website"},"datePublished":"2020-06-26T07:05:35+00:00","dateModified":"2020-06-29T13:38:17+00:00","author":{"@id":"http:\/\/sc-weisse-dame.de\/v3\/#\/schema\/person\/22d8290f4966126d469fedd8ded0d5d5"},"breadcrumb":{"@id":"http:\/\/sc-weisse-dame.de\/v3\/2020\/06\/jahreshauptversammlung-des-sc-weisse-dame-e-v\/#breadcrumb"},"inLanguage":"de","potentialAction":[{"@type":"ReadAction","target":["http:\/\/sc-weisse-dame.de\/v3\/2020\/06\/jahreshauptversammlung-des-sc-weisse-dame-e-v\/"]}]},{"@type":"BreadcrumbList","@id":"http:\/\/sc-weisse-dame.de\/v3\/2020\/06\/jahreshauptversammlung-des-sc-weisse-dame-e-v\/#breadcrumb","itemListElement":[{"@type":"ListItem","position":1,"name":"Startseite","item":"http:\/\/sc-weisse-dame.de\/v3\/"},{"@type":"ListItem","position":2,"name":"Freitag, 26.06.2020: Jahreshauptversammlung des SC Weisse Dame e.V. (aktualisiert)"}]},{"@type":"WebSite","@id":"http:\/\/sc-weisse-dame.de\/v3\/#website","url":"http:\/\/sc-weisse-dame.de\/v3\/","name":"SC Weisse Dame e. V.","description":"Herzlich Willkommen!","potentialAction":[{"@type":"SearchAction","target":{"@type":"EntryPoint","urlTemplate":"http:\/\/sc-weisse-dame.de\/v3\/?s={search_term_string}"},"query-input":{"@type":"PropertyValueSpecification","valueRequired":true,"valueName":"search_term_string"}}],"inLanguage":"de"},{"@type":"Person","@id":"http:\/\/sc-weisse-dame.de\/v3\/#\/schema\/person\/22d8290f4966126d469fedd8ded0d5d5","name":"Cord Wischh\u00f6fer","url":"http:\/\/sc-weisse-dame.de\/v3\/author\/cord_wischhoefer\/"}]}},"_links":{"self":[{"href":"http:\/\/sc-weisse-dame.de\/v3\/wp-json\/wp\/v2\/posts\/16290","targetHints":{"allow":["GET"]}}],"collection":[{"href":"http:\/\/sc-weisse-dame.de\/v3\/wp-json\/wp\/v2\/posts"}],"about":[{"href":"http:\/\/sc-weisse-dame.de\/v3\/wp-json\/wp\/v2\/types\/post"}],"author":[{"embeddable":true,"href":"http:\/\/sc-weisse-dame.de\/v3\/wp-json\/wp\/v2\/users\/16"}],"replies":[{"embeddable":true,"href":"http:\/\/sc-weisse-dame.de\/v3\/wp-json\/wp\/v2\/comments?post=16290"}],"version-history":[{"count":7,"href":"http:\/\/sc-weisse-dame.de\/v3\/wp-json\/wp\/v2\/posts\/16290\/revisions"}],"predecessor-version":[{"id":16385,"href":"http:\/\/sc-weisse-dame.de\/v3\/wp-json\/wp\/v2\/posts\/16290\/revisions\/16385"}],"wp:attachment":[{"href":"http:\/\/sc-weisse-dame.de\/v3\/wp-json\/wp\/v2\/media?parent=16290"}],"wp:term":[{"taxonomy":"category","embeddable":true,"href":"http:\/\/sc-weisse-dame.de\/v3\/wp-json\/wp\/v2\/categories?post=16290"},{"taxonomy":"post_tag","embeddable":true,"href":"http:\/\/sc-weisse-dame.de\/v3\/wp-json\/wp\/v2\/tags?post=16290"},{"taxonomy":"author","embeddable":true,"href":"http:\/\/sc-weisse-dame.de\/v3\/wp-json\/wp\/v2\/coauthors?post=16290"}],"curies":[{"name":"wp","href":"https:\/\/api.w.org\/{rel}","templated":true}]}}