{"id":13283,"date":"2019-10-25T15:30:49","date_gmt":"2019-10-25T13:30:49","guid":{"rendered":"http:\/\/sc-weisse-dame.de\/v3\/?p=13283"},"modified":"2019-10-25T17:27:05","modified_gmt":"2019-10-25T15:27:05","slug":"bmm-saison-vor-dem-start","status":"publish","type":"post","link":"http:\/\/sc-weisse-dame.de\/v3\/2019\/10\/bmm-saison-vor-dem-start\/","title":{"rendered":"BMM-Saison vor dem Start"},"content":{"rendered":"<p><strong>Am kommenden Sonntag werden unsere 7 BMM-Mannschaften mit Heimwettk\u00e4mpfen in den R\u00e4umen der Peter-Ustinov-Schule (Mensageb\u00e4ude) in die Saison starten<\/strong> (Zuschauer willkommen, Beginn: 9 Uhr, Umstellung auf Winterzeit beachten). Nicht unerw\u00e4hnt bleiben darf dabei, dass nach unserem Einspruch gegen die BMM-Auslosung, dem letztlich durch den Vermittlungsausschuss des BSV stattgegeben wurde, die 2. Mannschaft in der <strong><a href=\"http:\/\/www.mattzug.de\/bmm\/skript\/1920\/Gesamt\/landesliga\">Landesliga<\/a><\/strong> (anstelle der Stadtliga) antreten darf und wird. Dieses &#8211; je nach Perspektive &#8211; Vorspiel oder Nachspiel war aber nicht das einzig Interessante (und Aufw\u00e4ndige) einer langen Saisonvorbereitung. Im folgenden deshalb nachzulesen: &#8222;The whole story&#8220; &#8230;<\/p>\n<p><!--more--><\/p>\n<hr \/>\n<p>Es begab sich aber zu der Zeit des Herbstes 2018 als die Bl\u00e4tter begannen, von den B\u00e4umen zu fallen, dass ein langj\u00e4hriges und verdienstvolles Vereinsmitglied an den Externen Spielleiter herantrat. Die letzte BMM-Saison hatte gerade erst begonnen, doch dieser &#8222;Dinosaurier&#8220;, wie Mitglieder seines Schlages gerne auch genannt werden, blickte bereits weit voraus: Die Mannschaften m\u00fcssten wieder attraktiver werden (seine eigene vielleicht ausgenommen &#8230; ). Dann w\u00fcrden wieder mehr Spieler Interesse an der BMM haben und auch die Motivation, tats\u00e4chlich zu spielen, w\u00e4re gr\u00f6\u00dfer. Besetzungsprobleme, wie sie nun erneut zu erwarten waren, w\u00fcrden der Vergangenheit angeh\u00f6ren. &#8222;Attraktiv&#8220; sei eine Mannschaft dann, wenn sie von einer gemeinsamen &#8222;Idee&#8220;, einem &#8222;Thema&#8220; getragen w\u00fcrde, das letztlich auch die Zusammensetzung betr\u00e4fe. Ein Stichwort dazu lautete &#8222;Seniorenmannschaft&#8220;. Der Leser merkt: Die vision\u00e4re Kraft unseres Dinos war beachtlich &#8211; freilich keineswegs vollkommen: Aktuell haben wir<em> keine<\/em> Seniorenmannschaft &#8211; daf\u00fcr aber eine M\u00e4dchenmannschaft, die sich aus 14 (!) Spielerinnen im Alter von 8 bis 14 Jahren zusammensetzt und der zus\u00e4tzlich eine weis(s)e Dame im Alter von 81 (!) Jahren angeh\u00f6rt &#8230;<\/p>\n<p>Der Externe Spielleiter bewegte jedenfalls alle diese Worte in seinem Herzen, belie\u00df es zu diesem Zeitpunkt aber bei der Einsch\u00e4tzung, dass das Fr\u00fchjahr der geeignete Zeitpunkt w\u00e4re, diese Gedanken wieder aufzugreifen. Vorstellbar sei ein BMM-Planungstreffen, zu dem alle Vereinsmitglieder eingeladen w\u00fcrden.<\/p>\n<p>Nun z\u00e4hlt unser Dino anscheinend ganz und gar nicht zu jenen Reptilien, die in Winterstarre verfallen. Vielmehr vermochte er es offensichtlich, dass sich auch andere f\u00fcr seine (r)evolution\u00e4ren Ideen erw\u00e4rmten. Jedenfalls erreichte den Vorstand im Fr\u00fchjahr 2019 ein von mehreren Vereinsmitgliedern erarbeitetes <strong>Thesenpapier<\/strong> mit &#8222;Anregungen f\u00fcr eine zukunftsgewandte Strategie der Weissen Dame&#8220;, das l\u00e4ngst nicht nur die Planung und Teilnahme an der BMM zum Inhalt hatte.<\/p>\n<p>Bis zum f\u00fcrs Fr\u00fchjahr &#8222;versprochenen&#8220; Planungstreffen mussten die Vereinsmitglieder dann allerdings noch exakt bis zum Sommeranfang (21. Juni) warten, w\u00e4hrend die Jahreshauptversammlung mit der Wahl eines neuen 1. Vorsitzenden und weiterer, u.a. drei neuer Vorstandsmitglieder bereits 4 Wochen vorher stattgefunden und sich auch schon u.a. mit dem Thema BMM besch\u00e4ftigt hatte. Auch die allj\u00e4hrliche Befragung der Mitglieder zur BMM-Teilnahme startete an diesem 21.6. &#8211; und zwar mit einem \u00fcberarbeiteten, wesentlich differenzierteren Fragebogen als bisher, bereits ein Resultat der vorangegangenen Anregungen. Die Neufassung hat sich bew\u00e4hrt &#8211; und dennoch erkennt der Spielleiter schon weiteren Erg\u00e4nzungsbedarf (bedenke: Es ist Herbst und die Bl\u00e4tter fallen &#8230; ).\u00a0<\/p>\n<p>Im Folgenden werden einige Punkte aus dem Diskussions- und Vorbereitungsprozess benannt und ggf. auf ihre Umsetzung hin \u00fcberpr\u00fcft: Nicht weniger als 5 neue Mannschaftsleiter wurden ben\u00f6tigt, f\u00fcr die erste, zweite, vierte, f\u00fcnfte und achte Mannschaft. Vier davon fanden sich erfreulicher Weise schon am oder vor dem 21.6. und konnten somit wie gefordert von Anfang an an der Zusammenstellung der Mannschaften beteiligt werden. Daf\u00fcr waren zwei &#8222;Idealmodelle&#8220; im Gespr\u00e4ch: Zum einen Mannschaften nach &#8222;Dino-Art&#8220;: Feste Mannschaftskerne, erg\u00e4nzt durch so viele weitere Spieler, dass jede Mannschaft ihren Ersatzspielerbedarf weitgehend aus den eigenen Reihen w\u00fcrde decken k\u00f6nnen, auch saison\u00fcbergreifend eine m\u00f6glichst stabile Zusammensetzung, um einen identit\u00e4tsstiftenden Zusammenhalt zu f\u00f6rdern. Dies w\u00fcrde auch dem bislang offensichtlich untersch\u00e4tzten Wunsch einer Reihe von Vereinsmitgliedern gerecht, beim Mannschaftskampf auf vertraute Menschen zu treffen, mit denen man hinterher noch gerne zusammensitzt. Zur Umsetzung dieses Modells sollte ggf. auch die Reduzierung der Anzahl an Mannschaften in Kauf genommen werden.<\/p>\n<p>Zum anderen das Modell &#8222;Vereinus unus sumus&#8220; (wir sind EIN Verein): Optimierung der vorhandenen und gewachsenen Strukturen, die &#8211; aufgrund Ersatzspielerbedarfs teils zwangsl\u00e4ufig &#8211; eine hohe Durchl\u00e4ssigkeit zwischen den Mannschaften bedeuten, gegenseitige Unterst\u00fctzung als Zeichen des Zusammenhalts. Die &#8222;Macht der Fakten&#8220;, sprich die ermittelte, tats\u00e4chliche Spielbereitschaft der Vereinsmitglieder, inkl. Zu- und Abg\u00e4ngen, sorgte dann freilich daf\u00fcr, dass es bei der Umsetzung nicht um ein einfaches &#8222;Entweder &#8211; Oder&#8220; ging. F\u00fcr die Mannschaften 1 bis 3 einigten sich die Beteiligten in einem aufw\u00e4ndigen, m.E. zugleich sehr konstruktiven Prozess auf maximale Flexibilit\u00e4t: F\u00fcr die 1. und 2. Mannschaft wurden jeweils nur 8 Spieler gemeldet (f\u00fcr die Oberliga-Mannschaft wie \u00fcblich zus\u00e4tzlich 10 auch anderen Mannschaften zugeh\u00f6rige Ersatzspieler). F\u00fcr die Mannschaften 4 bis 8 wiederum darf man zum jetzigen Zeitpunkt vorsichtig optimistisch sein, dass der Bedarf an Ersatz aus der jeweils tieferen Mannschaft geringer ausfallen wird als dies in den vergangenen Jahren der Fall war. Dies insbesondere dank der nach Anzahl, Spielerfahrung und Spielst\u00e4rke im unteren und mittleren Bereich stark gewachsenen Jugend.<\/p>\n<p>Diskutiert wurde auch \u00fcber die Bedeutung von <strong>Saisonzielen<\/strong> f\u00fcr die Motivation der Spieler. Die (inoffizielle) Haltung des (alten) Vorstands, es g\u00e4be im Prinzip nur zwei Ziele, n\u00e4mlich Klassenerhalt und Aufstieg, wurde in Frage gestellt. Sportliche Ziele m\u00fcssten wieder mehr Gewicht erhalten. Um die Bedeutung jedes einzelnen Mannschaftskampfes hervorzuheben, sei auch ein Spielen &#8222;auf Platzierung&#8220; sinnvoll &#8211; und zwar i.d.R. nach Ma\u00dfgabe des Mannschaftsleiters oder der gesamten Mannschaft selbst. Ehrgeizig in diesem Sinne gibt sich die F\u00dcNFTE, die unter Leitung ihres neuen Leiters Wolfgang Busse um einen Aufstiegsplatz k\u00e4mpfen m\u00f6chte. Mindestens einen von zwei schweren Brocken m\u00fcsste man daf\u00fcr in der Endabrechnung hinter sich lassen. Abermals von den Fakten eingeholt wurden die 1. bis 3. Mannschaft. Nach dem ungl\u00fccklichen Auftakt der ERSTEN in der Oberliga, der merklich gestiegenen Leistungsdichte in der Stadtliga und dem am &#8222;gr\u00fcnen Tisch&#8220; erfolgten, nachtr\u00e4glichen Aufstieg der ZWEITEN in die Landesliga (der sportlich von der DRITTEN erk\u00e4mpft wurde, s.u.), m\u00fcsste es m.E. als riesiger Erfolg gewertet werden, sollten alle drei Mannschaften ihre Klasse halten k\u00f6nnen.<\/p>\n<p>Thema war weiter das sogenannte <strong>Postludium<\/strong>. Nat\u00fcrlich steht es jedem Vereinsmitglied und jeder Mannschaft frei, sich nach den Wettk\u00e4mpfen zu treffen wo und mit wem man will. Doch dem Postludium als Treffpunkt aller Mannschaften nach den Wettk\u00e4mpfen wird eine hohe Bedeutung bzgl. des Zusammenhalts im Verein beigemessen. Um dessen Wirkung und Attraktivit\u00e4t zu st\u00e4rken, bewarb sich unser Verein bei der BMM-Meldung erfolgreich f\u00fcr f\u00fcnf Heimspiele, darunter die erste und die letzte Runde. Insbesondere bei Ausw\u00e4rtsspielen wird die Lokalit\u00e4t f\u00fcr das Postludium zuk\u00fcnftig flexibler bzw. nach den\u00a0 wechselnden geographischen und kulinarischen Gesichtspunkten ausgew\u00e4hlt.<\/p>\n<p>Nachdem ein intensiver, zugleich auch lohnender Planungsprozess mit der Meldung von sieben BMM-Mannschaften (eine mehr sogar als im Vorjahr) zu Ende gegangen war, h\u00e4tten ein paar entspanntere Wochen folgen k\u00f6nnen.<a href=\"http:\/\/sc-weisse-dame.de\/v3\/2019\/09\/bmm-2019-20-es-ist-vollbracht\/\"><strong> &#8222;Es ist vollbracht&#8220;<\/strong> <\/a>betitelte der Externe Spielleiter seinen letzten Beitrag zum Thema auf dieser Homepage. Doch der Dinosaurier schlug mit der scharfen Wahrnehmung und Unerbittlichkeit eines Raptors (lateinisch f\u00fcr &#8222;R\u00e4uber&#8220;, Fleisch fressender Dinosaurier) erneut zu und der Spielleiter wurde am dritten Tage aufgeschreckt aus seiner Ruhe (dabei war doch noch gar nicht Herbst und die Bl\u00e4tter fielen erst vereinzelt &#8230; ): Zur Beute unseres Dinos war die <strong>Auslosung der BMM<\/strong> geworden. Durch den R\u00fcckzug einer Mannschaft aus der Landesliga, was selten vorkommt, musste der frei gewordene Platz neu besetzt werden. Dies war, wie sich zeigen sollte, gem\u00e4\u00df der nicht sehr pr\u00e4gnant formulierten und den Vereinen wenig exakte Hilfestellung gebenden BMM-Ausschreibung, nicht jedoch gem\u00e4\u00df der g\u00fcltigen Turnierordnung geschehen. Dieser zufolge hatte die DRITTE als besserer Tabellenzweiter der Stadtliga am Ende der Saison 2018\/19 das Recht, als zus\u00e4tzlicher Aufsteiger nachzur\u00fccken.\u00a0<\/p>\n<p>Da es sowohl im Vorstand als auch unter den betroffenen Spielern eine Mehrheit daf\u00fcr gab, wurde dieses Recht beim Spielleiter der BMM per Einspruch gegen die Auslosung eingefordert. Entscheiden musste letztlich der Vermittlungsausschuss, der zwar nicht der Argumentation des SC Weisse Dame folgte, dass die Bestimmungen einer Turnierordnung grunds\u00e4tzlich Vorrang vor denen einer Ausschreibung zu haben h\u00e4tten, aber Verfahrensm\u00e4ngel seitens des BSV feststellte und uns deshalb am Ende Recht gab. Da eine dritte Mannschaft aus formalen und praktischen Gr\u00fcnden nicht \u00fcber einer zweiten spielen kann, erbte damit unsere ZWEITE das Recht, in der Landesliga zu spielen, dem Dino sei Dank.<\/p>\n<p><strong>Apropos:<\/strong> Nat\u00fcrlich sollten hier der bzw. die Dinosaurier unseres Vereins an keiner Stelle in Misskredit gebracht werden. Vielmehr zeigt sich doch immer wieder, dass sie mit ihrem &#8222;Gewicht&#8220; wichtige Anst\u00f6\u00dfe geben und Dinge ins Rollen bringen k\u00f6nnen &#8230;<\/p>\n","protected":false},"excerpt":{"rendered":"<p>Am kommenden Sonntag werden unsere 7 BMM-Mannschaften mit Heimwettk\u00e4mpfen in den R\u00e4umen der Peter-Ustinov-Schule (Mensageb\u00e4ude) in die Saison starten (Zuschauer willkommen, Beginn: 9 Uhr, Umstellung auf Winterzeit beachten). Nicht unerw\u00e4hnt &hellip; <a href=\"http:\/\/sc-weisse-dame.de\/v3\/2019\/10\/bmm-saison-vor-dem-start\/\" class=\"more-link\"><span class=\"screen-reader-text\">BMM-Saison vor dem Start<\/span> weiterlesen <span class=\"meta-nav\">&rarr;<\/span><\/a><\/p>\n","protected":false},"author":9,"featured_media":0,"comment_status":"open","ping_status":"closed","sticky":false,"template":"","format":"standard","meta":{"_price":"","_stock":"","_tribe_ticket_header":"","_tribe_default_ticket_provider":"","_tribe_ticket_capacity":"0","_ticket_start_date":"","_ticket_end_date":"","_tribe_ticket_show_description":"","_tribe_ticket_show_not_going":false,"_tribe_ticket_use_global_stock":"","_tribe_ticket_global_stock_level":"","_global_stock_mode":"","_global_stock_cap":"","_tribe_rsvp_for_event":"","_tribe_ticket_going_count":"","_tribe_ticket_not_going_count":"","_tribe_tickets_list":"[]","_tribe_ticket_has_attendee_info_fields":false,"footnotes":""},"categories":[10],"tags":[],"coauthors":[43],"class_list":["post-13283","post","type-post","status-publish","format-standard","hentry","category-bmm"],"yoast_head":"<!-- This site is optimized with the Yoast SEO plugin v27.4 - https:\/\/yoast.com\/product\/yoast-seo-wordpress\/ -->\n<title>BMM-Saison vor dem Start - SC Weisse Dame e. V.<\/title>\n<meta name=\"robots\" content=\"index, follow, max-snippet:-1, max-image-preview:large, max-video-preview:-1\" \/>\n<link rel=\"canonical\" href=\"http:\/\/sc-weisse-dame.de\/v3\/2019\/10\/bmm-saison-vor-dem-start\/\" \/>\n<meta property=\"og:locale\" content=\"de_DE\" \/>\n<meta property=\"og:type\" content=\"article\" \/>\n<meta property=\"og:title\" content=\"BMM-Saison vor dem Start - SC Weisse Dame e. V.\" \/>\n<meta property=\"og:description\" content=\"Am kommenden Sonntag werden unsere 7 BMM-Mannschaften mit Heimwettk\u00e4mpfen in den R\u00e4umen der Peter-Ustinov-Schule (Mensageb\u00e4ude) in die Saison starten (Zuschauer willkommen, Beginn: 9 Uhr, Umstellung auf Winterzeit beachten). Nicht unerw\u00e4hnt &hellip; BMM-Saison vor dem Start weiterlesen &rarr;\" \/>\n<meta property=\"og:url\" content=\"http:\/\/sc-weisse-dame.de\/v3\/2019\/10\/bmm-saison-vor-dem-start\/\" \/>\n<meta property=\"og:site_name\" content=\"SC Weisse Dame e. V.\" \/>\n<meta property=\"article:published_time\" content=\"2019-10-25T13:30:49+00:00\" \/>\n<meta property=\"article:modified_time\" content=\"2019-10-25T15:27:05+00:00\" \/>\n<meta name=\"author\" content=\"Johannes St\u00f6ckel\" \/>\n<meta name=\"twitter:card\" content=\"summary_large_image\" \/>\n<meta name=\"twitter:label1\" content=\"Verfasst von\" \/>\n\t<meta name=\"twitter:data1\" content=\"Johannes St\u00f6ckel\" \/>\n\t<meta name=\"twitter:label2\" content=\"Gesch\u00e4tzte Lesezeit\" \/>\n\t<meta name=\"twitter:data2\" content=\"7\u00a0Minuten\" \/>\n\t<meta name=\"twitter:label3\" content=\"Written by\" \/>\n\t<meta name=\"twitter:data3\" content=\"Johannes St\u00f6ckel\" \/>\n<script type=\"application\/ld+json\" class=\"yoast-schema-graph\">{\"@context\":\"https:\\\/\\\/schema.org\",\"@graph\":[{\"@type\":\"Article\",\"@id\":\"http:\\\/\\\/sc-weisse-dame.de\\\/v3\\\/2019\\\/10\\\/bmm-saison-vor-dem-start\\\/#article\",\"isPartOf\":{\"@id\":\"http:\\\/\\\/sc-weisse-dame.de\\\/v3\\\/2019\\\/10\\\/bmm-saison-vor-dem-start\\\/\"},\"author\":{\"name\":\"Johannes St\u00f6ckel\",\"@id\":\"http:\\\/\\\/sc-weisse-dame.de\\\/v3\\\/#\\\/schema\\\/person\\\/e7debd41bc2fbc0a04cf16fd0894bc69\"},\"headline\":\"BMM-Saison vor dem Start\",\"datePublished\":\"2019-10-25T13:30:49+00:00\",\"dateModified\":\"2019-10-25T15:27:05+00:00\",\"mainEntityOfPage\":{\"@id\":\"http:\\\/\\\/sc-weisse-dame.de\\\/v3\\\/2019\\\/10\\\/bmm-saison-vor-dem-start\\\/\"},\"wordCount\":1452,\"commentCount\":0,\"articleSection\":[\"BMM\"],\"inLanguage\":\"de\",\"potentialAction\":[{\"@type\":\"CommentAction\",\"name\":\"Comment\",\"target\":[\"http:\\\/\\\/sc-weisse-dame.de\\\/v3\\\/2019\\\/10\\\/bmm-saison-vor-dem-start\\\/#respond\"]}]},{\"@type\":\"WebPage\",\"@id\":\"http:\\\/\\\/sc-weisse-dame.de\\\/v3\\\/2019\\\/10\\\/bmm-saison-vor-dem-start\\\/\",\"url\":\"http:\\\/\\\/sc-weisse-dame.de\\\/v3\\\/2019\\\/10\\\/bmm-saison-vor-dem-start\\\/\",\"name\":\"BMM-Saison vor dem Start - SC Weisse Dame e. V.\",\"isPartOf\":{\"@id\":\"http:\\\/\\\/sc-weisse-dame.de\\\/v3\\\/#website\"},\"datePublished\":\"2019-10-25T13:30:49+00:00\",\"dateModified\":\"2019-10-25T15:27:05+00:00\",\"author\":{\"@id\":\"http:\\\/\\\/sc-weisse-dame.de\\\/v3\\\/#\\\/schema\\\/person\\\/e7debd41bc2fbc0a04cf16fd0894bc69\"},\"breadcrumb\":{\"@id\":\"http:\\\/\\\/sc-weisse-dame.de\\\/v3\\\/2019\\\/10\\\/bmm-saison-vor-dem-start\\\/#breadcrumb\"},\"inLanguage\":\"de\",\"potentialAction\":[{\"@type\":\"ReadAction\",\"target\":[\"http:\\\/\\\/sc-weisse-dame.de\\\/v3\\\/2019\\\/10\\\/bmm-saison-vor-dem-start\\\/\"]}]},{\"@type\":\"BreadcrumbList\",\"@id\":\"http:\\\/\\\/sc-weisse-dame.de\\\/v3\\\/2019\\\/10\\\/bmm-saison-vor-dem-start\\\/#breadcrumb\",\"itemListElement\":[{\"@type\":\"ListItem\",\"position\":1,\"name\":\"Startseite\",\"item\":\"http:\\\/\\\/sc-weisse-dame.de\\\/v3\\\/\"},{\"@type\":\"ListItem\",\"position\":2,\"name\":\"BMM-Saison vor dem Start\"}]},{\"@type\":\"WebSite\",\"@id\":\"http:\\\/\\\/sc-weisse-dame.de\\\/v3\\\/#website\",\"url\":\"http:\\\/\\\/sc-weisse-dame.de\\\/v3\\\/\",\"name\":\"SC Weisse Dame e. V.\",\"description\":\"Herzlich Willkommen!\",\"potentialAction\":[{\"@type\":\"SearchAction\",\"target\":{\"@type\":\"EntryPoint\",\"urlTemplate\":\"http:\\\/\\\/sc-weisse-dame.de\\\/v3\\\/?s={search_term_string}\"},\"query-input\":{\"@type\":\"PropertyValueSpecification\",\"valueRequired\":true,\"valueName\":\"search_term_string\"}}],\"inLanguage\":\"de\"},{\"@type\":\"Person\",\"@id\":\"http:\\\/\\\/sc-weisse-dame.de\\\/v3\\\/#\\\/schema\\\/person\\\/e7debd41bc2fbc0a04cf16fd0894bc69\",\"name\":\"Johannes St\u00f6ckel\",\"url\":\"http:\\\/\\\/sc-weisse-dame.de\\\/v3\\\/author\\\/johannes_stoeckel\\\/\"}]}<\/script>\n<!-- \/ Yoast SEO plugin. -->","yoast_head_json":{"title":"BMM-Saison vor dem Start - SC Weisse Dame e. V.","robots":{"index":"index","follow":"follow","max-snippet":"max-snippet:-1","max-image-preview":"max-image-preview:large","max-video-preview":"max-video-preview:-1"},"canonical":"http:\/\/sc-weisse-dame.de\/v3\/2019\/10\/bmm-saison-vor-dem-start\/","og_locale":"de_DE","og_type":"article","og_title":"BMM-Saison vor dem Start - SC Weisse Dame e. V.","og_description":"Am kommenden Sonntag werden unsere 7 BMM-Mannschaften mit Heimwettk\u00e4mpfen in den R\u00e4umen der Peter-Ustinov-Schule (Mensageb\u00e4ude) in die Saison starten (Zuschauer willkommen, Beginn: 9 Uhr, Umstellung auf Winterzeit beachten). Nicht unerw\u00e4hnt &hellip; BMM-Saison vor dem Start weiterlesen &rarr;","og_url":"http:\/\/sc-weisse-dame.de\/v3\/2019\/10\/bmm-saison-vor-dem-start\/","og_site_name":"SC Weisse Dame e. V.","article_published_time":"2019-10-25T13:30:49+00:00","article_modified_time":"2019-10-25T15:27:05+00:00","author":"Johannes St\u00f6ckel","twitter_card":"summary_large_image","twitter_misc":{"Verfasst von":"Johannes St\u00f6ckel","Gesch\u00e4tzte Lesezeit":"7\u00a0Minuten","Written by":"Johannes St\u00f6ckel"},"schema":{"@context":"https:\/\/schema.org","@graph":[{"@type":"Article","@id":"http:\/\/sc-weisse-dame.de\/v3\/2019\/10\/bmm-saison-vor-dem-start\/#article","isPartOf":{"@id":"http:\/\/sc-weisse-dame.de\/v3\/2019\/10\/bmm-saison-vor-dem-start\/"},"author":{"name":"Johannes St\u00f6ckel","@id":"http:\/\/sc-weisse-dame.de\/v3\/#\/schema\/person\/e7debd41bc2fbc0a04cf16fd0894bc69"},"headline":"BMM-Saison vor dem Start","datePublished":"2019-10-25T13:30:49+00:00","dateModified":"2019-10-25T15:27:05+00:00","mainEntityOfPage":{"@id":"http:\/\/sc-weisse-dame.de\/v3\/2019\/10\/bmm-saison-vor-dem-start\/"},"wordCount":1452,"commentCount":0,"articleSection":["BMM"],"inLanguage":"de","potentialAction":[{"@type":"CommentAction","name":"Comment","target":["http:\/\/sc-weisse-dame.de\/v3\/2019\/10\/bmm-saison-vor-dem-start\/#respond"]}]},{"@type":"WebPage","@id":"http:\/\/sc-weisse-dame.de\/v3\/2019\/10\/bmm-saison-vor-dem-start\/","url":"http:\/\/sc-weisse-dame.de\/v3\/2019\/10\/bmm-saison-vor-dem-start\/","name":"BMM-Saison vor dem Start - SC Weisse Dame e. V.","isPartOf":{"@id":"http:\/\/sc-weisse-dame.de\/v3\/#website"},"datePublished":"2019-10-25T13:30:49+00:00","dateModified":"2019-10-25T15:27:05+00:00","author":{"@id":"http:\/\/sc-weisse-dame.de\/v3\/#\/schema\/person\/e7debd41bc2fbc0a04cf16fd0894bc69"},"breadcrumb":{"@id":"http:\/\/sc-weisse-dame.de\/v3\/2019\/10\/bmm-saison-vor-dem-start\/#breadcrumb"},"inLanguage":"de","potentialAction":[{"@type":"ReadAction","target":["http:\/\/sc-weisse-dame.de\/v3\/2019\/10\/bmm-saison-vor-dem-start\/"]}]},{"@type":"BreadcrumbList","@id":"http:\/\/sc-weisse-dame.de\/v3\/2019\/10\/bmm-saison-vor-dem-start\/#breadcrumb","itemListElement":[{"@type":"ListItem","position":1,"name":"Startseite","item":"http:\/\/sc-weisse-dame.de\/v3\/"},{"@type":"ListItem","position":2,"name":"BMM-Saison vor dem Start"}]},{"@type":"WebSite","@id":"http:\/\/sc-weisse-dame.de\/v3\/#website","url":"http:\/\/sc-weisse-dame.de\/v3\/","name":"SC Weisse Dame e. V.","description":"Herzlich Willkommen!","potentialAction":[{"@type":"SearchAction","target":{"@type":"EntryPoint","urlTemplate":"http:\/\/sc-weisse-dame.de\/v3\/?s={search_term_string}"},"query-input":{"@type":"PropertyValueSpecification","valueRequired":true,"valueName":"search_term_string"}}],"inLanguage":"de"},{"@type":"Person","@id":"http:\/\/sc-weisse-dame.de\/v3\/#\/schema\/person\/e7debd41bc2fbc0a04cf16fd0894bc69","name":"Johannes St\u00f6ckel","url":"http:\/\/sc-weisse-dame.de\/v3\/author\/johannes_stoeckel\/"}]}},"_links":{"self":[{"href":"http:\/\/sc-weisse-dame.de\/v3\/wp-json\/wp\/v2\/posts\/13283","targetHints":{"allow":["GET"]}}],"collection":[{"href":"http:\/\/sc-weisse-dame.de\/v3\/wp-json\/wp\/v2\/posts"}],"about":[{"href":"http:\/\/sc-weisse-dame.de\/v3\/wp-json\/wp\/v2\/types\/post"}],"author":[{"embeddable":true,"href":"http:\/\/sc-weisse-dame.de\/v3\/wp-json\/wp\/v2\/users\/9"}],"replies":[{"embeddable":true,"href":"http:\/\/sc-weisse-dame.de\/v3\/wp-json\/wp\/v2\/comments?post=13283"}],"version-history":[{"count":8,"href":"http:\/\/sc-weisse-dame.de\/v3\/wp-json\/wp\/v2\/posts\/13283\/revisions"}],"predecessor-version":[{"id":13291,"href":"http:\/\/sc-weisse-dame.de\/v3\/wp-json\/wp\/v2\/posts\/13283\/revisions\/13291"}],"wp:attachment":[{"href":"http:\/\/sc-weisse-dame.de\/v3\/wp-json\/wp\/v2\/media?parent=13283"}],"wp:term":[{"taxonomy":"category","embeddable":true,"href":"http:\/\/sc-weisse-dame.de\/v3\/wp-json\/wp\/v2\/categories?post=13283"},{"taxonomy":"post_tag","embeddable":true,"href":"http:\/\/sc-weisse-dame.de\/v3\/wp-json\/wp\/v2\/tags?post=13283"},{"taxonomy":"author","embeddable":true,"href":"http:\/\/sc-weisse-dame.de\/v3\/wp-json\/wp\/v2\/coauthors?post=13283"}],"curies":[{"name":"wp","href":"https:\/\/api.w.org\/{rel}","templated":true}]}}