{"id":12901,"date":"2019-09-26T06:00:32","date_gmt":"2019-09-26T04:00:32","guid":{"rendered":"http:\/\/sc-weisse-dame.de\/v3\/?p=12901"},"modified":"2019-09-27T12:05:22","modified_gmt":"2019-09-27T10:05:22","slug":"bpem-2019-josef-steht-im-halbfinale","status":"publish","type":"post","link":"http:\/\/sc-weisse-dame.de\/v3\/2019\/09\/bpem-2019-josef-steht-im-halbfinale\/","title":{"rendered":"BPEM 2019: Josef verliert im Finale! (aktualisiert)"},"content":{"rendered":"\r\n<p>Die Live-\u00dcbertragung des Pokalfinales <a href=\"https:\/\/www.berlinerschachverband.de\/entry\/heute-finale-der-bpem-mit-live-uebertragung.html\">auf der BSV-Homepage<\/a> war bereits nach wenigen Minuten beendet, denn nach 4 (!) Z\u00fcgen einigten die beiden Spieler sich auf ein Remis. Der Blitzentscheid endete zun\u00e4chst 1:1, wobei der Titelverteidiger die 1. Blitzpartie gewann und die 2. Blitzpartie verlor. Die danach erforderliche &#8222;<a href=\"http:\/\/view.livechesscloud.com\/e07e9b6c-ce55-4baa-9110-488f3ac012e7\">Armageddon<\/a>&#8222;-Partie verlor Josef leider mit Wei\u00df, aber mit seinem Finaleinzug hat unser Eigengew\u00e4chs nicht nur ein pers\u00f6nliches Highlight erlebt, sondern auch die WEISSE DAME w\u00fcrdig vertreten.<\/p>\r\n<p><strong>Der Gl\u00fcckwunsch zum erneuten Pokalgewinn geht an den Titelverteidiger Paul Meyer-Dunker!<\/strong><\/p>\r\n<p>&nbsp;<\/p>\r\n\r\n<figure id=\"attachment_13075\" aria-describedby=\"caption-attachment-13075\" style=\"width: 1200px\" class=\"wp-caption aligncenter\"><img loading=\"lazy\" decoding=\"async\" class=\"wp-image-13075 size-full\" src=\"http:\/\/sc-weisse-dame.de\/v3\/wp-content\/uploads\/2019\/09\/BPEM-Finale-20190926_183919-mini.jpg\" alt=\"\" width=\"1200\" height=\"636\" srcset=\"http:\/\/sc-weisse-dame.de\/v3\/wp-content\/uploads\/2019\/09\/BPEM-Finale-20190926_183919-mini.jpg 1200w, http:\/\/sc-weisse-dame.de\/v3\/wp-content\/uploads\/2019\/09\/BPEM-Finale-20190926_183919-mini-600x318.jpg 600w\" sizes=\"auto, (max-width: 1200px) 100vw, 1200px\" \/><figcaption id=\"caption-attachment-13075\" class=\"wp-caption-text\">Die beiden Finalisten w\u00e4hrend der 1. Blitzpartie, die der Titelverteidiger mit den wei\u00dfen Steinen gewann. (Foto: Manfred Lenhardt)<\/figcaption><\/figure>\r\n\r\n<p>&nbsp;<\/p>\r\n<hr \/>\r\n<p><!--more--><\/p>\r\n<p>&nbsp;<\/p>\r\n<p>Trotz der Finalniederlage hat sich Josef f\u00fcr den Deutschen Einzelpokal qualifiziert, der wohl wieder im Rahmen des Meisterschaftsgipfels in Magdeburg ausgetragen wird.<\/p>\r\n<p>&nbsp;<\/p>\r\n\r\n<figure id=\"attachment_13086\" aria-describedby=\"caption-attachment-13086\" style=\"width: 1109px\" class=\"wp-caption aligncenter\"><a href=\"https:\/\/www.berlinerschachverband.de\/files\/bsv\/images\/2019\/09\/BSV_BPEM_2019_Abschlusstabelle.pdf\"><img loading=\"lazy\" decoding=\"async\" class=\"wp-image-13086 size-full\" src=\"http:\/\/sc-weisse-dame.de\/v3\/wp-content\/uploads\/2019\/09\/2019-BPEM-Swiss-Chess-Dokument.jpg\" alt=\"\" width=\"1109\" height=\"421\" srcset=\"http:\/\/sc-weisse-dame.de\/v3\/wp-content\/uploads\/2019\/09\/2019-BPEM-Swiss-Chess-Dokument.jpg 1109w, http:\/\/sc-weisse-dame.de\/v3\/wp-content\/uploads\/2019\/09\/2019-BPEM-Swiss-Chess-Dokument-600x228.jpg 600w\" sizes=\"auto, (max-width: 1109px) 100vw, 1109px\" \/><\/a><figcaption id=\"caption-attachment-13086\" class=\"wp-caption-text\"><a href=\"https:\/\/www.berlinerschachverband.de\/files\/bsv\/images\/2019\/09\/BSV_BPEM_2019_Abschlusstabelle.pdf\">Zur Gesamttabelle<\/a><\/figcaption><\/figure>\r\n\r\n<p>&nbsp;<\/p>\r\n<hr \/>\r\n<p>NEWS vom 19.09.2019\/CG<\/p>\r\n<p><strong>BPEM 2019: Josef steht im Finale!<\/strong><\/p>\r\n<p>&nbsp;<\/p>\r\n\r\n<figure id=\"attachment_12991\" aria-describedby=\"caption-attachment-12991\" style=\"width: 1000px\" class=\"wp-caption aligncenter\"><img loading=\"lazy\" decoding=\"async\" class=\"wp-image-12991 size-full\" src=\"http:\/\/sc-weisse-dame.de\/v3\/wp-content\/uploads\/2019\/09\/2019-BPEM-S.A.-vs-J.-G.-20190919_203615.jpg\" alt=\"\" width=\"1000\" height=\"964\" srcset=\"http:\/\/sc-weisse-dame.de\/v3\/wp-content\/uploads\/2019\/09\/2019-BPEM-S.A.-vs-J.-G.-20190919_203615.jpg 1000w, http:\/\/sc-weisse-dame.de\/v3\/wp-content\/uploads\/2019\/09\/2019-BPEM-S.A.-vs-J.-G.-20190919_203615-600x578.jpg 600w\" sizes=\"auto, (max-width: 1000px) 100vw, 1000px\" \/><figcaption id=\"caption-attachment-12991\" class=\"wp-caption-text\">Nach Einsch\u00e4tzung unseres vor Ort weilenden Fotoreporters Manfred Lenhardt gewann Josef eine souver\u00e4n gef\u00fchrte Partie und qualifizierte sich nicht nur f\u00fcrs <a href=\"https:\/\/www.berlinerschachverband.de\/bpem2019.html\">BPEM-Finale<\/a>, sondern gleichzeitig auch f\u00fcr die Finalrunde des D\u00e4hne-Pokals.<\/figcaption><\/figure>\r\n\r\n<hr \/>\r\n<p>&nbsp;<\/p>\r\n\r\n<figure id=\"attachment_12993\" aria-describedby=\"caption-attachment-12993\" style=\"width: 1308px\" class=\"wp-caption aligncenter\"><img loading=\"lazy\" decoding=\"async\" class=\"wp-image-12993 size-full\" src=\"http:\/\/sc-weisse-dame.de\/v3\/wp-content\/uploads\/2019\/09\/2019-BPEM-P.MD_.-vs-M.Sch_.-20190919_203615.jpg\" alt=\"\" width=\"1308\" height=\"1164\" srcset=\"http:\/\/sc-weisse-dame.de\/v3\/wp-content\/uploads\/2019\/09\/2019-BPEM-P.MD_.-vs-M.Sch_.-20190919_203615.jpg 1308w, http:\/\/sc-weisse-dame.de\/v3\/wp-content\/uploads\/2019\/09\/2019-BPEM-P.MD_.-vs-M.Sch_.-20190919_203615-600x534.jpg 600w\" sizes=\"auto, (max-width: 1308px) 100vw, 1308px\" \/><figcaption id=\"caption-attachment-12993\" class=\"wp-caption-text\">Josefs Finalgegner war zum Zeitpunkt der Berichterstellung im wahrsten Sinne des Wortes noch nicht zu erkennen &#8230;\u00a0 \u00a0 \ud83d\ude09<\/figcaption><\/figure>\r\n\r\n<p>&nbsp;<\/p>\r\n<hr \/>\r\n<p>NEWS\u00a0 vom 12.09.2019\/CG<\/p>\r\n<p><strong>BPEM 2019: Josef steht im Halbfinale!<\/strong><\/p>\r\n<p>Im Viertelfinale der <strong><a href=\"https:\/\/www.berlinerschachverband.de\/bpem2019.html\">Berliner Pokaleinzelmeisterschaft<\/a><\/strong> (BPEM) besiegte <strong>Josef Gelman<\/strong> (WeDa &#8211; DWZ 1950) mit den schwarzen Steinen den favorisierten <em>Thilo Keskowski (Bero &#8211; DWZ 2085)<\/em> und zog so ins Halbfinale ein. Dort trifft er &#8211; wieder mit Schwarz &#8211; auf <em>Silvio Alten (Mattnetz &#8211; DWZ 1866)<\/em>.<\/p>\r\n","protected":false},"excerpt":{"rendered":"<p>Die Live-\u00dcbertragung des Pokalfinales auf der BSV-Homepage war bereits nach wenigen Minuten beendet, denn nach 4 (!) Z\u00fcgen einigten die beiden Spieler sich auf ein Remis. Der Blitzentscheid endete zun\u00e4chst &hellip; <a href=\"http:\/\/sc-weisse-dame.de\/v3\/2019\/09\/bpem-2019-josef-steht-im-halbfinale\/\" class=\"more-link\"><span class=\"screen-reader-text\">BPEM 2019: Josef verliert im Finale! (aktualisiert)<\/span> weiterlesen <span class=\"meta-nav\">&rarr;<\/span><\/a><\/p>\n","protected":false},"author":5,"featured_media":0,"comment_status":"open","ping_status":"closed","sticky":false,"template":"","format":"standard","meta":{"_price":"","_stock":"","_tribe_ticket_header":"","_tribe_default_ticket_provider":"","_tribe_ticket_capacity":"0","_ticket_start_date":"","_ticket_end_date":"","_tribe_ticket_show_description":"","_tribe_ticket_show_not_going":false,"_tribe_ticket_use_global_stock":"","_tribe_ticket_global_stock_level":"","_global_stock_mode":"","_global_stock_cap":"","_tribe_rsvp_for_event":"","_tribe_ticket_going_count":"","_tribe_ticket_not_going_count":"","_tribe_tickets_list":"[]","_tribe_ticket_has_attendee_info_fields":false,"footnotes":""},"categories":[31,36],"tags":[],"coauthors":[50],"class_list":["post-12901","post","type-post","status-publish","format-standard","hentry","category-bsv-turniere","category-historisches"],"yoast_head":"<!-- This site is optimized with the Yoast SEO plugin v27.4 - https:\/\/yoast.com\/product\/yoast-seo-wordpress\/ -->\n<title>BPEM 2019: Josef verliert im Finale! (aktualisiert) - SC Weisse Dame e. V.<\/title>\n<meta name=\"robots\" content=\"index, follow, max-snippet:-1, max-image-preview:large, max-video-preview:-1\" \/>\n<link rel=\"canonical\" href=\"http:\/\/sc-weisse-dame.de\/v3\/2019\/09\/bpem-2019-josef-steht-im-halbfinale\/\" \/>\n<meta property=\"og:locale\" content=\"de_DE\" \/>\n<meta property=\"og:type\" content=\"article\" \/>\n<meta property=\"og:title\" content=\"BPEM 2019: Josef verliert im Finale! (aktualisiert) - SC Weisse Dame e. V.\" \/>\n<meta property=\"og:description\" content=\"Die Live-\u00dcbertragung des Pokalfinales auf der BSV-Homepage war bereits nach wenigen Minuten beendet, denn nach 4 (!) Z\u00fcgen einigten die beiden Spieler sich auf ein Remis. Der Blitzentscheid endete zun\u00e4chst &hellip; BPEM 2019: Josef verliert im Finale! (aktualisiert) weiterlesen &rarr;\" \/>\n<meta property=\"og:url\" content=\"http:\/\/sc-weisse-dame.de\/v3\/2019\/09\/bpem-2019-josef-steht-im-halbfinale\/\" \/>\n<meta property=\"og:site_name\" content=\"SC Weisse Dame e. V.\" \/>\n<meta property=\"article:published_time\" content=\"2019-09-26T04:00:32+00:00\" \/>\n<meta property=\"article:modified_time\" content=\"2019-09-27T10:05:22+00:00\" \/>\n<meta property=\"og:image\" content=\"http:\/\/sc-weisse-dame.de\/v3\/wp-content\/uploads\/2019\/09\/BPEM-Finale-20190926_183919-mini.jpg\" \/>\n<meta name=\"author\" content=\"Christian Greiser\" \/>\n<meta name=\"twitter:card\" content=\"summary_large_image\" \/>\n<meta name=\"twitter:label1\" content=\"Verfasst von\" \/>\n\t<meta name=\"twitter:data1\" content=\"Christian Greiser\" \/>\n\t<meta name=\"twitter:label2\" content=\"Gesch\u00e4tzte Lesezeit\" \/>\n\t<meta name=\"twitter:data2\" content=\"1\u00a0Minute\" \/>\n\t<meta name=\"twitter:label3\" content=\"Written by\" \/>\n\t<meta name=\"twitter:data3\" content=\"Christian Greiser\" \/>\n<script type=\"application\/ld+json\" class=\"yoast-schema-graph\">{\"@context\":\"https:\\\/\\\/schema.org\",\"@graph\":[{\"@type\":\"Article\",\"@id\":\"http:\\\/\\\/sc-weisse-dame.de\\\/v3\\\/2019\\\/09\\\/bpem-2019-josef-steht-im-halbfinale\\\/#article\",\"isPartOf\":{\"@id\":\"http:\\\/\\\/sc-weisse-dame.de\\\/v3\\\/2019\\\/09\\\/bpem-2019-josef-steht-im-halbfinale\\\/\"},\"author\":{\"name\":\"Christian Greiser\",\"@id\":\"http:\\\/\\\/sc-weisse-dame.de\\\/v3\\\/#\\\/schema\\\/person\\\/c262da3a19176713e7a6632f64caa946\"},\"headline\":\"BPEM 2019: Josef verliert im Finale! (aktualisiert)\",\"datePublished\":\"2019-09-26T04:00:32+00:00\",\"dateModified\":\"2019-09-27T10:05:22+00:00\",\"mainEntityOfPage\":{\"@id\":\"http:\\\/\\\/sc-weisse-dame.de\\\/v3\\\/2019\\\/09\\\/bpem-2019-josef-steht-im-halbfinale\\\/\"},\"wordCount\":284,\"commentCount\":0,\"image\":{\"@id\":\"http:\\\/\\\/sc-weisse-dame.de\\\/v3\\\/2019\\\/09\\\/bpem-2019-josef-steht-im-halbfinale\\\/#primaryimage\"},\"thumbnailUrl\":\"http:\\\/\\\/sc-weisse-dame.de\\\/v3\\\/wp-content\\\/uploads\\\/2019\\\/09\\\/BPEM-Finale-20190926_183919-mini.jpg\",\"articleSection\":[\"BSV-Turniere\",\"Historisches\"],\"inLanguage\":\"de\",\"potentialAction\":[{\"@type\":\"CommentAction\",\"name\":\"Comment\",\"target\":[\"http:\\\/\\\/sc-weisse-dame.de\\\/v3\\\/2019\\\/09\\\/bpem-2019-josef-steht-im-halbfinale\\\/#respond\"]}]},{\"@type\":\"WebPage\",\"@id\":\"http:\\\/\\\/sc-weisse-dame.de\\\/v3\\\/2019\\\/09\\\/bpem-2019-josef-steht-im-halbfinale\\\/\",\"url\":\"http:\\\/\\\/sc-weisse-dame.de\\\/v3\\\/2019\\\/09\\\/bpem-2019-josef-steht-im-halbfinale\\\/\",\"name\":\"BPEM 2019: Josef verliert im Finale! (aktualisiert) - SC Weisse Dame e. V.\",\"isPartOf\":{\"@id\":\"http:\\\/\\\/sc-weisse-dame.de\\\/v3\\\/#website\"},\"primaryImageOfPage\":{\"@id\":\"http:\\\/\\\/sc-weisse-dame.de\\\/v3\\\/2019\\\/09\\\/bpem-2019-josef-steht-im-halbfinale\\\/#primaryimage\"},\"image\":{\"@id\":\"http:\\\/\\\/sc-weisse-dame.de\\\/v3\\\/2019\\\/09\\\/bpem-2019-josef-steht-im-halbfinale\\\/#primaryimage\"},\"thumbnailUrl\":\"http:\\\/\\\/sc-weisse-dame.de\\\/v3\\\/wp-content\\\/uploads\\\/2019\\\/09\\\/BPEM-Finale-20190926_183919-mini.jpg\",\"datePublished\":\"2019-09-26T04:00:32+00:00\",\"dateModified\":\"2019-09-27T10:05:22+00:00\",\"author\":{\"@id\":\"http:\\\/\\\/sc-weisse-dame.de\\\/v3\\\/#\\\/schema\\\/person\\\/c262da3a19176713e7a6632f64caa946\"},\"breadcrumb\":{\"@id\":\"http:\\\/\\\/sc-weisse-dame.de\\\/v3\\\/2019\\\/09\\\/bpem-2019-josef-steht-im-halbfinale\\\/#breadcrumb\"},\"inLanguage\":\"de\",\"potentialAction\":[{\"@type\":\"ReadAction\",\"target\":[\"http:\\\/\\\/sc-weisse-dame.de\\\/v3\\\/2019\\\/09\\\/bpem-2019-josef-steht-im-halbfinale\\\/\"]}]},{\"@type\":\"ImageObject\",\"inLanguage\":\"de\",\"@id\":\"http:\\\/\\\/sc-weisse-dame.de\\\/v3\\\/2019\\\/09\\\/bpem-2019-josef-steht-im-halbfinale\\\/#primaryimage\",\"url\":\"http:\\\/\\\/sc-weisse-dame.de\\\/v3\\\/wp-content\\\/uploads\\\/2019\\\/09\\\/BPEM-Finale-20190926_183919-mini.jpg\",\"contentUrl\":\"http:\\\/\\\/sc-weisse-dame.de\\\/v3\\\/wp-content\\\/uploads\\\/2019\\\/09\\\/BPEM-Finale-20190926_183919-mini.jpg\",\"width\":1200,\"height\":636},{\"@type\":\"BreadcrumbList\",\"@id\":\"http:\\\/\\\/sc-weisse-dame.de\\\/v3\\\/2019\\\/09\\\/bpem-2019-josef-steht-im-halbfinale\\\/#breadcrumb\",\"itemListElement\":[{\"@type\":\"ListItem\",\"position\":1,\"name\":\"Startseite\",\"item\":\"http:\\\/\\\/sc-weisse-dame.de\\\/v3\\\/\"},{\"@type\":\"ListItem\",\"position\":2,\"name\":\"BPEM 2019: Josef verliert im Finale! (aktualisiert)\"}]},{\"@type\":\"WebSite\",\"@id\":\"http:\\\/\\\/sc-weisse-dame.de\\\/v3\\\/#website\",\"url\":\"http:\\\/\\\/sc-weisse-dame.de\\\/v3\\\/\",\"name\":\"SC Weisse Dame e. V.\",\"description\":\"Herzlich Willkommen!\",\"potentialAction\":[{\"@type\":\"SearchAction\",\"target\":{\"@type\":\"EntryPoint\",\"urlTemplate\":\"http:\\\/\\\/sc-weisse-dame.de\\\/v3\\\/?s={search_term_string}\"},\"query-input\":{\"@type\":\"PropertyValueSpecification\",\"valueRequired\":true,\"valueName\":\"search_term_string\"}}],\"inLanguage\":\"de\"},{\"@type\":\"Person\",\"@id\":\"http:\\\/\\\/sc-weisse-dame.de\\\/v3\\\/#\\\/schema\\\/person\\\/c262da3a19176713e7a6632f64caa946\",\"name\":\"Christian Greiser\",\"url\":\"http:\\\/\\\/sc-weisse-dame.de\\\/v3\\\/author\\\/christian_greiser\\\/\"}]}<\/script>\n<!-- \/ Yoast SEO plugin. -->","yoast_head_json":{"title":"BPEM 2019: Josef verliert im Finale! (aktualisiert) - SC Weisse Dame e. V.","robots":{"index":"index","follow":"follow","max-snippet":"max-snippet:-1","max-image-preview":"max-image-preview:large","max-video-preview":"max-video-preview:-1"},"canonical":"http:\/\/sc-weisse-dame.de\/v3\/2019\/09\/bpem-2019-josef-steht-im-halbfinale\/","og_locale":"de_DE","og_type":"article","og_title":"BPEM 2019: Josef verliert im Finale! (aktualisiert) - SC Weisse Dame e. V.","og_description":"Die Live-\u00dcbertragung des Pokalfinales auf der BSV-Homepage war bereits nach wenigen Minuten beendet, denn nach 4 (!) Z\u00fcgen einigten die beiden Spieler sich auf ein Remis. Der Blitzentscheid endete zun\u00e4chst &hellip; BPEM 2019: Josef verliert im Finale! (aktualisiert) weiterlesen &rarr;","og_url":"http:\/\/sc-weisse-dame.de\/v3\/2019\/09\/bpem-2019-josef-steht-im-halbfinale\/","og_site_name":"SC Weisse Dame e. V.","article_published_time":"2019-09-26T04:00:32+00:00","article_modified_time":"2019-09-27T10:05:22+00:00","og_image":[{"url":"http:\/\/sc-weisse-dame.de\/v3\/wp-content\/uploads\/2019\/09\/BPEM-Finale-20190926_183919-mini.jpg","type":"","width":"","height":""}],"author":"Christian Greiser","twitter_card":"summary_large_image","twitter_misc":{"Verfasst von":"Christian Greiser","Gesch\u00e4tzte Lesezeit":"1\u00a0Minute","Written by":"Christian Greiser"},"schema":{"@context":"https:\/\/schema.org","@graph":[{"@type":"Article","@id":"http:\/\/sc-weisse-dame.de\/v3\/2019\/09\/bpem-2019-josef-steht-im-halbfinale\/#article","isPartOf":{"@id":"http:\/\/sc-weisse-dame.de\/v3\/2019\/09\/bpem-2019-josef-steht-im-halbfinale\/"},"author":{"name":"Christian Greiser","@id":"http:\/\/sc-weisse-dame.de\/v3\/#\/schema\/person\/c262da3a19176713e7a6632f64caa946"},"headline":"BPEM 2019: Josef verliert im Finale! (aktualisiert)","datePublished":"2019-09-26T04:00:32+00:00","dateModified":"2019-09-27T10:05:22+00:00","mainEntityOfPage":{"@id":"http:\/\/sc-weisse-dame.de\/v3\/2019\/09\/bpem-2019-josef-steht-im-halbfinale\/"},"wordCount":284,"commentCount":0,"image":{"@id":"http:\/\/sc-weisse-dame.de\/v3\/2019\/09\/bpem-2019-josef-steht-im-halbfinale\/#primaryimage"},"thumbnailUrl":"http:\/\/sc-weisse-dame.de\/v3\/wp-content\/uploads\/2019\/09\/BPEM-Finale-20190926_183919-mini.jpg","articleSection":["BSV-Turniere","Historisches"],"inLanguage":"de","potentialAction":[{"@type":"CommentAction","name":"Comment","target":["http:\/\/sc-weisse-dame.de\/v3\/2019\/09\/bpem-2019-josef-steht-im-halbfinale\/#respond"]}]},{"@type":"WebPage","@id":"http:\/\/sc-weisse-dame.de\/v3\/2019\/09\/bpem-2019-josef-steht-im-halbfinale\/","url":"http:\/\/sc-weisse-dame.de\/v3\/2019\/09\/bpem-2019-josef-steht-im-halbfinale\/","name":"BPEM 2019: Josef verliert im Finale! (aktualisiert) - SC Weisse Dame e. V.","isPartOf":{"@id":"http:\/\/sc-weisse-dame.de\/v3\/#website"},"primaryImageOfPage":{"@id":"http:\/\/sc-weisse-dame.de\/v3\/2019\/09\/bpem-2019-josef-steht-im-halbfinale\/#primaryimage"},"image":{"@id":"http:\/\/sc-weisse-dame.de\/v3\/2019\/09\/bpem-2019-josef-steht-im-halbfinale\/#primaryimage"},"thumbnailUrl":"http:\/\/sc-weisse-dame.de\/v3\/wp-content\/uploads\/2019\/09\/BPEM-Finale-20190926_183919-mini.jpg","datePublished":"2019-09-26T04:00:32+00:00","dateModified":"2019-09-27T10:05:22+00:00","author":{"@id":"http:\/\/sc-weisse-dame.de\/v3\/#\/schema\/person\/c262da3a19176713e7a6632f64caa946"},"breadcrumb":{"@id":"http:\/\/sc-weisse-dame.de\/v3\/2019\/09\/bpem-2019-josef-steht-im-halbfinale\/#breadcrumb"},"inLanguage":"de","potentialAction":[{"@type":"ReadAction","target":["http:\/\/sc-weisse-dame.de\/v3\/2019\/09\/bpem-2019-josef-steht-im-halbfinale\/"]}]},{"@type":"ImageObject","inLanguage":"de","@id":"http:\/\/sc-weisse-dame.de\/v3\/2019\/09\/bpem-2019-josef-steht-im-halbfinale\/#primaryimage","url":"http:\/\/sc-weisse-dame.de\/v3\/wp-content\/uploads\/2019\/09\/BPEM-Finale-20190926_183919-mini.jpg","contentUrl":"http:\/\/sc-weisse-dame.de\/v3\/wp-content\/uploads\/2019\/09\/BPEM-Finale-20190926_183919-mini.jpg","width":1200,"height":636},{"@type":"BreadcrumbList","@id":"http:\/\/sc-weisse-dame.de\/v3\/2019\/09\/bpem-2019-josef-steht-im-halbfinale\/#breadcrumb","itemListElement":[{"@type":"ListItem","position":1,"name":"Startseite","item":"http:\/\/sc-weisse-dame.de\/v3\/"},{"@type":"ListItem","position":2,"name":"BPEM 2019: Josef verliert im Finale! (aktualisiert)"}]},{"@type":"WebSite","@id":"http:\/\/sc-weisse-dame.de\/v3\/#website","url":"http:\/\/sc-weisse-dame.de\/v3\/","name":"SC Weisse Dame e. V.","description":"Herzlich Willkommen!","potentialAction":[{"@type":"SearchAction","target":{"@type":"EntryPoint","urlTemplate":"http:\/\/sc-weisse-dame.de\/v3\/?s={search_term_string}"},"query-input":{"@type":"PropertyValueSpecification","valueRequired":true,"valueName":"search_term_string"}}],"inLanguage":"de"},{"@type":"Person","@id":"http:\/\/sc-weisse-dame.de\/v3\/#\/schema\/person\/c262da3a19176713e7a6632f64caa946","name":"Christian Greiser","url":"http:\/\/sc-weisse-dame.de\/v3\/author\/christian_greiser\/"}]}},"_links":{"self":[{"href":"http:\/\/sc-weisse-dame.de\/v3\/wp-json\/wp\/v2\/posts\/12901","targetHints":{"allow":["GET"]}}],"collection":[{"href":"http:\/\/sc-weisse-dame.de\/v3\/wp-json\/wp\/v2\/posts"}],"about":[{"href":"http:\/\/sc-weisse-dame.de\/v3\/wp-json\/wp\/v2\/types\/post"}],"author":[{"embeddable":true,"href":"http:\/\/sc-weisse-dame.de\/v3\/wp-json\/wp\/v2\/users\/5"}],"replies":[{"embeddable":true,"href":"http:\/\/sc-weisse-dame.de\/v3\/wp-json\/wp\/v2\/comments?post=12901"}],"version-history":[{"count":10,"href":"http:\/\/sc-weisse-dame.de\/v3\/wp-json\/wp\/v2\/posts\/12901\/revisions"}],"predecessor-version":[{"id":13089,"href":"http:\/\/sc-weisse-dame.de\/v3\/wp-json\/wp\/v2\/posts\/12901\/revisions\/13089"}],"wp:attachment":[{"href":"http:\/\/sc-weisse-dame.de\/v3\/wp-json\/wp\/v2\/media?parent=12901"}],"wp:term":[{"taxonomy":"category","embeddable":true,"href":"http:\/\/sc-weisse-dame.de\/v3\/wp-json\/wp\/v2\/categories?post=12901"},{"taxonomy":"post_tag","embeddable":true,"href":"http:\/\/sc-weisse-dame.de\/v3\/wp-json\/wp\/v2\/tags?post=12901"},{"taxonomy":"author","embeddable":true,"href":"http:\/\/sc-weisse-dame.de\/v3\/wp-json\/wp\/v2\/coauthors?post=12901"}],"curies":[{"name":"wp","href":"https:\/\/api.w.org\/{rel}","templated":true}]}}