{"id":12750,"date":"2019-09-02T23:56:01","date_gmt":"2019-09-02T21:56:01","guid":{"rendered":"http:\/\/sc-weisse-dame.de\/v3\/?p=12750"},"modified":"2019-09-03T00:11:00","modified_gmt":"2019-09-02T22:11:00","slug":"kinder-sommeropen-und-bjem-vorrunde-teil-1","status":"publish","type":"post","link":"http:\/\/sc-weisse-dame.de\/v3\/2019\/09\/kinder-sommeropen-und-bjem-vorrunde-teil-1\/","title":{"rendered":"Kinder-Sommeropen und BJEM-Vorrunde (Teil 1)"},"content":{"rendered":"<figure id=\"attachment_12754\" aria-describedby=\"caption-attachment-12754\" style=\"width: 3735px\" class=\"wp-caption alignnone\"><img loading=\"lazy\" decoding=\"async\" class=\"wp-image-12754 size-full\" src=\"http:\/\/sc-weisse-dame.de\/v3\/wp-content\/uploads\/2019\/09\/2019-Kinder-Sommeropen.jpg\" alt=\"\" width=\"3735\" height=\"2801\" srcset=\"http:\/\/sc-weisse-dame.de\/v3\/wp-content\/uploads\/2019\/09\/2019-Kinder-Sommeropen.jpg 3735w, http:\/\/sc-weisse-dame.de\/v3\/wp-content\/uploads\/2019\/09\/2019-Kinder-Sommeropen-600x450.jpg 600w\" sizes=\"auto, (max-width: 3735px) 100vw, 3735px\" \/><figcaption id=\"caption-attachment-12754\" class=\"wp-caption-text\">Partievor- und Nachbereitung auf dem Fu\u00dfboden in der Freien Universit\u00e4t (Foto: Hendrik)<\/figcaption><\/figure>\n<p>W\u00e4hrend der Erwachsenenbereich gef\u00fchlt noch in der Sommerpause ist, l\u00e4uft der Turnierbetrieb im Kinder- und Jugendbereich bereits auf Hochtouren. Am vergangenen Wochenende fanden in R\u00e4umlichkeiten der Freien Universit\u00e4t das Kinder- und Jugend-Sommeropen, sowie der 1. Teil der\u00a0 Vorrunden zu den Berliner Jugend-Einzelmeisterschaften in den Altersklassen U10 bis U14 statt.<\/p>\n<p>Das <strong>Kinder-Sommeropen <\/strong>wurde erstmals mit 5 Runden Schnellschach an einem Tag gespiel. Von den insgesamt 5 Kindern aus unseren Reihen gelang dabei <strong>Frida<\/strong> das beste Ergebnis, die 3 Punkte erzielen konnte.\u00a0<\/p>\n<p><!--more--><\/p>\n<p><strong>Kinder-Sommeropen (Endstand)<\/strong><\/p>\n<table>\n<tbody>\n<tr>\n<th width=\"139\">\n<p><strong>Name<\/strong><\/p>\n<\/th>\n<th width=\"51\">\n<p><strong>1<\/strong><\/p>\n<\/th>\n<th width=\"51\">\n<p><strong>2<\/strong><\/p>\n<\/th>\n<th width=\"51\">\n<p><strong>3<\/strong><\/p>\n<\/th>\n<th width=\"50\">\n<p><strong>4<\/strong><\/p>\n<\/th>\n<th width=\"49\">\n<p><strong>5<\/strong><\/p>\n<\/th>\n<th width=\"66\">\n<p><strong>Summe<\/strong><\/p>\n<\/th>\n<\/tr>\n<tr>\n<td width=\"139\">\n<p>Frida Sachsenr\u00f6der<\/p>\n<\/td>\n<td width=\"51\">\n<p>0<\/p>\n<\/td>\n<td width=\"51\">\n<p>\u00bd<\/p>\n<\/td>\n<td width=\"51\">\n<p>(\u00bd)<\/p>\n<\/td>\n<td width=\"50\">\n<p>1<\/p>\n<\/td>\n<td width=\"49\">\n<p>1<\/p>\n<\/td>\n<td width=\"66\">\n<p>3,0<\/p>\n<\/td>\n<\/tr>\n<tr>\n<td width=\"139\">\n<p>Ben Schumacher<\/p>\n<\/td>\n<td width=\"51\">\n<p>0<\/p>\n<\/td>\n<td width=\"51\">\n<p>1<\/p>\n<\/td>\n<td width=\"51\">\n<p>0<\/p>\n<\/td>\n<td width=\"50\">\n<p>1<\/p>\n<\/td>\n<td width=\"49\">\n<p>0<\/p>\n<\/td>\n<td width=\"66\">\n<p>2,0<\/p>\n<\/td>\n<\/tr>\n<tr>\n<td width=\"139\">\n<p>Aman Atayev<\/p>\n<\/td>\n<td width=\"51\">\n<p>0<\/p>\n<\/td>\n<td width=\"51\">\n<p>(1)<\/p>\n<\/td>\n<td width=\"51\">\n<p>0<\/p>\n<\/td>\n<td width=\"50\">\n<p>0<\/p>\n<\/td>\n<td width=\"49\">\n<p>\u00bd<\/p>\n<\/td>\n<td width=\"66\">\n<p>1,5<\/p>\n<\/td>\n<\/tr>\n<tr>\n<td width=\"139\">\n<p>Maya Kilian<\/p>\n<\/td>\n<td width=\"51\">\n<p>0<\/p>\n<\/td>\n<td width=\"51\">\n<p>(0)<\/p>\n<\/td>\n<td width=\"51\">\n<p>0<\/p>\n<\/td>\n<td width=\"50\">\n<p>1<\/p>\n<\/td>\n<td width=\"49\">\n<p>0<\/p>\n<\/td>\n<td width=\"66\">\n<p>1,0<\/p>\n<\/td>\n<\/tr>\n<tr>\n<td width=\"139\">\n<p>Andy Liu<\/p>\n<\/td>\n<td width=\"51\">\n<p>0<\/p>\n<\/td>\n<td width=\"51\">\n<p>0<\/p>\n<\/td>\n<td width=\"51\">\n<p>(\u00bd)<\/p>\n<\/td>\n<td width=\"50\">\n<p>0<\/p>\n<\/td>\n<td width=\"49\">\n<p>0<\/p>\n<\/td>\n<td width=\"66\">\n<p>0,5<\/p>\n<\/td>\n<\/tr>\n<\/tbody>\n<\/table>\n<p>Das folgende Beispiel zeigt, dass die Turnierbetreuung nicht immer ein Vergn\u00fcgen ist. Wei\u00df (Mitglied der WEISSEN DAME) hat alles richtig gemacht, und wird in K\u00fcrze einen seiner drei Mehrbauern in eine Dame umwandeln. Aber Schwarz hat noch einen letzten Trick &#8230;<\/p>\n<figure id=\"attachment_12755\" aria-describedby=\"caption-attachment-12755\" style=\"width: 464px\" class=\"wp-caption alignnone\"><img loading=\"lazy\" decoding=\"async\" class=\"wp-image-12755 size-full\" src=\"http:\/\/sc-weisse-dame.de\/v3\/wp-content\/uploads\/2019\/09\/Leiden-des-Jugendwarts.jpg\" alt=\"\" width=\"464\" height=\"464\" \/><figcaption id=\"caption-attachment-12755\" class=\"wp-caption-text\">Die Leiden des Jugendwarts &#8230;<\/figcaption><\/figure>\n<p>&#8230; und spielte in dieser Stellung <strong>1&#8230;Td8-d1<\/strong>. Wei\u00df freute sich, dass er den Bauern umwandeln konnte: <strong>2.f7-f8=D<\/strong> und wurde nun vom Zug <strong>2&#8230;Td1-e1<\/strong> <strong>matt<\/strong> sehr unangenehm \u00fcberrascht. So ungerecht kann Schach sein!<\/p>\n<hr \/>\n<p><span style=\"color: #0000ff;\"><strong>U25-Turnier um den &#8222;Pokal ohne Namen&#8220; (Zwischenstand)<\/strong><\/span><\/p>\n<table>\n<tbody>\n<tr>\n<th width=\"139\">\n<p><strong>Name<\/strong><\/p>\n<\/th>\n<th width=\"48\">\n<p><strong>TWZ<\/strong><\/p>\n<\/th>\n<th width=\"51\">\n<p><strong>1<\/strong><\/p>\n<\/th>\n<th width=\"51\">\n<p><strong>2<\/strong><\/p>\n<\/th>\n<th width=\"51\">\n<p><strong>3<\/strong><\/p>\n<\/th>\n<th width=\"50\">\n<p><strong>4<\/strong><\/p>\n<\/th>\n<th width=\"49\">\n<p><strong>5<\/strong><\/p>\n<\/th>\n<th width=\"66\">\n<p><strong>Summe<\/strong><\/p>\n<\/th>\n<\/tr>\n<tr>\n<td width=\"139\">\n<p>Coco Lepu Zhou<\/p>\n<\/td>\n<td width=\"48\">\n<p>1777<\/p>\n<\/td>\n<td width=\"51\">\n<p>(1)<\/p>\n<\/td>\n<td width=\"51\">\n<p>1<\/p>\n<\/td>\n<td width=\"51\">\n<p>\u00bd<\/p>\n<\/td>\n<td width=\"50\">\n<p>&nbsp;<\/p>\n<\/td>\n<td width=\"49\">\n<p>&nbsp;<\/p>\n<\/td>\n<td width=\"66\">\n<p>2,5<\/p>\n<\/td>\n<\/tr>\n<tr>\n<td width=\"139\">\n<p>Anna Gutmann<\/p>\n<\/td>\n<td width=\"48\">\n<p>1692<\/p>\n<\/td>\n<td width=\"51\">\n<p>0<\/p>\n<\/td>\n<td width=\"51\">\n<p>\u00bd<\/p>\n<\/td>\n<td width=\"51\">\n<p>0<\/p>\n<\/td>\n<td width=\"50\">\n<p>&nbsp;<\/p>\n<\/td>\n<td width=\"49\">\n<p>&nbsp;<\/p>\n<\/td>\n<td width=\"66\">\n<p>0,5<\/p>\n<\/td>\n<\/tr>\n<tr>\n<td width=\"139\">\n<p>Sophie Fayngold<\/p>\n<\/td>\n<td width=\"48\">\n<p>1581<\/p>\n<\/td>\n<td width=\"51\">\n<p>(0)<\/p>\n<\/td>\n<td width=\"51\">\n<p>1<\/p>\n<\/td>\n<td width=\"51\">\n<p>1<\/p>\n<\/td>\n<td width=\"50\">\n<p>&nbsp;<\/p>\n<\/td>\n<td width=\"49\">\n<p>&nbsp;<\/p>\n<\/td>\n<td width=\"66\">\n<p>2,0<\/p>\n<\/td>\n<\/tr>\n<\/tbody>\n<\/table>\n<p>In diesem Rahmenturnier geht es nur um \u00dcbung, Ruhm und Ehre (und um einen Pokal) f\u00fcr die drei Teilnehmer aus unserem Verein. <strong>Coco<\/strong> und <strong>Sophie<\/strong> werden bisher mit dem Turnierverlauf zufrieden sein; <strong>Anna<\/strong> sicherlich nicht.<\/p>\n<p><a href=\"https:\/\/www.koenigsjaeger.de\/wordpress\/jugend\/turniere\/meldeliste-pokal-ohne-namen\/\">Zur Turnierseite<\/a><\/p>\n<hr \/>\n<p><strong>Vorrunde zur BJEM U10 (Zwischenstand)<\/strong><\/p>\n<table>\n<tbody>\n<tr>\n<th width=\"139\">\n<p><strong>Name<\/strong><\/p>\n<\/th>\n<th width=\"48\">\n<p><strong>DWZ<\/strong><\/p>\n<\/th>\n<th width=\"51\">\n<p><strong>1<\/strong><\/p>\n<\/th>\n<th width=\"51\">\n<p><strong>2<\/strong><\/p>\n<\/th>\n<th width=\"51\">\n<p><strong>3<\/strong><\/p>\n<\/th>\n<th width=\"50\">\n<p><strong>4<\/strong><\/p>\n<\/th>\n<th width=\"49\">\n<p><strong>5<\/strong><\/p>\n<\/th>\n<th width=\"49\">\n<p><strong>6<\/strong><\/p>\n<\/th>\n<th width=\"49\">\n<p><strong>7<\/strong><\/p>\n<\/th>\n<th width=\"66\">\n<p><strong>Summe<\/strong><\/p>\n<\/th>\n<\/tr>\n<tr>\n<td width=\"139\">\n<p>Linnea John<\/p>\n<\/td>\n<td width=\"48\">\n<p>871<\/p>\n<\/td>\n<td width=\"51\">\n<p>(1)<\/p>\n<\/td>\n<td width=\"51\">\n<p>\u00bd<\/p>\n<\/td>\n<td width=\"51\">\n<p>(1)<\/p>\n<\/td>\n<td width=\"50\">\n<p>\u00bd<\/p>\n<\/td>\n<td width=\"49\">\n<p>1<\/p>\n<\/td>\n<td width=\"49\">\n<p>&nbsp;<\/p>\n<\/td>\n<td width=\"49\">\n<p>&nbsp;<\/p>\n<\/td>\n<td width=\"66\">\n<p>4,0<\/p>\n<\/td>\n<\/tr>\n<tr>\n<td width=\"139\">\n<p>Maximilian St\u00fcndel<\/p>\n<\/td>\n<td width=\"48\">\n<p>842<\/p>\n<\/td>\n<td width=\"51\">\n<p>0<\/p>\n<\/td>\n<td width=\"51\">\n<p>(1)<\/p>\n<\/td>\n<td width=\"51\">\n<p>0<\/p>\n<\/td>\n<td width=\"50\">\n<p>1<\/p>\n<\/td>\n<td width=\"49\">\n<p>1<\/p>\n<\/td>\n<td width=\"49\">\n<p>&nbsp;<\/p>\n<\/td>\n<td width=\"49\">\n<p>&nbsp;<\/p>\n<\/td>\n<td width=\"66\">\n<p>3,0<\/p>\n<\/td>\n<\/tr>\n<tr>\n<td width=\"139\">\n<p>Michael Steiz<\/p>\n<\/td>\n<td width=\"48\">\n<p>840<\/p>\n<\/td>\n<td width=\"51\">\n<p>1<\/p>\n<\/td>\n<td width=\"51\">\n<p>0<\/p>\n<\/td>\n<td width=\"51\">\n<p>(1)<\/p>\n<\/td>\n<td width=\"50\">\n<p>\u00bd<\/p>\n<\/td>\n<td width=\"49\">\n<p>0<\/p>\n<\/td>\n<td width=\"49\">\n<p>&nbsp;<\/p>\n<\/td>\n<td width=\"49\">\n<p>&nbsp;<\/p>\n<\/td>\n<td width=\"66\">\n<p>2,5<\/p>\n<\/td>\n<\/tr>\n<tr>\n<td width=\"139\">\n<p>Leyi Charlotte Zhou<\/p>\n<\/td>\n<td width=\"48\">\n<p>828<\/p>\n<\/td>\n<td width=\"51\">\n<p>0<\/p>\n<\/td>\n<td width=\"51\">\n<p>1<\/p>\n<\/td>\n<td width=\"51\">\n<p>1<\/p>\n<\/td>\n<td width=\"50\">\n<p>0<\/p>\n<\/td>\n<td width=\"49\">\n<p>0<\/p>\n<\/td>\n<td width=\"49\">\n<p>&nbsp;<\/p>\n<\/td>\n<td width=\"49\">\n<p>&nbsp;<\/p>\n<\/td>\n<td width=\"66\">\n<p>2,0<\/p>\n<\/td>\n<\/tr>\n<tr>\n<td width=\"139\">\n<p>Matthias Lutz<\/p>\n<\/td>\n<td width=\"48\">\n<p>770<\/p>\n<\/td>\n<td width=\"51\">\n<p>0<\/p>\n<\/td>\n<td width=\"51\">\n<p>(0)<\/p>\n<\/td>\n<td width=\"51\">\n<p>1<\/p>\n<\/td>\n<td width=\"50\">\n<p>0<\/p>\n<\/td>\n<td width=\"49\">\n<p>1<\/p>\n<\/td>\n<td width=\"49\">\n<p>&nbsp;<\/p>\n<\/td>\n<td width=\"49\">\n<p>&nbsp;<\/p>\n<\/td>\n<td width=\"66\">\n<p>2,0<\/p>\n<\/td>\n<\/tr>\n<tr>\n<td width=\"139\">\n<p>Yiyi Xiao<\/p>\n<\/td>\n<td width=\"48\">\n<p>736<\/p>\n<\/td>\n<td width=\"51\">\n<p>1<\/p>\n<\/td>\n<td width=\"51\">\n<p>\u00bd<\/p>\n<\/td>\n<td width=\"51\">\n<p>(0)<\/p>\n<\/td>\n<td width=\"50\">\n<p>1<\/p>\n<\/td>\n<td width=\"49\">\n<p>0<\/p>\n<\/td>\n<td width=\"49\">\n<p>&nbsp;<\/p>\n<\/td>\n<td width=\"49\">\n<p>&nbsp;<\/p>\n<\/td>\n<td width=\"66\">\n<p>2,5<\/p>\n<\/td>\n<\/tr>\n<tr>\n<td width=\"139\">\n<p>Elisa Raffel<\/p>\n<\/td>\n<td width=\"48\">\n<p>&nbsp;<\/p>\n<\/td>\n<td width=\"51\">\n<p>0<\/p>\n<\/td>\n<td width=\"51\">\n<p>+<\/p>\n<\/td>\n<td width=\"51\">\n<p>0<\/p>\n<\/td>\n<td width=\"50\">\n<p>1<\/p>\n<\/td>\n<td width=\"49\">\n<p>0<\/p>\n<\/td>\n<td width=\"49\">\n<p>&nbsp;<\/p>\n<\/td>\n<td width=\"49\">\n<p>&nbsp;<\/p>\n<\/td>\n<td width=\"66\">\n<p>2,0<\/p>\n<\/td>\n<\/tr>\n<tr>\n<td width=\"139\">\n<p>Loic Assisi<\/p>\n<\/td>\n<td width=\"48\">\n<p>&nbsp;<\/p>\n<\/td>\n<td width=\"51\">\n<p>(0)<\/p>\n<\/td>\n<td width=\"51\">\n<p>1<\/p>\n<\/td>\n<td width=\"51\">\n<p>(0)<\/p>\n<\/td>\n<td width=\"50\">\n<p>0<\/p>\n<\/td>\n<td width=\"49\">\n<p>0<\/p>\n<\/td>\n<td width=\"49\">\n<p>&nbsp;<\/p>\n<\/td>\n<td width=\"49\">\n<p>&nbsp;<\/p>\n<\/td>\n<td width=\"66\">\n<p>1,0<\/p>\n<\/td>\n<\/tr>\n<\/tbody>\n<\/table>\n<p>In der Altersklasse U10 nehmen acht Kinder aus dem Verein teil. Bisher spielt bisher vor allem <strong>Linnea<\/strong> \u00fcberraschend weit vorne mit. Sogar gegen den Setzlistenersten konnte sie in der 4. Runde eine Gewinnstellung herausspielen, lie\u00df ihn aber noch ins Remis entschl\u00fcpfen. Aber auch unsere anderen Teilnehmer zeigen schon \u00fcberwiegend gehaltvolle Partien. In drei Wochen werden noch die letzten zwei Runden gespielt.<\/p>\n<p><a href=\"http:\/\/www.schachjugend-in-berlin.de\/2019\/08\/1-vorrunde-zur-bjem-2020\/\">Zur Turnierseite der BJEM-Vorrunden<\/a><\/p>\n<hr \/>\n<p><strong>Vorrunde zur BJEM U12 (Zwischenstand)<\/strong><\/p>\n<table>\n<tbody>\n<tr>\n<th width=\"139\">\n<p><strong>Name<\/strong><\/p>\n<\/th>\n<th width=\"48\">\n<p><strong>DWZ<\/strong><\/p>\n<\/th>\n<th width=\"51\">\n<p><strong>1<\/strong><\/p>\n<\/th>\n<th width=\"51\">\n<p><strong>2<\/strong><\/p>\n<\/th>\n<th width=\"51\">\n<p><strong>3<\/strong><\/p>\n<\/th>\n<th width=\"50\">\n<p><strong>4<\/strong><\/p>\n<\/th>\n<th width=\"49\">\n<p><strong>5<\/strong><\/p>\n<\/th>\n<th width=\"49\">\n<p><strong>6<\/strong><\/p>\n<\/th>\n<th width=\"49\">\n<p><strong>7<\/strong><\/p>\n<\/th>\n<th width=\"66\">\n<p><strong>Summe<\/strong><\/p>\n<\/th>\n<\/tr>\n<tr>\n<td width=\"139\">\n<p>Bhuvana Reddi<\/p>\n<\/td>\n<td width=\"48\">\n<p>1099<\/p>\n<\/td>\n<td width=\"51\">\n<p>1<\/p>\n<\/td>\n<td width=\"51\">\n<p>1<\/p>\n<\/td>\n<td width=\"51\">\n<p>0<\/p>\n<\/td>\n<td width=\"50\">\n<p>0<\/p>\n<\/td>\n<td width=\"49\">\n<p>&nbsp;<\/p>\n<\/td>\n<td width=\"49\">\n<p>&nbsp;<\/p>\n<\/td>\n<td width=\"49\">\n<p>&nbsp;<\/p>\n<\/td>\n<td width=\"66\">\n<p>2,0<\/p>\n<\/td>\n<\/tr>\n<tr>\n<td width=\"139\">\n<p>Elisabeth Belkina<\/p>\n<\/td>\n<td width=\"48\">\n<p>1045<\/p>\n<\/td>\n<td width=\"51\">\n<p>0<\/p>\n<\/td>\n<td width=\"51\">\n<p>1<\/p>\n<\/td>\n<td width=\"51\">\n<p>0<\/p>\n<\/td>\n<td width=\"50\">\n<p>1<\/p>\n<\/td>\n<td width=\"49\">\n<p>&nbsp;<\/p>\n<\/td>\n<td width=\"49\">\n<p>&nbsp;<\/p>\n<\/td>\n<td width=\"49\">\n<p>&nbsp;<\/p>\n<\/td>\n<td width=\"66\">\n<p>2,0<\/p>\n<\/td>\n<\/tr>\n<tr>\n<td width=\"139\">\n<p>Maria Terekhin<\/p>\n<\/td>\n<td width=\"48\">\n<p>1010<\/p>\n<\/td>\n<td width=\"51\">\n<p>\u00bd<\/p>\n<\/td>\n<td width=\"51\">\n<p>0<\/p>\n<\/td>\n<td width=\"51\">\n<p>\u00bd<\/p>\n<\/td>\n<td width=\"50\">\n<p>1<\/p>\n<\/td>\n<td width=\"49\">\n<p>&nbsp;<\/p>\n<\/td>\n<td width=\"49\">\n<p>&nbsp;<\/p>\n<\/td>\n<td width=\"49\">\n<p>&nbsp;<\/p>\n<\/td>\n<td width=\"66\">\n<p>2,0<\/p>\n<\/td>\n<\/tr>\n<tr>\n<td width=\"139\">\n<p>Nare Grigoryan<\/p>\n<\/td>\n<td width=\"48\">\n<p>826<\/p>\n<\/td>\n<td width=\"51\">\n<p>0<\/p>\n<\/td>\n<td width=\"51\">\n<p>0<\/p>\n<\/td>\n<td width=\"51\">\n<p>\u00bd<\/p>\n<\/td>\n<td width=\"50\">\n<p>0<\/p>\n<\/td>\n<td width=\"49\">\n<p>&nbsp;<\/p>\n<\/td>\n<td width=\"49\">\n<p>&nbsp;<\/p>\n<\/td>\n<td width=\"49\">\n<p>&nbsp;<\/p>\n<\/td>\n<td width=\"66\">\n<p>0,5<\/p>\n<\/td>\n<\/tr>\n<tr>\n<td width=\"139\">\n<p>Aaron Menge<\/p>\n<\/td>\n<td width=\"48\">\n<p>&nbsp;<\/p>\n<\/td>\n<td width=\"51\">\n<p>0<\/p>\n<\/td>\n<td width=\"51\">\n<p>\u00bd<\/p>\n<\/td>\n<td width=\"51\">\n<p>0<\/p>\n<\/td>\n<td width=\"50\">\n<p>0<\/p>\n<\/td>\n<td width=\"49\">\n<p>&nbsp;<\/p>\n<\/td>\n<td width=\"49\">\n<p>&nbsp;<\/p>\n<\/td>\n<td width=\"49\">\n<p>&nbsp;<\/p>\n<\/td>\n<td width=\"66\">\n<p>0,5<\/p>\n<\/td>\n<\/tr>\n<\/tbody>\n<\/table>\n<p>In der Altersklasse U12 spielen mehrere M\u00e4dchen mit, die im Sommer von den Pinguinen zu uns gewechselt sind. Da diese \u00fcberwiegend nach DWZ in der zweiten Turnierh\u00e4lfte gesetzt waren, sind zwei Punkte aus vier Partien ein bisher ordentliches Ergebnis.<\/p>\n<p><strong>Aaron<\/strong> wurde vom Jugendwart ins &#8222;kalte Wasser&#8220; geworfen, aber schl\u00e4gt sich f\u00fcr sein erstes ernsthaftes Schachturnier schon recht gut, und hat immerhin schon einen halben Punkt erringen k\u00f6nnen.<\/p>\n<p>Hier und auch in der Altersklasse U14 sind noch drei weitere Runden zu spielen.<\/p>\n<hr \/>\n<p><strong>Vorrunde zur BJEM U14 (Zwischenstand)<\/strong><\/p>\n<table>\n<tbody>\n<tr>\n<th width=\"139\">\n<p><strong>Name<\/strong><\/p>\n<\/th>\n<th width=\"48\">\n<p><strong>DWZ<\/strong><\/p>\n<\/th>\n<th width=\"51\">\n<p><strong>1<\/strong><\/p>\n<\/th>\n<th width=\"51\">\n<p><strong>2<\/strong><\/p>\n<\/th>\n<th width=\"51\">\n<p><strong>3<\/strong><\/p>\n<\/th>\n<th width=\"50\">\n<p><strong>4<\/strong><\/p>\n<\/th>\n<th width=\"49\">\n<p><strong>5<\/strong><\/p>\n<\/th>\n<th width=\"49\">\n<p><strong>6<\/strong><\/p>\n<\/th>\n<th width=\"49\">\n<p><strong>7<\/strong><\/p>\n<\/th>\n<th width=\"66\">\n<p><strong>Summe<\/strong><\/p>\n<\/th>\n<\/tr>\n<tr>\n<td width=\"139\">\n<p>Benjamin Artukovic<\/p>\n<\/td>\n<td width=\"48\">\n<p>1580<\/p>\n<\/td>\n<td width=\"51\">\n<p>1<\/p>\n<\/td>\n<td width=\"51\">\n<p>1<\/p>\n<\/td>\n<td width=\"51\">\n<p>\u00bd<\/p>\n<\/td>\n<td width=\"50\">\n<p>1<\/p>\n<\/td>\n<td width=\"49\">\n<p>&nbsp;<\/p>\n<\/td>\n<td width=\"49\">\n<p>&nbsp;<\/p>\n<\/td>\n<td width=\"49\">\n<p>&nbsp;<\/p>\n<\/td>\n<td width=\"66\">\n<p>&nbsp;<\/p>\n<\/td>\n<\/tr>\n<tr>\n<td width=\"139\">\n<p>Andranik Movsisyan<\/p>\n<\/td>\n<td width=\"48\">\n<p>1553<\/p>\n<\/td>\n<td width=\"51\">\n<p>1<\/p>\n<\/td>\n<td width=\"51\">\n<p>1<\/p>\n<\/td>\n<td width=\"51\">\n<p>0<\/p>\n<\/td>\n<td width=\"50\">\n<p>\u00bd<\/p>\n<\/td>\n<td width=\"49\">\n<p>&nbsp;<\/p>\n<\/td>\n<td width=\"49\">\n<p>&nbsp;<\/p>\n<\/td>\n<td width=\"49\">\n<p>&nbsp;<\/p>\n<\/td>\n<td width=\"66\">\n<p>&nbsp;<\/p>\n<\/td>\n<\/tr>\n<tr>\n<td width=\"139\">\n<p>Daria Pikki<\/p>\n<\/td>\n<td width=\"48\">\n<p>1209<\/p>\n<\/td>\n<td width=\"51\">\n<p>0<\/p>\n<\/td>\n<td width=\"51\">\n<p>1<\/p>\n<\/td>\n<td width=\"51\">\n<p>1<\/p>\n<\/td>\n<td width=\"50\">\n<p>1<\/p>\n<\/td>\n<td width=\"49\">\n<p>&nbsp;<\/p>\n<\/td>\n<td width=\"49\">\n<p>&nbsp;<\/p>\n<\/td>\n<td width=\"49\">\n<p>&nbsp;<\/p>\n<\/td>\n<td width=\"66\">\n<p>&nbsp;<\/p>\n<\/td>\n<\/tr>\n<tr>\n<td width=\"139\">\n<p>Fedir Fedorov<\/p>\n<\/td>\n<td width=\"48\">\n<p>1106<\/p>\n<\/td>\n<td width=\"51\">\n<p>0<\/p>\n<\/td>\n<td width=\"51\">\n<p>(1)<\/p>\n<\/td>\n<td width=\"51\">\n<p>0<\/p>\n<\/td>\n<td width=\"50\">\n<p>1<\/p>\n<\/td>\n<td width=\"49\">\n<p>&nbsp;<\/p>\n<\/td>\n<td width=\"49\">\n<p>&nbsp;<\/p>\n<\/td>\n<td width=\"49\">\n<p>&nbsp;<\/p>\n<\/td>\n<td width=\"66\">\n<p>&nbsp;<\/p>\n<\/td>\n<\/tr>\n<tr>\n<td width=\"139\">\n<p>Christ Xu<\/p>\n<\/td>\n<td width=\"48\">\n<p>1095<\/p>\n<\/td>\n<td width=\"51\">\n<p>0<\/p>\n<\/td>\n<td width=\"51\">\n<p>1<\/p>\n<\/td>\n<td width=\"51\">\n<p>+<\/p>\n<\/td>\n<td width=\"50\">\n<p>1<\/p>\n<\/td>\n<td width=\"49\">\n<p>&nbsp;<\/p>\n<\/td>\n<td width=\"49\">\n<p>&nbsp;<\/p>\n<\/td>\n<td width=\"49\">\n<p>&nbsp;<\/p>\n<\/td>\n<td width=\"66\">\n<p>&nbsp;<\/p>\n<\/td>\n<\/tr>\n<tr>\n<td width=\"139\">\n<p>Sophia Bauer<\/p>\n<\/td>\n<td width=\"48\">\n<p>980<\/p>\n<\/td>\n<td width=\"51\">\n<p>0<\/p>\n<\/td>\n<td width=\"51\">\n<p>(0)<\/p>\n<\/td>\n<td width=\"51\">\n<p>1<\/p>\n<\/td>\n<td width=\"50\">\n<p>1<\/p>\n<\/td>\n<td width=\"49\">\n<p>&nbsp;<\/p>\n<\/td>\n<td width=\"49\">\n<p>&nbsp;<\/p>\n<\/td>\n<td width=\"49\">\n<p>&nbsp;<\/p>\n<\/td>\n<td width=\"66\">\n<p>&nbsp;<\/p>\n<\/td>\n<\/tr>\n<tr>\n<td width=\"139\">\n<p>Pierre Raffel<\/p>\n<\/td>\n<td width=\"48\">\n<p>957<\/p>\n<\/td>\n<td width=\"51\">\n<p>0<\/p>\n<\/td>\n<td width=\"51\">\n<p>0<\/p>\n<\/td>\n<td width=\"51\">\n<p>0<\/p>\n<\/td>\n<td width=\"50\">\n<p>1<\/p>\n<\/td>\n<td width=\"49\">\n<p>&nbsp;<\/p>\n<\/td>\n<td width=\"49\">\n<p>&nbsp;<\/p>\n<\/td>\n<td width=\"49\">\n<p>&nbsp;<\/p>\n<\/td>\n<td width=\"66\">\n<p>&nbsp;<\/p>\n<\/td>\n<\/tr>\n<tr>\n<td width=\"139\">\n<p>Louis Hermes<\/p>\n<\/td>\n<td width=\"48\">\n<p>940<\/p>\n<\/td>\n<td width=\"51\">\n<p>0<\/p>\n<\/td>\n<td width=\"51\">\n<p>1<\/p>\n<\/td>\n<td width=\"51\">\n<p>0<\/p>\n<\/td>\n<td width=\"50\">\n<p>0<\/p>\n<\/td>\n<td width=\"49\">\n<p>&nbsp;<\/p>\n<\/td>\n<td width=\"49\">\n<p>&nbsp;<\/p>\n<\/td>\n<td width=\"49\">\n<p>&nbsp;<\/p>\n<\/td>\n<td width=\"66\">\n<p>&nbsp;<\/p>\n<\/td>\n<\/tr>\n<\/tbody>\n<\/table>\n<p>Benjamin und Andranik waren in der starken Konkurrenz mit Au\u00dfenseiterchancen auf einen der nur drei Qualifikationspl\u00e4tze gestartet. Mit 3,5\/4 Punkten ist f\u00fcr <strong>Benjamin<\/strong> noch alles ok, w\u00e4hrend <strong>Andranik<\/strong> mit 2,5\/4 auf einen guten Schlussspurt hoffen muss. Mit 3,0\/4 liegen auch <strong>Daria<\/strong> und <strong>Christ<\/strong> noch gut im Rennen.<\/p>\n<figure id=\"attachment_12761\" aria-describedby=\"caption-attachment-12761\" style=\"width: 3539px\" class=\"wp-caption alignnone\"><img loading=\"lazy\" decoding=\"async\" class=\"wp-image-12761 size-full\" src=\"http:\/\/sc-weisse-dame.de\/v3\/wp-content\/uploads\/2019\/09\/2019-Vorbildlich-gek\u00e4mpft.jpg\" alt=\"\" width=\"3539\" height=\"2654\" srcset=\"http:\/\/sc-weisse-dame.de\/v3\/wp-content\/uploads\/2019\/09\/2019-Vorbildlich-gek\u00e4mpft.jpg 3539w, http:\/\/sc-weisse-dame.de\/v3\/wp-content\/uploads\/2019\/09\/2019-Vorbildlich-gek\u00e4mpft-600x450.jpg 600w\" sizes=\"auto, (max-width: 3539px) 100vw, 3539px\" \/><figcaption id=\"caption-attachment-12761\" class=\"wp-caption-text\">In der Altersklasse U14 wird von unseren Jugendlichen vorbildlich gek\u00e4mpft. Die letzten vier laufenden Partien der 4. Runde waren allesamt noch mit WeDa-Beteiligung! (Foto: Hendrik)<\/figcaption><\/figure>\n","protected":false},"excerpt":{"rendered":"<p>W\u00e4hrend der Erwachsenenbereich gef\u00fchlt noch in der Sommerpause ist, l\u00e4uft der Turnierbetrieb im Kinder- und Jugendbereich bereits auf Hochtouren. Am vergangenen Wochenende fanden in R\u00e4umlichkeiten der Freien Universit\u00e4t das Kinder- &hellip; <a href=\"http:\/\/sc-weisse-dame.de\/v3\/2019\/09\/kinder-sommeropen-und-bjem-vorrunde-teil-1\/\" class=\"more-link\"><span class=\"screen-reader-text\">Kinder-Sommeropen und BJEM-Vorrunde (Teil 1)<\/span> weiterlesen <span class=\"meta-nav\">&rarr;<\/span><\/a><\/p>\n","protected":false},"author":3,"featured_media":0,"comment_status":"open","ping_status":"closed","sticky":false,"template":"","format":"standard","meta":{"_price":"","_stock":"","_tribe_ticket_header":"","_tribe_default_ticket_provider":"","_tribe_ticket_capacity":"0","_ticket_start_date":"","_ticket_end_date":"","_tribe_ticket_show_description":"","_tribe_ticket_show_not_going":false,"_tribe_ticket_use_global_stock":"","_tribe_ticket_global_stock_level":"","_global_stock_mode":"","_global_stock_cap":"","_tribe_rsvp_for_event":"","_tribe_ticket_going_count":"","_tribe_ticket_not_going_count":"","_tribe_tickets_list":"[]","_tribe_ticket_has_attendee_info_fields":false,"footnotes":""},"categories":[20],"tags":[],"coauthors":[49,48],"class_list":["post-12750","post","type-post","status-publish","format-standard","hentry","category-jugend"],"yoast_head":"<!-- This site is optimized with the Yoast SEO plugin v27.4 - https:\/\/yoast.com\/product\/yoast-seo-wordpress\/ -->\n<title>Kinder-Sommeropen und BJEM-Vorrunde (Teil 1) - SC Weisse Dame e. V.<\/title>\n<meta name=\"robots\" content=\"index, follow, max-snippet:-1, max-image-preview:large, max-video-preview:-1\" \/>\n<link rel=\"canonical\" href=\"http:\/\/sc-weisse-dame.de\/v3\/2019\/09\/kinder-sommeropen-und-bjem-vorrunde-teil-1\/\" \/>\n<meta property=\"og:locale\" content=\"de_DE\" \/>\n<meta property=\"og:type\" content=\"article\" \/>\n<meta property=\"og:title\" content=\"Kinder-Sommeropen und BJEM-Vorrunde (Teil 1) - SC Weisse Dame e. V.\" \/>\n<meta property=\"og:description\" content=\"W\u00e4hrend der Erwachsenenbereich gef\u00fchlt noch in der Sommerpause ist, l\u00e4uft der Turnierbetrieb im Kinder- und Jugendbereich bereits auf Hochtouren. Am vergangenen Wochenende fanden in R\u00e4umlichkeiten der Freien Universit\u00e4t das Kinder- &hellip; Kinder-Sommeropen und BJEM-Vorrunde (Teil 1) weiterlesen &rarr;\" \/>\n<meta property=\"og:url\" content=\"http:\/\/sc-weisse-dame.de\/v3\/2019\/09\/kinder-sommeropen-und-bjem-vorrunde-teil-1\/\" \/>\n<meta property=\"og:site_name\" content=\"SC Weisse Dame e. V.\" \/>\n<meta property=\"article:published_time\" content=\"2019-09-02T21:56:01+00:00\" \/>\n<meta property=\"article:modified_time\" content=\"2019-09-02T22:11:00+00:00\" \/>\n<meta property=\"og:image\" content=\"http:\/\/sc-weisse-dame.de\/v3\/wp-content\/uploads\/2019\/09\/2019-Kinder-Sommeropen.jpg\" \/>\n<meta name=\"author\" content=\"Thorsten Gro\u00df, Hendrik M\u00f6ller\" \/>\n<meta name=\"twitter:card\" content=\"summary_large_image\" \/>\n<meta name=\"twitter:label1\" content=\"Verfasst von\" \/>\n\t<meta name=\"twitter:data1\" content=\"Thorsten Gro\u00df\" \/>\n\t<meta name=\"twitter:label2\" content=\"Gesch\u00e4tzte Lesezeit\" \/>\n\t<meta name=\"twitter:data2\" content=\"3\u00a0Minuten\" \/>\n\t<meta name=\"twitter:label3\" content=\"Written by\" \/>\n\t<meta name=\"twitter:data3\" content=\"Thorsten Gro\u00df, Hendrik M\u00f6ller\" \/>\n<script type=\"application\/ld+json\" class=\"yoast-schema-graph\">{\"@context\":\"https:\\\/\\\/schema.org\",\"@graph\":[{\"@type\":\"Article\",\"@id\":\"http:\\\/\\\/sc-weisse-dame.de\\\/v3\\\/2019\\\/09\\\/kinder-sommeropen-und-bjem-vorrunde-teil-1\\\/#article\",\"isPartOf\":{\"@id\":\"http:\\\/\\\/sc-weisse-dame.de\\\/v3\\\/2019\\\/09\\\/kinder-sommeropen-und-bjem-vorrunde-teil-1\\\/\"},\"author\":{\"name\":\"Thorsten Gro\u00df\",\"@id\":\"http:\\\/\\\/sc-weisse-dame.de\\\/v3\\\/#\\\/schema\\\/person\\\/ce9002278de6d6d5f4fa69aa251fa211\"},\"headline\":\"Kinder-Sommeropen und BJEM-Vorrunde (Teil 1)\",\"datePublished\":\"2019-09-02T21:56:01+00:00\",\"dateModified\":\"2019-09-02T22:11:00+00:00\",\"mainEntityOfPage\":{\"@id\":\"http:\\\/\\\/sc-weisse-dame.de\\\/v3\\\/2019\\\/09\\\/kinder-sommeropen-und-bjem-vorrunde-teil-1\\\/\"},\"wordCount\":636,\"commentCount\":0,\"image\":{\"@id\":\"http:\\\/\\\/sc-weisse-dame.de\\\/v3\\\/2019\\\/09\\\/kinder-sommeropen-und-bjem-vorrunde-teil-1\\\/#primaryimage\"},\"thumbnailUrl\":\"http:\\\/\\\/sc-weisse-dame.de\\\/v3\\\/wp-content\\\/uploads\\\/2019\\\/09\\\/2019-Kinder-Sommeropen.jpg\",\"articleSection\":[\"Jugend\"],\"inLanguage\":\"de\",\"potentialAction\":[{\"@type\":\"CommentAction\",\"name\":\"Comment\",\"target\":[\"http:\\\/\\\/sc-weisse-dame.de\\\/v3\\\/2019\\\/09\\\/kinder-sommeropen-und-bjem-vorrunde-teil-1\\\/#respond\"]}]},{\"@type\":\"WebPage\",\"@id\":\"http:\\\/\\\/sc-weisse-dame.de\\\/v3\\\/2019\\\/09\\\/kinder-sommeropen-und-bjem-vorrunde-teil-1\\\/\",\"url\":\"http:\\\/\\\/sc-weisse-dame.de\\\/v3\\\/2019\\\/09\\\/kinder-sommeropen-und-bjem-vorrunde-teil-1\\\/\",\"name\":\"Kinder-Sommeropen und BJEM-Vorrunde (Teil 1) - SC Weisse Dame e. V.\",\"isPartOf\":{\"@id\":\"http:\\\/\\\/sc-weisse-dame.de\\\/v3\\\/#website\"},\"primaryImageOfPage\":{\"@id\":\"http:\\\/\\\/sc-weisse-dame.de\\\/v3\\\/2019\\\/09\\\/kinder-sommeropen-und-bjem-vorrunde-teil-1\\\/#primaryimage\"},\"image\":{\"@id\":\"http:\\\/\\\/sc-weisse-dame.de\\\/v3\\\/2019\\\/09\\\/kinder-sommeropen-und-bjem-vorrunde-teil-1\\\/#primaryimage\"},\"thumbnailUrl\":\"http:\\\/\\\/sc-weisse-dame.de\\\/v3\\\/wp-content\\\/uploads\\\/2019\\\/09\\\/2019-Kinder-Sommeropen.jpg\",\"datePublished\":\"2019-09-02T21:56:01+00:00\",\"dateModified\":\"2019-09-02T22:11:00+00:00\",\"author\":{\"@id\":\"http:\\\/\\\/sc-weisse-dame.de\\\/v3\\\/#\\\/schema\\\/person\\\/ce9002278de6d6d5f4fa69aa251fa211\"},\"breadcrumb\":{\"@id\":\"http:\\\/\\\/sc-weisse-dame.de\\\/v3\\\/2019\\\/09\\\/kinder-sommeropen-und-bjem-vorrunde-teil-1\\\/#breadcrumb\"},\"inLanguage\":\"de\",\"potentialAction\":[{\"@type\":\"ReadAction\",\"target\":[\"http:\\\/\\\/sc-weisse-dame.de\\\/v3\\\/2019\\\/09\\\/kinder-sommeropen-und-bjem-vorrunde-teil-1\\\/\"]}]},{\"@type\":\"ImageObject\",\"inLanguage\":\"de\",\"@id\":\"http:\\\/\\\/sc-weisse-dame.de\\\/v3\\\/2019\\\/09\\\/kinder-sommeropen-und-bjem-vorrunde-teil-1\\\/#primaryimage\",\"url\":\"http:\\\/\\\/sc-weisse-dame.de\\\/v3\\\/wp-content\\\/uploads\\\/2019\\\/09\\\/2019-Kinder-Sommeropen.jpg\",\"contentUrl\":\"http:\\\/\\\/sc-weisse-dame.de\\\/v3\\\/wp-content\\\/uploads\\\/2019\\\/09\\\/2019-Kinder-Sommeropen.jpg\",\"width\":3735,\"height\":2801},{\"@type\":\"BreadcrumbList\",\"@id\":\"http:\\\/\\\/sc-weisse-dame.de\\\/v3\\\/2019\\\/09\\\/kinder-sommeropen-und-bjem-vorrunde-teil-1\\\/#breadcrumb\",\"itemListElement\":[{\"@type\":\"ListItem\",\"position\":1,\"name\":\"Startseite\",\"item\":\"http:\\\/\\\/sc-weisse-dame.de\\\/v3\\\/\"},{\"@type\":\"ListItem\",\"position\":2,\"name\":\"Kinder-Sommeropen und BJEM-Vorrunde (Teil 1)\"}]},{\"@type\":\"WebSite\",\"@id\":\"http:\\\/\\\/sc-weisse-dame.de\\\/v3\\\/#website\",\"url\":\"http:\\\/\\\/sc-weisse-dame.de\\\/v3\\\/\",\"name\":\"SC Weisse Dame e. V.\",\"description\":\"Herzlich Willkommen!\",\"potentialAction\":[{\"@type\":\"SearchAction\",\"target\":{\"@type\":\"EntryPoint\",\"urlTemplate\":\"http:\\\/\\\/sc-weisse-dame.de\\\/v3\\\/?s={search_term_string}\"},\"query-input\":{\"@type\":\"PropertyValueSpecification\",\"valueRequired\":true,\"valueName\":\"search_term_string\"}}],\"inLanguage\":\"de\"},{\"@type\":\"Person\",\"@id\":\"http:\\\/\\\/sc-weisse-dame.de\\\/v3\\\/#\\\/schema\\\/person\\\/ce9002278de6d6d5f4fa69aa251fa211\",\"name\":\"Thorsten Gro\u00df\",\"url\":\"http:\\\/\\\/sc-weisse-dame.de\\\/v3\\\/author\\\/thorsten_gross\\\/\"}]}<\/script>\n<!-- \/ Yoast SEO plugin. -->","yoast_head_json":{"title":"Kinder-Sommeropen und BJEM-Vorrunde (Teil 1) - SC Weisse Dame e. V.","robots":{"index":"index","follow":"follow","max-snippet":"max-snippet:-1","max-image-preview":"max-image-preview:large","max-video-preview":"max-video-preview:-1"},"canonical":"http:\/\/sc-weisse-dame.de\/v3\/2019\/09\/kinder-sommeropen-und-bjem-vorrunde-teil-1\/","og_locale":"de_DE","og_type":"article","og_title":"Kinder-Sommeropen und BJEM-Vorrunde (Teil 1) - SC Weisse Dame e. V.","og_description":"W\u00e4hrend der Erwachsenenbereich gef\u00fchlt noch in der Sommerpause ist, l\u00e4uft der Turnierbetrieb im Kinder- und Jugendbereich bereits auf Hochtouren. Am vergangenen Wochenende fanden in R\u00e4umlichkeiten der Freien Universit\u00e4t das Kinder- &hellip; Kinder-Sommeropen und BJEM-Vorrunde (Teil 1) weiterlesen &rarr;","og_url":"http:\/\/sc-weisse-dame.de\/v3\/2019\/09\/kinder-sommeropen-und-bjem-vorrunde-teil-1\/","og_site_name":"SC Weisse Dame e. V.","article_published_time":"2019-09-02T21:56:01+00:00","article_modified_time":"2019-09-02T22:11:00+00:00","og_image":[{"url":"http:\/\/sc-weisse-dame.de\/v3\/wp-content\/uploads\/2019\/09\/2019-Kinder-Sommeropen.jpg","type":"","width":"","height":""}],"author":"Thorsten Gro\u00df, Hendrik M\u00f6ller","twitter_card":"summary_large_image","twitter_misc":{"Verfasst von":"Thorsten Gro\u00df","Gesch\u00e4tzte Lesezeit":"3\u00a0Minuten","Written by":"Thorsten Gro\u00df, Hendrik M\u00f6ller"},"schema":{"@context":"https:\/\/schema.org","@graph":[{"@type":"Article","@id":"http:\/\/sc-weisse-dame.de\/v3\/2019\/09\/kinder-sommeropen-und-bjem-vorrunde-teil-1\/#article","isPartOf":{"@id":"http:\/\/sc-weisse-dame.de\/v3\/2019\/09\/kinder-sommeropen-und-bjem-vorrunde-teil-1\/"},"author":{"name":"Thorsten Gro\u00df","@id":"http:\/\/sc-weisse-dame.de\/v3\/#\/schema\/person\/ce9002278de6d6d5f4fa69aa251fa211"},"headline":"Kinder-Sommeropen und BJEM-Vorrunde (Teil 1)","datePublished":"2019-09-02T21:56:01+00:00","dateModified":"2019-09-02T22:11:00+00:00","mainEntityOfPage":{"@id":"http:\/\/sc-weisse-dame.de\/v3\/2019\/09\/kinder-sommeropen-und-bjem-vorrunde-teil-1\/"},"wordCount":636,"commentCount":0,"image":{"@id":"http:\/\/sc-weisse-dame.de\/v3\/2019\/09\/kinder-sommeropen-und-bjem-vorrunde-teil-1\/#primaryimage"},"thumbnailUrl":"http:\/\/sc-weisse-dame.de\/v3\/wp-content\/uploads\/2019\/09\/2019-Kinder-Sommeropen.jpg","articleSection":["Jugend"],"inLanguage":"de","potentialAction":[{"@type":"CommentAction","name":"Comment","target":["http:\/\/sc-weisse-dame.de\/v3\/2019\/09\/kinder-sommeropen-und-bjem-vorrunde-teil-1\/#respond"]}]},{"@type":"WebPage","@id":"http:\/\/sc-weisse-dame.de\/v3\/2019\/09\/kinder-sommeropen-und-bjem-vorrunde-teil-1\/","url":"http:\/\/sc-weisse-dame.de\/v3\/2019\/09\/kinder-sommeropen-und-bjem-vorrunde-teil-1\/","name":"Kinder-Sommeropen und BJEM-Vorrunde (Teil 1) - SC Weisse Dame e. V.","isPartOf":{"@id":"http:\/\/sc-weisse-dame.de\/v3\/#website"},"primaryImageOfPage":{"@id":"http:\/\/sc-weisse-dame.de\/v3\/2019\/09\/kinder-sommeropen-und-bjem-vorrunde-teil-1\/#primaryimage"},"image":{"@id":"http:\/\/sc-weisse-dame.de\/v3\/2019\/09\/kinder-sommeropen-und-bjem-vorrunde-teil-1\/#primaryimage"},"thumbnailUrl":"http:\/\/sc-weisse-dame.de\/v3\/wp-content\/uploads\/2019\/09\/2019-Kinder-Sommeropen.jpg","datePublished":"2019-09-02T21:56:01+00:00","dateModified":"2019-09-02T22:11:00+00:00","author":{"@id":"http:\/\/sc-weisse-dame.de\/v3\/#\/schema\/person\/ce9002278de6d6d5f4fa69aa251fa211"},"breadcrumb":{"@id":"http:\/\/sc-weisse-dame.de\/v3\/2019\/09\/kinder-sommeropen-und-bjem-vorrunde-teil-1\/#breadcrumb"},"inLanguage":"de","potentialAction":[{"@type":"ReadAction","target":["http:\/\/sc-weisse-dame.de\/v3\/2019\/09\/kinder-sommeropen-und-bjem-vorrunde-teil-1\/"]}]},{"@type":"ImageObject","inLanguage":"de","@id":"http:\/\/sc-weisse-dame.de\/v3\/2019\/09\/kinder-sommeropen-und-bjem-vorrunde-teil-1\/#primaryimage","url":"http:\/\/sc-weisse-dame.de\/v3\/wp-content\/uploads\/2019\/09\/2019-Kinder-Sommeropen.jpg","contentUrl":"http:\/\/sc-weisse-dame.de\/v3\/wp-content\/uploads\/2019\/09\/2019-Kinder-Sommeropen.jpg","width":3735,"height":2801},{"@type":"BreadcrumbList","@id":"http:\/\/sc-weisse-dame.de\/v3\/2019\/09\/kinder-sommeropen-und-bjem-vorrunde-teil-1\/#breadcrumb","itemListElement":[{"@type":"ListItem","position":1,"name":"Startseite","item":"http:\/\/sc-weisse-dame.de\/v3\/"},{"@type":"ListItem","position":2,"name":"Kinder-Sommeropen und BJEM-Vorrunde (Teil 1)"}]},{"@type":"WebSite","@id":"http:\/\/sc-weisse-dame.de\/v3\/#website","url":"http:\/\/sc-weisse-dame.de\/v3\/","name":"SC Weisse Dame e. V.","description":"Herzlich Willkommen!","potentialAction":[{"@type":"SearchAction","target":{"@type":"EntryPoint","urlTemplate":"http:\/\/sc-weisse-dame.de\/v3\/?s={search_term_string}"},"query-input":{"@type":"PropertyValueSpecification","valueRequired":true,"valueName":"search_term_string"}}],"inLanguage":"de"},{"@type":"Person","@id":"http:\/\/sc-weisse-dame.de\/v3\/#\/schema\/person\/ce9002278de6d6d5f4fa69aa251fa211","name":"Thorsten Gro\u00df","url":"http:\/\/sc-weisse-dame.de\/v3\/author\/thorsten_gross\/"}]}},"_links":{"self":[{"href":"http:\/\/sc-weisse-dame.de\/v3\/wp-json\/wp\/v2\/posts\/12750","targetHints":{"allow":["GET"]}}],"collection":[{"href":"http:\/\/sc-weisse-dame.de\/v3\/wp-json\/wp\/v2\/posts"}],"about":[{"href":"http:\/\/sc-weisse-dame.de\/v3\/wp-json\/wp\/v2\/types\/post"}],"author":[{"embeddable":true,"href":"http:\/\/sc-weisse-dame.de\/v3\/wp-json\/wp\/v2\/users\/3"}],"replies":[{"embeddable":true,"href":"http:\/\/sc-weisse-dame.de\/v3\/wp-json\/wp\/v2\/comments?post=12750"}],"version-history":[{"count":8,"href":"http:\/\/sc-weisse-dame.de\/v3\/wp-json\/wp\/v2\/posts\/12750\/revisions"}],"predecessor-version":[{"id":12762,"href":"http:\/\/sc-weisse-dame.de\/v3\/wp-json\/wp\/v2\/posts\/12750\/revisions\/12762"}],"wp:attachment":[{"href":"http:\/\/sc-weisse-dame.de\/v3\/wp-json\/wp\/v2\/media?parent=12750"}],"wp:term":[{"taxonomy":"category","embeddable":true,"href":"http:\/\/sc-weisse-dame.de\/v3\/wp-json\/wp\/v2\/categories?post=12750"},{"taxonomy":"post_tag","embeddable":true,"href":"http:\/\/sc-weisse-dame.de\/v3\/wp-json\/wp\/v2\/tags?post=12750"},{"taxonomy":"author","embeddable":true,"href":"http:\/\/sc-weisse-dame.de\/v3\/wp-json\/wp\/v2\/coauthors?post=12750"}],"curies":[{"name":"wp","href":"https:\/\/api.w.org\/{rel}","templated":true}]}}