{"id":12745,"date":"2019-09-26T23:30:51","date_gmt":"2019-09-26T21:30:51","guid":{"rendered":"http:\/\/sc-weisse-dame.de\/v3\/?p=12745"},"modified":"2020-01-16T02:29:24","modified_gmt":"2020-01-16T01:29:24","slug":"olno-2019-20-saisonauftakt-gegen-empor-berlin","status":"publish","type":"post","link":"http:\/\/sc-weisse-dame.de\/v3\/2019\/09\/olno-2019-20-saisonauftakt-gegen-empor-berlin\/","title":{"rendered":"OLNO 2019\/20 &#8211; R1: Fehlstart mit 3:5-Heimniederlage gegen Empor Berlin"},"content":{"rendered":"<p style=\"text-align: justify;\">Nach zuletzt zwei WeDa-Siegen in der OLNO gegen Empor Berlin setzten sich diesmal die G\u00e4ste recht sicher durch, obwohl <strong>Hendrik M\u00f6ller<\/strong> am 1. Brett mit dem bundesligaerfahrenen IM Karsten Volke immerhin einen der drei gegnerischen Titeltr\u00e4ger bezwingen konnte.<\/p>\n<p>&nbsp;<\/p>\n<figure id=\"attachment_13093\" aria-describedby=\"caption-attachment-13093\" style=\"width: 1374px\" class=\"wp-caption aligncenter\"><img loading=\"lazy\" decoding=\"async\" class=\"wp-image-13093 size-full\" src=\"http:\/\/sc-weisse-dame.de\/v3\/wp-content\/uploads\/2019\/09\/2019-20-OLNO-R1.jpg\" alt=\"\" width=\"1374\" height=\"426\" srcset=\"http:\/\/sc-weisse-dame.de\/v3\/wp-content\/uploads\/2019\/09\/2019-20-OLNO-R1.jpg 1374w, http:\/\/sc-weisse-dame.de\/v3\/wp-content\/uploads\/2019\/09\/2019-20-OLNO-R1-600x186.jpg 600w\" sizes=\"auto, (max-width: 1374px) 100vw, 1374px\" \/><figcaption id=\"caption-attachment-13093\" class=\"wp-caption-text\">Wie nicht anders zu erwarten, haben die siegreichen G\u00e4ste ihren Bericht schnellstens ver\u00f6ffentlicht. -&gt; <a href=\"http:\/\/www.empor-schach.de\/2019\/09\/empor-startet-gut-in-die-saison-53-gegen-weisse-dame\/\">zum Empor-Bericht<\/a><\/figcaption><\/figure>\n<p>&nbsp;<\/p>\n<p><!--more--><\/p>\n<hr \/>\n<p>Ank\u00fcndigung von <strong>Heinz Uhl<\/strong> vom 26.09.2019:<\/p>\n<p><strong>\u201eOLNO 2019\/20 \u2013 R1: Saisonauftakt am kommenden Sonntag\u201c<\/strong><\/p>\n<p>&nbsp;<\/p>\n<p style=\"text-align: justify;\">Bereits am kommenden <strong>Sonntag, den 29.09.2019,<\/strong> und damit deutlich fr\u00fcher als in den vergangenen Jahren beginnt die diesj\u00e4hrige Oberliga-Saison. Auftaktgegner unserer ERSTEN ist nun schon zum dritten Mal in Folge der <strong>SV Empor Berlin<\/strong>. Konnten wir in den beiden zur\u00fcckliegenden Saisons jeweils einen hart umk\u00e4mpften und letztlich auch etwas gl\u00fccklichen Ausw\u00e4rtssieg einfahren, erwarten wir unseren Gegner vom Friedrich-Ludwig-Jahn-Sportpark diesmal allerdings zuhause in unseren mittlerweile angestammten R\u00e4umlichkeiten f\u00fcr den gesamten Liga-Spielbetrieb:<\/p>\n<p style=\"text-align: justify;\">\u00a0<\/p>\n<p style=\"text-align: justify;\"><strong><a href=\"https:\/\/www.google.de\/maps\/place\/Trendelenburgstra%C3%9Fe+1,+14057+Berlin\/@52.5062497,13.2889423,17z\/data=!3m1!4b1!4m5!3m4!1s0x47a850d0a0d3a2b7:0x78458e98022dcbdd!8m2!3d52.5062497!4d13.291131\">Peter-Ustinov-Schule (Mensageb\u00e4ude)<\/a><\/strong><\/p>\n<p style=\"text-align: justify;\"><strong>Trendelenburgstr. 1, 14057 Berlin-Charlottenburg<\/strong><\/p>\n<p style=\"text-align: justify;\"><span style=\"color: #ff0000;\"><strong>Spielbeginn: 11:00 Uhr<\/strong><\/span><\/p>\n<p style=\"text-align: justify;\">\u00a0<\/p>\n<p style=\"text-align: justify;\">Schlachtenbummler der <em>Weissen Dame<\/em> und nat\u00fcrlich auch neutrale Kiebitze sind wie immer herzlich willkommen! Getr\u00e4nke und ein kleiner Imbiss sind vor Ort zu moderaten Preisen erh\u00e4ltlich. Wer nicht pers\u00f6nlich erscheinen kann, hat die M\u00f6glichkeit, den Verlauf des Mannschaftskampfes via <a href=\"https:\/\/www.schachbund.de\/SchachBL\/bede.php?liga=olno&amp;runde=1\">Ergebnisdienst<\/a> online auf der Webseite des Deutschen Schachbundes mitzuverfolgen.<\/p>\n","protected":false},"excerpt":{"rendered":"<p>Nach zuletzt zwei WeDa-Siegen in der OLNO gegen Empor Berlin setzten sich diesmal die G\u00e4ste recht sicher durch, obwohl Hendrik M\u00f6ller am 1. Brett mit dem bundesligaerfahrenen IM Karsten Volke &hellip; <a href=\"http:\/\/sc-weisse-dame.de\/v3\/2019\/09\/olno-2019-20-saisonauftakt-gegen-empor-berlin\/\" class=\"more-link\"><span class=\"screen-reader-text\">OLNO 2019\/20 &#8211; R1: Fehlstart mit 3:5-Heimniederlage gegen Empor Berlin<\/span> weiterlesen <span class=\"meta-nav\">&rarr;<\/span><\/a><\/p>\n","protected":false},"author":5,"featured_media":0,"comment_status":"open","ping_status":"closed","sticky":false,"template":"","format":"standard","meta":{"_price":"","_stock":"","_tribe_ticket_header":"","_tribe_default_ticket_provider":"","_tribe_ticket_capacity":"0","_ticket_start_date":"","_ticket_end_date":"","_tribe_ticket_show_description":"","_tribe_ticket_show_not_going":false,"_tribe_ticket_use_global_stock":"","_tribe_ticket_global_stock_level":"","_global_stock_mode":"","_global_stock_cap":"","_tribe_rsvp_for_event":"","_tribe_ticket_going_count":"","_tribe_ticket_not_going_count":"","_tribe_tickets_list":"[]","_tribe_ticket_has_attendee_info_fields":false,"footnotes":""},"categories":[11],"tags":[],"coauthors":[50,51],"class_list":["post-12745","post","type-post","status-publish","format-standard","hentry","category-olno"],"yoast_head":"<!-- This site is optimized with the Yoast SEO plugin v27.4 - https:\/\/yoast.com\/product\/yoast-seo-wordpress\/ -->\n<title>OLNO 2019\/20 - R1: Fehlstart mit 3:5-Heimniederlage gegen Empor Berlin - SC Weisse Dame e. V.<\/title>\n<meta name=\"robots\" content=\"index, follow, max-snippet:-1, max-image-preview:large, max-video-preview:-1\" \/>\n<link rel=\"canonical\" href=\"http:\/\/sc-weisse-dame.de\/v3\/2019\/09\/olno-2019-20-saisonauftakt-gegen-empor-berlin\/\" \/>\n<meta property=\"og:locale\" content=\"de_DE\" \/>\n<meta property=\"og:type\" content=\"article\" \/>\n<meta property=\"og:title\" content=\"OLNO 2019\/20 - R1: Fehlstart mit 3:5-Heimniederlage gegen Empor Berlin - SC Weisse Dame e. V.\" \/>\n<meta property=\"og:description\" content=\"Nach zuletzt zwei WeDa-Siegen in der OLNO gegen Empor Berlin setzten sich diesmal die G\u00e4ste recht sicher durch, obwohl Hendrik M\u00f6ller am 1. Brett mit dem bundesligaerfahrenen IM Karsten Volke &hellip; OLNO 2019\/20 &#8211; R1: Fehlstart mit 3:5-Heimniederlage gegen Empor Berlin weiterlesen &rarr;\" \/>\n<meta property=\"og:url\" content=\"http:\/\/sc-weisse-dame.de\/v3\/2019\/09\/olno-2019-20-saisonauftakt-gegen-empor-berlin\/\" \/>\n<meta property=\"og:site_name\" content=\"SC Weisse Dame e. V.\" \/>\n<meta property=\"article:published_time\" content=\"2019-09-26T21:30:51+00:00\" \/>\n<meta property=\"article:modified_time\" content=\"2020-01-16T01:29:24+00:00\" \/>\n<meta property=\"og:image\" content=\"http:\/\/sc-weisse-dame.de\/v3\/wp-content\/uploads\/2019\/09\/2019-20-OLNO-R1.jpg\" \/>\n<meta name=\"author\" content=\"Christian Greiser, Heinz Uhl\" \/>\n<meta name=\"twitter:card\" content=\"summary_large_image\" \/>\n<meta name=\"twitter:label1\" content=\"Verfasst von\" \/>\n\t<meta name=\"twitter:data1\" content=\"Christian Greiser\" \/>\n\t<meta name=\"twitter:label2\" content=\"Gesch\u00e4tzte Lesezeit\" \/>\n\t<meta name=\"twitter:data2\" content=\"1\u00a0Minute\" \/>\n\t<meta name=\"twitter:label3\" content=\"Written by\" \/>\n\t<meta name=\"twitter:data3\" content=\"Christian Greiser, Heinz Uhl\" \/>\n<script type=\"application\/ld+json\" class=\"yoast-schema-graph\">{\"@context\":\"https:\\\/\\\/schema.org\",\"@graph\":[{\"@type\":\"Article\",\"@id\":\"http:\\\/\\\/sc-weisse-dame.de\\\/v3\\\/2019\\\/09\\\/olno-2019-20-saisonauftakt-gegen-empor-berlin\\\/#article\",\"isPartOf\":{\"@id\":\"http:\\\/\\\/sc-weisse-dame.de\\\/v3\\\/2019\\\/09\\\/olno-2019-20-saisonauftakt-gegen-empor-berlin\\\/\"},\"author\":{\"name\":\"Christian Greiser\",\"@id\":\"http:\\\/\\\/sc-weisse-dame.de\\\/v3\\\/#\\\/schema\\\/person\\\/c262da3a19176713e7a6632f64caa946\"},\"headline\":\"OLNO 2019\\\/20 &#8211; R1: Fehlstart mit 3:5-Heimniederlage gegen Empor Berlin\",\"datePublished\":\"2019-09-26T21:30:51+00:00\",\"dateModified\":\"2020-01-16T01:29:24+00:00\",\"mainEntityOfPage\":{\"@id\":\"http:\\\/\\\/sc-weisse-dame.de\\\/v3\\\/2019\\\/09\\\/olno-2019-20-saisonauftakt-gegen-empor-berlin\\\/\"},\"wordCount\":227,\"commentCount\":1,\"image\":{\"@id\":\"http:\\\/\\\/sc-weisse-dame.de\\\/v3\\\/2019\\\/09\\\/olno-2019-20-saisonauftakt-gegen-empor-berlin\\\/#primaryimage\"},\"thumbnailUrl\":\"http:\\\/\\\/sc-weisse-dame.de\\\/v3\\\/wp-content\\\/uploads\\\/2019\\\/09\\\/2019-20-OLNO-R1.jpg\",\"articleSection\":[\"OLNO\"],\"inLanguage\":\"de\",\"potentialAction\":[{\"@type\":\"CommentAction\",\"name\":\"Comment\",\"target\":[\"http:\\\/\\\/sc-weisse-dame.de\\\/v3\\\/2019\\\/09\\\/olno-2019-20-saisonauftakt-gegen-empor-berlin\\\/#respond\"]}]},{\"@type\":\"WebPage\",\"@id\":\"http:\\\/\\\/sc-weisse-dame.de\\\/v3\\\/2019\\\/09\\\/olno-2019-20-saisonauftakt-gegen-empor-berlin\\\/\",\"url\":\"http:\\\/\\\/sc-weisse-dame.de\\\/v3\\\/2019\\\/09\\\/olno-2019-20-saisonauftakt-gegen-empor-berlin\\\/\",\"name\":\"OLNO 2019\\\/20 - R1: Fehlstart mit 3:5-Heimniederlage gegen Empor Berlin - SC Weisse Dame e. V.\",\"isPartOf\":{\"@id\":\"http:\\\/\\\/sc-weisse-dame.de\\\/v3\\\/#website\"},\"primaryImageOfPage\":{\"@id\":\"http:\\\/\\\/sc-weisse-dame.de\\\/v3\\\/2019\\\/09\\\/olno-2019-20-saisonauftakt-gegen-empor-berlin\\\/#primaryimage\"},\"image\":{\"@id\":\"http:\\\/\\\/sc-weisse-dame.de\\\/v3\\\/2019\\\/09\\\/olno-2019-20-saisonauftakt-gegen-empor-berlin\\\/#primaryimage\"},\"thumbnailUrl\":\"http:\\\/\\\/sc-weisse-dame.de\\\/v3\\\/wp-content\\\/uploads\\\/2019\\\/09\\\/2019-20-OLNO-R1.jpg\",\"datePublished\":\"2019-09-26T21:30:51+00:00\",\"dateModified\":\"2020-01-16T01:29:24+00:00\",\"author\":{\"@id\":\"http:\\\/\\\/sc-weisse-dame.de\\\/v3\\\/#\\\/schema\\\/person\\\/c262da3a19176713e7a6632f64caa946\"},\"breadcrumb\":{\"@id\":\"http:\\\/\\\/sc-weisse-dame.de\\\/v3\\\/2019\\\/09\\\/olno-2019-20-saisonauftakt-gegen-empor-berlin\\\/#breadcrumb\"},\"inLanguage\":\"de\",\"potentialAction\":[{\"@type\":\"ReadAction\",\"target\":[\"http:\\\/\\\/sc-weisse-dame.de\\\/v3\\\/2019\\\/09\\\/olno-2019-20-saisonauftakt-gegen-empor-berlin\\\/\"]}]},{\"@type\":\"ImageObject\",\"inLanguage\":\"de\",\"@id\":\"http:\\\/\\\/sc-weisse-dame.de\\\/v3\\\/2019\\\/09\\\/olno-2019-20-saisonauftakt-gegen-empor-berlin\\\/#primaryimage\",\"url\":\"http:\\\/\\\/sc-weisse-dame.de\\\/v3\\\/wp-content\\\/uploads\\\/2019\\\/09\\\/2019-20-OLNO-R1.jpg\",\"contentUrl\":\"http:\\\/\\\/sc-weisse-dame.de\\\/v3\\\/wp-content\\\/uploads\\\/2019\\\/09\\\/2019-20-OLNO-R1.jpg\",\"width\":1374,\"height\":426},{\"@type\":\"BreadcrumbList\",\"@id\":\"http:\\\/\\\/sc-weisse-dame.de\\\/v3\\\/2019\\\/09\\\/olno-2019-20-saisonauftakt-gegen-empor-berlin\\\/#breadcrumb\",\"itemListElement\":[{\"@type\":\"ListItem\",\"position\":1,\"name\":\"Startseite\",\"item\":\"http:\\\/\\\/sc-weisse-dame.de\\\/v3\\\/\"},{\"@type\":\"ListItem\",\"position\":2,\"name\":\"OLNO 2019\\\/20 &#8211; R1: Fehlstart mit 3:5-Heimniederlage gegen Empor Berlin\"}]},{\"@type\":\"WebSite\",\"@id\":\"http:\\\/\\\/sc-weisse-dame.de\\\/v3\\\/#website\",\"url\":\"http:\\\/\\\/sc-weisse-dame.de\\\/v3\\\/\",\"name\":\"SC Weisse Dame e. V.\",\"description\":\"Herzlich Willkommen!\",\"potentialAction\":[{\"@type\":\"SearchAction\",\"target\":{\"@type\":\"EntryPoint\",\"urlTemplate\":\"http:\\\/\\\/sc-weisse-dame.de\\\/v3\\\/?s={search_term_string}\"},\"query-input\":{\"@type\":\"PropertyValueSpecification\",\"valueRequired\":true,\"valueName\":\"search_term_string\"}}],\"inLanguage\":\"de\"},{\"@type\":\"Person\",\"@id\":\"http:\\\/\\\/sc-weisse-dame.de\\\/v3\\\/#\\\/schema\\\/person\\\/c262da3a19176713e7a6632f64caa946\",\"name\":\"Christian Greiser\",\"url\":\"http:\\\/\\\/sc-weisse-dame.de\\\/v3\\\/author\\\/christian_greiser\\\/\"}]}<\/script>\n<!-- \/ Yoast SEO plugin. -->","yoast_head_json":{"title":"OLNO 2019\/20 - R1: Fehlstart mit 3:5-Heimniederlage gegen Empor Berlin - SC Weisse Dame e. V.","robots":{"index":"index","follow":"follow","max-snippet":"max-snippet:-1","max-image-preview":"max-image-preview:large","max-video-preview":"max-video-preview:-1"},"canonical":"http:\/\/sc-weisse-dame.de\/v3\/2019\/09\/olno-2019-20-saisonauftakt-gegen-empor-berlin\/","og_locale":"de_DE","og_type":"article","og_title":"OLNO 2019\/20 - R1: Fehlstart mit 3:5-Heimniederlage gegen Empor Berlin - SC Weisse Dame e. V.","og_description":"Nach zuletzt zwei WeDa-Siegen in der OLNO gegen Empor Berlin setzten sich diesmal die G\u00e4ste recht sicher durch, obwohl Hendrik M\u00f6ller am 1. Brett mit dem bundesligaerfahrenen IM Karsten Volke &hellip; OLNO 2019\/20 &#8211; R1: Fehlstart mit 3:5-Heimniederlage gegen Empor Berlin weiterlesen &rarr;","og_url":"http:\/\/sc-weisse-dame.de\/v3\/2019\/09\/olno-2019-20-saisonauftakt-gegen-empor-berlin\/","og_site_name":"SC Weisse Dame e. V.","article_published_time":"2019-09-26T21:30:51+00:00","article_modified_time":"2020-01-16T01:29:24+00:00","og_image":[{"url":"http:\/\/sc-weisse-dame.de\/v3\/wp-content\/uploads\/2019\/09\/2019-20-OLNO-R1.jpg","type":"","width":"","height":""}],"author":"Christian Greiser, Heinz Uhl","twitter_card":"summary_large_image","twitter_misc":{"Verfasst von":"Christian Greiser","Gesch\u00e4tzte Lesezeit":"1\u00a0Minute","Written by":"Christian Greiser, Heinz Uhl"},"schema":{"@context":"https:\/\/schema.org","@graph":[{"@type":"Article","@id":"http:\/\/sc-weisse-dame.de\/v3\/2019\/09\/olno-2019-20-saisonauftakt-gegen-empor-berlin\/#article","isPartOf":{"@id":"http:\/\/sc-weisse-dame.de\/v3\/2019\/09\/olno-2019-20-saisonauftakt-gegen-empor-berlin\/"},"author":{"name":"Christian Greiser","@id":"http:\/\/sc-weisse-dame.de\/v3\/#\/schema\/person\/c262da3a19176713e7a6632f64caa946"},"headline":"OLNO 2019\/20 &#8211; R1: Fehlstart mit 3:5-Heimniederlage gegen Empor Berlin","datePublished":"2019-09-26T21:30:51+00:00","dateModified":"2020-01-16T01:29:24+00:00","mainEntityOfPage":{"@id":"http:\/\/sc-weisse-dame.de\/v3\/2019\/09\/olno-2019-20-saisonauftakt-gegen-empor-berlin\/"},"wordCount":227,"commentCount":1,"image":{"@id":"http:\/\/sc-weisse-dame.de\/v3\/2019\/09\/olno-2019-20-saisonauftakt-gegen-empor-berlin\/#primaryimage"},"thumbnailUrl":"http:\/\/sc-weisse-dame.de\/v3\/wp-content\/uploads\/2019\/09\/2019-20-OLNO-R1.jpg","articleSection":["OLNO"],"inLanguage":"de","potentialAction":[{"@type":"CommentAction","name":"Comment","target":["http:\/\/sc-weisse-dame.de\/v3\/2019\/09\/olno-2019-20-saisonauftakt-gegen-empor-berlin\/#respond"]}]},{"@type":"WebPage","@id":"http:\/\/sc-weisse-dame.de\/v3\/2019\/09\/olno-2019-20-saisonauftakt-gegen-empor-berlin\/","url":"http:\/\/sc-weisse-dame.de\/v3\/2019\/09\/olno-2019-20-saisonauftakt-gegen-empor-berlin\/","name":"OLNO 2019\/20 - R1: Fehlstart mit 3:5-Heimniederlage gegen Empor Berlin - SC Weisse Dame e. V.","isPartOf":{"@id":"http:\/\/sc-weisse-dame.de\/v3\/#website"},"primaryImageOfPage":{"@id":"http:\/\/sc-weisse-dame.de\/v3\/2019\/09\/olno-2019-20-saisonauftakt-gegen-empor-berlin\/#primaryimage"},"image":{"@id":"http:\/\/sc-weisse-dame.de\/v3\/2019\/09\/olno-2019-20-saisonauftakt-gegen-empor-berlin\/#primaryimage"},"thumbnailUrl":"http:\/\/sc-weisse-dame.de\/v3\/wp-content\/uploads\/2019\/09\/2019-20-OLNO-R1.jpg","datePublished":"2019-09-26T21:30:51+00:00","dateModified":"2020-01-16T01:29:24+00:00","author":{"@id":"http:\/\/sc-weisse-dame.de\/v3\/#\/schema\/person\/c262da3a19176713e7a6632f64caa946"},"breadcrumb":{"@id":"http:\/\/sc-weisse-dame.de\/v3\/2019\/09\/olno-2019-20-saisonauftakt-gegen-empor-berlin\/#breadcrumb"},"inLanguage":"de","potentialAction":[{"@type":"ReadAction","target":["http:\/\/sc-weisse-dame.de\/v3\/2019\/09\/olno-2019-20-saisonauftakt-gegen-empor-berlin\/"]}]},{"@type":"ImageObject","inLanguage":"de","@id":"http:\/\/sc-weisse-dame.de\/v3\/2019\/09\/olno-2019-20-saisonauftakt-gegen-empor-berlin\/#primaryimage","url":"http:\/\/sc-weisse-dame.de\/v3\/wp-content\/uploads\/2019\/09\/2019-20-OLNO-R1.jpg","contentUrl":"http:\/\/sc-weisse-dame.de\/v3\/wp-content\/uploads\/2019\/09\/2019-20-OLNO-R1.jpg","width":1374,"height":426},{"@type":"BreadcrumbList","@id":"http:\/\/sc-weisse-dame.de\/v3\/2019\/09\/olno-2019-20-saisonauftakt-gegen-empor-berlin\/#breadcrumb","itemListElement":[{"@type":"ListItem","position":1,"name":"Startseite","item":"http:\/\/sc-weisse-dame.de\/v3\/"},{"@type":"ListItem","position":2,"name":"OLNO 2019\/20 &#8211; R1: Fehlstart mit 3:5-Heimniederlage gegen Empor Berlin"}]},{"@type":"WebSite","@id":"http:\/\/sc-weisse-dame.de\/v3\/#website","url":"http:\/\/sc-weisse-dame.de\/v3\/","name":"SC Weisse Dame e. V.","description":"Herzlich Willkommen!","potentialAction":[{"@type":"SearchAction","target":{"@type":"EntryPoint","urlTemplate":"http:\/\/sc-weisse-dame.de\/v3\/?s={search_term_string}"},"query-input":{"@type":"PropertyValueSpecification","valueRequired":true,"valueName":"search_term_string"}}],"inLanguage":"de"},{"@type":"Person","@id":"http:\/\/sc-weisse-dame.de\/v3\/#\/schema\/person\/c262da3a19176713e7a6632f64caa946","name":"Christian Greiser","url":"http:\/\/sc-weisse-dame.de\/v3\/author\/christian_greiser\/"}]}},"_links":{"self":[{"href":"http:\/\/sc-weisse-dame.de\/v3\/wp-json\/wp\/v2\/posts\/12745","targetHints":{"allow":["GET"]}}],"collection":[{"href":"http:\/\/sc-weisse-dame.de\/v3\/wp-json\/wp\/v2\/posts"}],"about":[{"href":"http:\/\/sc-weisse-dame.de\/v3\/wp-json\/wp\/v2\/types\/post"}],"author":[{"embeddable":true,"href":"http:\/\/sc-weisse-dame.de\/v3\/wp-json\/wp\/v2\/users\/5"}],"replies":[{"embeddable":true,"href":"http:\/\/sc-weisse-dame.de\/v3\/wp-json\/wp\/v2\/comments?post=12745"}],"version-history":[{"count":11,"href":"http:\/\/sc-weisse-dame.de\/v3\/wp-json\/wp\/v2\/posts\/12745\/revisions"}],"predecessor-version":[{"id":14112,"href":"http:\/\/sc-weisse-dame.de\/v3\/wp-json\/wp\/v2\/posts\/12745\/revisions\/14112"}],"wp:attachment":[{"href":"http:\/\/sc-weisse-dame.de\/v3\/wp-json\/wp\/v2\/media?parent=12745"}],"wp:term":[{"taxonomy":"category","embeddable":true,"href":"http:\/\/sc-weisse-dame.de\/v3\/wp-json\/wp\/v2\/categories?post=12745"},{"taxonomy":"post_tag","embeddable":true,"href":"http:\/\/sc-weisse-dame.de\/v3\/wp-json\/wp\/v2\/tags?post=12745"},{"taxonomy":"author","embeddable":true,"href":"http:\/\/sc-weisse-dame.de\/v3\/wp-json\/wp\/v2\/coauthors?post=12745"}],"curies":[{"name":"wp","href":"https:\/\/api.w.org\/{rel}","templated":true}]}}