{"id":10906,"date":"2019-01-11T19:30:20","date_gmt":"2019-01-11T18:30:20","guid":{"rendered":"http:\/\/sc-weisse-dame.de\/v3\/?p=10906"},"modified":"2019-01-31T03:01:25","modified_gmt":"2019-01-31T02:01:25","slug":"gardez-1-2018-ist-online","status":"publish","type":"post","link":"http:\/\/sc-weisse-dame.de\/v3\/2019\/01\/gardez-1-2018-ist-online\/","title":{"rendered":"GARDEZ 1\/2018 ist online"},"content":{"rendered":"<p style=\"text-align: justify;\">Die bereits zur Weihnachtsfeier am 14. Dezember erschienene erste (und einzige) Ausgabe unserer <strong>Clubzeitschrift GARDEZ<\/strong> im Jahr 2018 steht nun auch <a href=\"http:\/\/sc-weisse-dame.de\/v3\/unser-verein\/vereinszeitung-gardez\/\"><strong>unter dem Men\u00fcpunkt Unser Verein<\/strong><\/a> zum Download als PDF-Datei zur Verf\u00fcgung (Dateigr\u00f6\u00dfe ca. 10 MB).<\/p>\n<p style=\"text-align: justify;\">Auf Seite 13 f. dieser Ausgabe findet sich ein Bericht \u00fcber die zentrale Endrunde der <strong>Jugendbundesliga Nord, Staffel Ost 2017\/18,<\/strong> der detailliert auf den 4,0:2,0-Sieg unserer Jugendlichen in <a href=\"http:\/\/sc-weisse-dame.de\/v3\/2018\/04\/jbl-2017-18-zentrale-endrunde-in-berlin\/#Runde-8\"><strong>Runde 8 gegen den Reideburger SV<\/strong><\/a> eingeht und bereits am 30. April 2018 in einem betreffenden Beitrag auf dieser Webseite ver\u00f6ffentlicht wurde. In Erg\u00e4nzung zu diesem Bericht hat dankenswerterweise <strong>Heinz Uhl<\/strong> in dem Beitrag nun auch noch einen Bericht zum 3,0:3,0-Unentschieden in der abschlie\u00dfenden <strong><a href=\"http:\/\/sc-weisse-dame.de\/v3\/2018\/04\/jbl-2017-18-zentrale-endrunde-in-berlin\/#Runde-9\">Runde 9 gegen den SV K\u00f6nigsj\u00e4ger S\u00fcd-West<\/a><\/strong> nachgereicht, durch das erstmals der Klassenerhalt der Weissen Dame in der Jugendbundesliga sichergestellt werden konnte.<\/p>\n<p><img loading=\"lazy\" decoding=\"async\" class=\"alignnone size-full wp-image-10864\" src=\"http:\/\/sc-weisse-dame.de\/v3\/wp-content\/uploads\/2019\/01\/Gardez-1_18-Titelblatt.jpg\" alt=\"\" width=\"1240\" height=\"1754\" srcset=\"http:\/\/sc-weisse-dame.de\/v3\/wp-content\/uploads\/2019\/01\/Gardez-1_18-Titelblatt.jpg 1240w, http:\/\/sc-weisse-dame.de\/v3\/wp-content\/uploads\/2019\/01\/Gardez-1_18-Titelblatt-600x849.jpg 600w\" sizes=\"auto, (max-width: 1240px) 100vw, 1240px\" \/><\/p>\n<p>&nbsp;<\/p>\n","protected":false},"excerpt":{"rendered":"<p>Die bereits zur Weihnachtsfeier am 14. Dezember erschienene erste (und einzige) Ausgabe unserer Clubzeitschrift GARDEZ im Jahr 2018 steht nun auch unter dem Men\u00fcpunkt Unser Verein zum Download als PDF-Datei &hellip; <a href=\"http:\/\/sc-weisse-dame.de\/v3\/2019\/01\/gardez-1-2018-ist-online\/\" class=\"more-link\"><span class=\"screen-reader-text\">GARDEZ 1\/2018 ist online<\/span> weiterlesen <span class=\"meta-nav\">&rarr;<\/span><\/a><\/p>\n","protected":false},"author":3,"featured_media":0,"comment_status":"open","ping_status":"closed","sticky":false,"template":"","format":"standard","meta":{"_price":"","_stock":"","_tribe_ticket_header":"","_tribe_default_ticket_provider":"","_tribe_ticket_capacity":"0","_ticket_start_date":"","_ticket_end_date":"","_tribe_ticket_show_description":"","_tribe_ticket_show_not_going":false,"_tribe_ticket_use_global_stock":"","_tribe_ticket_global_stock_level":"","_global_stock_mode":"","_global_stock_cap":"","_tribe_rsvp_for_event":"","_tribe_ticket_going_count":"","_tribe_ticket_not_going_count":"","_tribe_tickets_list":"[]","_tribe_ticket_has_attendee_info_fields":false,"footnotes":""},"categories":[35,20],"tags":[],"coauthors":[49],"class_list":["post-10906","post","type-post","status-publish","format-standard","hentry","category-gardez","category-jugend"],"yoast_head":"<!-- This site is optimized with the Yoast SEO plugin v27.4 - https:\/\/yoast.com\/product\/yoast-seo-wordpress\/ -->\n<title>GARDEZ 1\/2018 ist online - SC Weisse Dame e. V.<\/title>\n<meta name=\"robots\" content=\"index, follow, max-snippet:-1, max-image-preview:large, max-video-preview:-1\" \/>\n<link rel=\"canonical\" href=\"http:\/\/sc-weisse-dame.de\/v3\/2019\/01\/gardez-1-2018-ist-online\/\" \/>\n<meta property=\"og:locale\" content=\"de_DE\" \/>\n<meta property=\"og:type\" content=\"article\" \/>\n<meta property=\"og:title\" content=\"GARDEZ 1\/2018 ist online - SC Weisse Dame e. V.\" \/>\n<meta property=\"og:description\" content=\"Die bereits zur Weihnachtsfeier am 14. Dezember erschienene erste (und einzige) Ausgabe unserer Clubzeitschrift GARDEZ im Jahr 2018 steht nun auch unter dem Men\u00fcpunkt Unser Verein zum Download als PDF-Datei &hellip; GARDEZ 1\/2018 ist online weiterlesen &rarr;\" \/>\n<meta property=\"og:url\" content=\"http:\/\/sc-weisse-dame.de\/v3\/2019\/01\/gardez-1-2018-ist-online\/\" \/>\n<meta property=\"og:site_name\" content=\"SC Weisse Dame e. V.\" \/>\n<meta property=\"article:published_time\" content=\"2019-01-11T18:30:20+00:00\" \/>\n<meta property=\"article:modified_time\" content=\"2019-01-31T02:01:25+00:00\" \/>\n<meta property=\"og:image\" content=\"http:\/\/sc-weisse-dame.de\/v3\/wp-content\/uploads\/2019\/01\/Gardez-1_18-Titelblatt.jpg\" \/>\n<meta name=\"author\" content=\"Thorsten Gro\u00df\" \/>\n<meta name=\"twitter:card\" content=\"summary_large_image\" \/>\n<meta name=\"twitter:label1\" content=\"Verfasst von\" \/>\n\t<meta name=\"twitter:data1\" content=\"Thorsten Gro\u00df\" \/>\n\t<meta name=\"twitter:label2\" content=\"Gesch\u00e4tzte Lesezeit\" \/>\n\t<meta name=\"twitter:data2\" content=\"1\u00a0Minute\" \/>\n\t<meta name=\"twitter:label3\" content=\"Written by\" \/>\n\t<meta name=\"twitter:data3\" content=\"Thorsten Gro\u00df\" \/>\n<script type=\"application\/ld+json\" class=\"yoast-schema-graph\">{\"@context\":\"https:\\\/\\\/schema.org\",\"@graph\":[{\"@type\":\"Article\",\"@id\":\"http:\\\/\\\/sc-weisse-dame.de\\\/v3\\\/2019\\\/01\\\/gardez-1-2018-ist-online\\\/#article\",\"isPartOf\":{\"@id\":\"http:\\\/\\\/sc-weisse-dame.de\\\/v3\\\/2019\\\/01\\\/gardez-1-2018-ist-online\\\/\"},\"author\":{\"name\":\"Thorsten Gro\u00df\",\"@id\":\"http:\\\/\\\/sc-weisse-dame.de\\\/v3\\\/#\\\/schema\\\/person\\\/ce9002278de6d6d5f4fa69aa251fa211\"},\"headline\":\"GARDEZ 1\\\/2018 ist online\",\"datePublished\":\"2019-01-11T18:30:20+00:00\",\"dateModified\":\"2019-01-31T02:01:25+00:00\",\"mainEntityOfPage\":{\"@id\":\"http:\\\/\\\/sc-weisse-dame.de\\\/v3\\\/2019\\\/01\\\/gardez-1-2018-ist-online\\\/\"},\"wordCount\":134,\"commentCount\":0,\"image\":{\"@id\":\"http:\\\/\\\/sc-weisse-dame.de\\\/v3\\\/2019\\\/01\\\/gardez-1-2018-ist-online\\\/#primaryimage\"},\"thumbnailUrl\":\"http:\\\/\\\/sc-weisse-dame.de\\\/v3\\\/wp-content\\\/uploads\\\/2019\\\/01\\\/Gardez-1_18-Titelblatt.jpg\",\"articleSection\":[\"GARDEZ\",\"Jugend\"],\"inLanguage\":\"de\",\"potentialAction\":[{\"@type\":\"CommentAction\",\"name\":\"Comment\",\"target\":[\"http:\\\/\\\/sc-weisse-dame.de\\\/v3\\\/2019\\\/01\\\/gardez-1-2018-ist-online\\\/#respond\"]}]},{\"@type\":\"WebPage\",\"@id\":\"http:\\\/\\\/sc-weisse-dame.de\\\/v3\\\/2019\\\/01\\\/gardez-1-2018-ist-online\\\/\",\"url\":\"http:\\\/\\\/sc-weisse-dame.de\\\/v3\\\/2019\\\/01\\\/gardez-1-2018-ist-online\\\/\",\"name\":\"GARDEZ 1\\\/2018 ist online - SC Weisse Dame e. V.\",\"isPartOf\":{\"@id\":\"http:\\\/\\\/sc-weisse-dame.de\\\/v3\\\/#website\"},\"primaryImageOfPage\":{\"@id\":\"http:\\\/\\\/sc-weisse-dame.de\\\/v3\\\/2019\\\/01\\\/gardez-1-2018-ist-online\\\/#primaryimage\"},\"image\":{\"@id\":\"http:\\\/\\\/sc-weisse-dame.de\\\/v3\\\/2019\\\/01\\\/gardez-1-2018-ist-online\\\/#primaryimage\"},\"thumbnailUrl\":\"http:\\\/\\\/sc-weisse-dame.de\\\/v3\\\/wp-content\\\/uploads\\\/2019\\\/01\\\/Gardez-1_18-Titelblatt.jpg\",\"datePublished\":\"2019-01-11T18:30:20+00:00\",\"dateModified\":\"2019-01-31T02:01:25+00:00\",\"author\":{\"@id\":\"http:\\\/\\\/sc-weisse-dame.de\\\/v3\\\/#\\\/schema\\\/person\\\/ce9002278de6d6d5f4fa69aa251fa211\"},\"breadcrumb\":{\"@id\":\"http:\\\/\\\/sc-weisse-dame.de\\\/v3\\\/2019\\\/01\\\/gardez-1-2018-ist-online\\\/#breadcrumb\"},\"inLanguage\":\"de\",\"potentialAction\":[{\"@type\":\"ReadAction\",\"target\":[\"http:\\\/\\\/sc-weisse-dame.de\\\/v3\\\/2019\\\/01\\\/gardez-1-2018-ist-online\\\/\"]}]},{\"@type\":\"ImageObject\",\"inLanguage\":\"de\",\"@id\":\"http:\\\/\\\/sc-weisse-dame.de\\\/v3\\\/2019\\\/01\\\/gardez-1-2018-ist-online\\\/#primaryimage\",\"url\":\"http:\\\/\\\/sc-weisse-dame.de\\\/v3\\\/wp-content\\\/uploads\\\/2019\\\/01\\\/Gardez-1_18-Titelblatt.jpg\",\"contentUrl\":\"http:\\\/\\\/sc-weisse-dame.de\\\/v3\\\/wp-content\\\/uploads\\\/2019\\\/01\\\/Gardez-1_18-Titelblatt.jpg\",\"width\":1240,\"height\":1754},{\"@type\":\"BreadcrumbList\",\"@id\":\"http:\\\/\\\/sc-weisse-dame.de\\\/v3\\\/2019\\\/01\\\/gardez-1-2018-ist-online\\\/#breadcrumb\",\"itemListElement\":[{\"@type\":\"ListItem\",\"position\":1,\"name\":\"Startseite\",\"item\":\"http:\\\/\\\/sc-weisse-dame.de\\\/v3\\\/\"},{\"@type\":\"ListItem\",\"position\":2,\"name\":\"GARDEZ 1\\\/2018 ist online\"}]},{\"@type\":\"WebSite\",\"@id\":\"http:\\\/\\\/sc-weisse-dame.de\\\/v3\\\/#website\",\"url\":\"http:\\\/\\\/sc-weisse-dame.de\\\/v3\\\/\",\"name\":\"SC Weisse Dame e. V.\",\"description\":\"Herzlich Willkommen!\",\"potentialAction\":[{\"@type\":\"SearchAction\",\"target\":{\"@type\":\"EntryPoint\",\"urlTemplate\":\"http:\\\/\\\/sc-weisse-dame.de\\\/v3\\\/?s={search_term_string}\"},\"query-input\":{\"@type\":\"PropertyValueSpecification\",\"valueRequired\":true,\"valueName\":\"search_term_string\"}}],\"inLanguage\":\"de\"},{\"@type\":\"Person\",\"@id\":\"http:\\\/\\\/sc-weisse-dame.de\\\/v3\\\/#\\\/schema\\\/person\\\/ce9002278de6d6d5f4fa69aa251fa211\",\"name\":\"Thorsten Gro\u00df\",\"url\":\"http:\\\/\\\/sc-weisse-dame.de\\\/v3\\\/author\\\/thorsten_gross\\\/\"}]}<\/script>\n<!-- \/ Yoast SEO plugin. -->","yoast_head_json":{"title":"GARDEZ 1\/2018 ist online - SC Weisse Dame e. V.","robots":{"index":"index","follow":"follow","max-snippet":"max-snippet:-1","max-image-preview":"max-image-preview:large","max-video-preview":"max-video-preview:-1"},"canonical":"http:\/\/sc-weisse-dame.de\/v3\/2019\/01\/gardez-1-2018-ist-online\/","og_locale":"de_DE","og_type":"article","og_title":"GARDEZ 1\/2018 ist online - SC Weisse Dame e. V.","og_description":"Die bereits zur Weihnachtsfeier am 14. Dezember erschienene erste (und einzige) Ausgabe unserer Clubzeitschrift GARDEZ im Jahr 2018 steht nun auch unter dem Men\u00fcpunkt Unser Verein zum Download als PDF-Datei &hellip; GARDEZ 1\/2018 ist online weiterlesen &rarr;","og_url":"http:\/\/sc-weisse-dame.de\/v3\/2019\/01\/gardez-1-2018-ist-online\/","og_site_name":"SC Weisse Dame e. V.","article_published_time":"2019-01-11T18:30:20+00:00","article_modified_time":"2019-01-31T02:01:25+00:00","og_image":[{"url":"http:\/\/sc-weisse-dame.de\/v3\/wp-content\/uploads\/2019\/01\/Gardez-1_18-Titelblatt.jpg","type":"","width":"","height":""}],"author":"Thorsten Gro\u00df","twitter_card":"summary_large_image","twitter_misc":{"Verfasst von":"Thorsten Gro\u00df","Gesch\u00e4tzte Lesezeit":"1\u00a0Minute","Written by":"Thorsten Gro\u00df"},"schema":{"@context":"https:\/\/schema.org","@graph":[{"@type":"Article","@id":"http:\/\/sc-weisse-dame.de\/v3\/2019\/01\/gardez-1-2018-ist-online\/#article","isPartOf":{"@id":"http:\/\/sc-weisse-dame.de\/v3\/2019\/01\/gardez-1-2018-ist-online\/"},"author":{"name":"Thorsten Gro\u00df","@id":"http:\/\/sc-weisse-dame.de\/v3\/#\/schema\/person\/ce9002278de6d6d5f4fa69aa251fa211"},"headline":"GARDEZ 1\/2018 ist online","datePublished":"2019-01-11T18:30:20+00:00","dateModified":"2019-01-31T02:01:25+00:00","mainEntityOfPage":{"@id":"http:\/\/sc-weisse-dame.de\/v3\/2019\/01\/gardez-1-2018-ist-online\/"},"wordCount":134,"commentCount":0,"image":{"@id":"http:\/\/sc-weisse-dame.de\/v3\/2019\/01\/gardez-1-2018-ist-online\/#primaryimage"},"thumbnailUrl":"http:\/\/sc-weisse-dame.de\/v3\/wp-content\/uploads\/2019\/01\/Gardez-1_18-Titelblatt.jpg","articleSection":["GARDEZ","Jugend"],"inLanguage":"de","potentialAction":[{"@type":"CommentAction","name":"Comment","target":["http:\/\/sc-weisse-dame.de\/v3\/2019\/01\/gardez-1-2018-ist-online\/#respond"]}]},{"@type":"WebPage","@id":"http:\/\/sc-weisse-dame.de\/v3\/2019\/01\/gardez-1-2018-ist-online\/","url":"http:\/\/sc-weisse-dame.de\/v3\/2019\/01\/gardez-1-2018-ist-online\/","name":"GARDEZ 1\/2018 ist online - SC Weisse Dame e. V.","isPartOf":{"@id":"http:\/\/sc-weisse-dame.de\/v3\/#website"},"primaryImageOfPage":{"@id":"http:\/\/sc-weisse-dame.de\/v3\/2019\/01\/gardez-1-2018-ist-online\/#primaryimage"},"image":{"@id":"http:\/\/sc-weisse-dame.de\/v3\/2019\/01\/gardez-1-2018-ist-online\/#primaryimage"},"thumbnailUrl":"http:\/\/sc-weisse-dame.de\/v3\/wp-content\/uploads\/2019\/01\/Gardez-1_18-Titelblatt.jpg","datePublished":"2019-01-11T18:30:20+00:00","dateModified":"2019-01-31T02:01:25+00:00","author":{"@id":"http:\/\/sc-weisse-dame.de\/v3\/#\/schema\/person\/ce9002278de6d6d5f4fa69aa251fa211"},"breadcrumb":{"@id":"http:\/\/sc-weisse-dame.de\/v3\/2019\/01\/gardez-1-2018-ist-online\/#breadcrumb"},"inLanguage":"de","potentialAction":[{"@type":"ReadAction","target":["http:\/\/sc-weisse-dame.de\/v3\/2019\/01\/gardez-1-2018-ist-online\/"]}]},{"@type":"ImageObject","inLanguage":"de","@id":"http:\/\/sc-weisse-dame.de\/v3\/2019\/01\/gardez-1-2018-ist-online\/#primaryimage","url":"http:\/\/sc-weisse-dame.de\/v3\/wp-content\/uploads\/2019\/01\/Gardez-1_18-Titelblatt.jpg","contentUrl":"http:\/\/sc-weisse-dame.de\/v3\/wp-content\/uploads\/2019\/01\/Gardez-1_18-Titelblatt.jpg","width":1240,"height":1754},{"@type":"BreadcrumbList","@id":"http:\/\/sc-weisse-dame.de\/v3\/2019\/01\/gardez-1-2018-ist-online\/#breadcrumb","itemListElement":[{"@type":"ListItem","position":1,"name":"Startseite","item":"http:\/\/sc-weisse-dame.de\/v3\/"},{"@type":"ListItem","position":2,"name":"GARDEZ 1\/2018 ist online"}]},{"@type":"WebSite","@id":"http:\/\/sc-weisse-dame.de\/v3\/#website","url":"http:\/\/sc-weisse-dame.de\/v3\/","name":"SC Weisse Dame e. V.","description":"Herzlich Willkommen!","potentialAction":[{"@type":"SearchAction","target":{"@type":"EntryPoint","urlTemplate":"http:\/\/sc-weisse-dame.de\/v3\/?s={search_term_string}"},"query-input":{"@type":"PropertyValueSpecification","valueRequired":true,"valueName":"search_term_string"}}],"inLanguage":"de"},{"@type":"Person","@id":"http:\/\/sc-weisse-dame.de\/v3\/#\/schema\/person\/ce9002278de6d6d5f4fa69aa251fa211","name":"Thorsten Gro\u00df","url":"http:\/\/sc-weisse-dame.de\/v3\/author\/thorsten_gross\/"}]}},"_links":{"self":[{"href":"http:\/\/sc-weisse-dame.de\/v3\/wp-json\/wp\/v2\/posts\/10906","targetHints":{"allow":["GET"]}}],"collection":[{"href":"http:\/\/sc-weisse-dame.de\/v3\/wp-json\/wp\/v2\/posts"}],"about":[{"href":"http:\/\/sc-weisse-dame.de\/v3\/wp-json\/wp\/v2\/types\/post"}],"author":[{"embeddable":true,"href":"http:\/\/sc-weisse-dame.de\/v3\/wp-json\/wp\/v2\/users\/3"}],"replies":[{"embeddable":true,"href":"http:\/\/sc-weisse-dame.de\/v3\/wp-json\/wp\/v2\/comments?post=10906"}],"version-history":[{"count":3,"href":"http:\/\/sc-weisse-dame.de\/v3\/wp-json\/wp\/v2\/posts\/10906\/revisions"}],"predecessor-version":[{"id":11110,"href":"http:\/\/sc-weisse-dame.de\/v3\/wp-json\/wp\/v2\/posts\/10906\/revisions\/11110"}],"wp:attachment":[{"href":"http:\/\/sc-weisse-dame.de\/v3\/wp-json\/wp\/v2\/media?parent=10906"}],"wp:term":[{"taxonomy":"category","embeddable":true,"href":"http:\/\/sc-weisse-dame.de\/v3\/wp-json\/wp\/v2\/categories?post=10906"},{"taxonomy":"post_tag","embeddable":true,"href":"http:\/\/sc-weisse-dame.de\/v3\/wp-json\/wp\/v2\/tags?post=10906"},{"taxonomy":"author","embeddable":true,"href":"http:\/\/sc-weisse-dame.de\/v3\/wp-json\/wp\/v2\/coauthors?post=10906"}],"curies":[{"name":"wp","href":"https:\/\/api.w.org\/{rel}","templated":true}]}}